{"id":7620,"date":"2024-05-28T16:04:45","date_gmt":"2024-05-28T19:04:45","guid":{"rendered":"http:\/\/blogdoarmindomaia.com.br\/?p=7620"},"modified":"2024-05-28T16:04:47","modified_gmt":"2024-05-28T19:04:47","slug":"danni-suzuki-joao-akel-e-mayte-carvalho-estarao-no-reload-2024-em-araxa","status":"publish","type":"post","link":"http:\/\/blogdoarmindomaia.com.br\/?p=7620","title":{"rendered":"Danni Suzuki, Jo\u00e3o Akel e Mayt\u00ea Carvalho estar\u00e3o no Reload 2024 em Arax\u00e1"},"content":{"rendered":"\n<figure class=\"wp-block-image size-large is-style-default\"><img loading=\"lazy\" decoding=\"async\" width=\"1024\" height=\"684\" src=\"http:\/\/blogdoarmindomaia.com.br\/wp-content\/uploads\/2024\/05\/Danni-Suzuki-1024x684.jpg\" alt=\"\" class=\"wp-image-7621\" srcset=\"http:\/\/blogdoarmindomaia.com.br\/wp-content\/uploads\/2024\/05\/Danni-Suzuki-1024x684.jpg 1024w, http:\/\/blogdoarmindomaia.com.br\/wp-content\/uploads\/2024\/05\/Danni-Suzuki-300x200.jpg 300w, http:\/\/blogdoarmindomaia.com.br\/wp-content\/uploads\/2024\/05\/Danni-Suzuki-768x513.jpg 768w, http:\/\/blogdoarmindomaia.com.br\/wp-content\/uploads\/2024\/05\/Danni-Suzuki-1536x1025.jpg 1536w, http:\/\/blogdoarmindomaia.com.br\/wp-content\/uploads\/2024\/05\/Danni-Suzuki-2048x1367.jpg 2048w\" sizes=\"auto, (max-width: 1024px) 100vw, 1024px\" \/><\/figure>\n\n\n\n<p>Empreendedores de Arax\u00e1 e regi\u00e3o interessados em expandirem as vendas e a presen\u00e7a on-line dos neg\u00f3cios podem se inscrever no maior evento de marketing digital para pequenos neg\u00f3cios, o&nbsp;<a href=\"https:\/\/reload.sebrae.com.br\/evento\/uberlandia\/\" target=\"_blank\" rel=\"noreferrer noopener\">Reload<\/a>&nbsp;2024. A a\u00e7\u00e3o ser\u00e1 no dia 06 de junho, no Teatro CBMM \u2013 Campus Uniarax\u00e1 -, e vai reunir personalidades e especialistas refer\u00eancias em temas que direcionam as redes sociais nos dias atuais. Os ingressos devem ser adquiridos no&nbsp;<a href=\"https:\/\/reload.sebrae.com.br\/cidade\/araxa\/\" target=\"_blank\" rel=\"noreferrer noopener\">link<\/a> do evento.<\/p>\n\n\n\n<p>Um dos destaques da programa\u00e7\u00e3o \u00e9 a atriz, Danni Suzuki, com a palestra \u201cViralizando com prop\u00f3sito\u201d. Ela vai falar sobre os valores que os empreendedores desejam entregar aos seus clientes, al\u00e9m da import\u00e2ncia de pensar no outro, e n\u00e3o apenas em lucro, de forma consciente e sustent\u00e1vel. Suzuki est\u00e1 entre as influenciadoras digitais mais relevantes do pa\u00eds, com mais de seis milh\u00f5es de seguidores, al\u00e9m de ter uma carreira consolidada como produtora, diretora e roteirista.<\/p>\n\n\n\n<p>O Reload 2024 tamb\u00e9m vai contar com a participa\u00e7\u00e3o especial do influenciador digital de Arax\u00e1, Jo\u00e3o Akel. O humorista e apresentador ficou conhecido ap\u00f3s participar da primeira temporada do \u201cThe Circle Brasil\u201d, da Netflix, e acumula mais de dois milh\u00f5es de seguidores entre Instagram, TikTok e outras redes sociais.<\/p>\n\n\n\n<p>Outra atra\u00e7\u00e3o \u00e9 a publicit\u00e1ria Mayt\u00ea Carvalho, que vai abordar o conte\u00fado \u201cPersuas\u00e3o: nem Soft, nem Hard\u201d. Comunic\u00f3loga, empres\u00e1ria, escritora e professora, ela tamb\u00e9m \u00e9 autora do best-seller \u201cPersuas\u00e3o \u2013 Guia pr\u00e1tico\u201d, que fala sobre ret\u00f3rica e comunica\u00e7\u00e3o persuasiva. No programa \u201cO Aprendiz\u201d, Mayt\u00ea Carvalho foi vencedora da edi\u00e7\u00e3o especial e participante na edi\u00e7\u00e3o \u201cO Retorno\u201d. Ela foi eleita uma das seis grandes mulheres l\u00edderes de startups em 2017 pela GQ. \u00c9 formada em marketing pela ESPM e j\u00e1 trabalhou na O Botic\u00e1rio e na Unilever.<\/p>\n\n\n\n<p>Quem tamb\u00e9m j\u00e1 confirmou presen\u00e7a foi a jornalista e consultora de marketing digital, Katharina Lacerda, que falar\u00e1 sobre marketing digital aplicado as micro e pequenas empresas. A programa\u00e7\u00e3o ainda ter\u00e1 a participa\u00e7\u00e3o do produtor de conte\u00fado, Vinicius Gambeta, com a palestra \u201c3 coisas que aprendi sobre ter boas ideias\u201d; ele \u00e9 fundador da Ag\u00eancia de Bolso, um dos maiores canais de podcast sobre marketing e neg\u00f3cios da atualidade.<\/p>\n\n\n\n<p>\u201cO Reload traz as tend\u00eancias do universo digital, ajudando os empreendedores a conhecer novas t\u00e9cnicas para promover seus neg\u00f3cios, melhorar o relacionamento com clientes, aumentar as vendas pela internet e impulsionar o crescimento do neg\u00f3cio\u201d, afirma o analista do Sebrae Minas, Alessandro Henrique de Souza.<\/p>\n\n\n\n<p><strong>Pesquisa Neg\u00f3cios Digitais<\/strong><\/p>\n\n\n\n<p>Os donos de pequenos neg\u00f3cios consideram que cada vez mais \u00e9 fundamental investir em an\u00fancios on-line para ter maior engajamento dos projetos, e melhor faturamento. A primeira edi\u00e7\u00e3o da pesquisa Neg\u00f3cios Digitais, realizada pelo Sebrae Minas no ano passado, com 1.185 empres\u00e1rios mineiros, apontou que 56% deles aplicaram recursos financeiros nas plataformas digitais para divulgar e comercializar seus produtos e servi\u00e7os.<\/p>\n\n\n\n<p>A principal vantagem de investir em um neg\u00f3cio digital apontada por 66% dos entrevistados \u00e9 o alcance geogr\u00e1fico. A possibilidade de vender a qualquer momento foi lembrada por 44% dos empres\u00e1rios, enquanto 38% consideraram a autonomia do cliente como o principal benef\u00edcio do com\u00e9rcio eletr\u00f4nico. Para 37% dos empreendedores, a redu\u00e7\u00e3o de custos com aluguel, contrata\u00e7\u00e3o de vendedores e outras despesas \u00e9 a vantagem de ter uma loja on-line.<\/p>\n\n\n\n<p>A plataforma mais acessada pelos donos de pequenos neg\u00f3cios \u00e9 o WhatsApp Business, utilizada por 76% dos respondentes \u2013 o n\u00famero de microempreendedores presentes na ferramenta \u00e9 de cada oito a 10 empres\u00e1rios. Para 69%, o Instagram \u00e9 a plataforma mais adequada, enquanto o Facebook \u00e9 o principal meio de venda para 45% dos empres\u00e1rios. Para 29%, ter um pr\u00f3prio site da loja torna-se o diferencial do neg\u00f3cio e 18% colocam os produtos em plataformas de marketplace (Amazon, Shopee, Shein, entre outros).<\/p>\n","protected":false},"excerpt":{"rendered":"<p>Empreendedores de Arax\u00e1 e regi\u00e3o interessados em expandirem as vendas e a presen\u00e7a on-line dos neg\u00f3cios podem se inscrever no<\/p>\n","protected":false},"author":2,"featured_media":7621,"comment_status":"open","ping_status":"open","sticky":false,"template":"","format":"standard","meta":{"footnotes":""},"categories":[9,11],"tags":[],"class_list":["post-7620","post","type-post","status-publish","format-standard","has-post-thumbnail","hentry","category-araxa","category-destaques"],"_links":{"self":[{"href":"http:\/\/blogdoarmindomaia.com.br\/index.php?rest_route=\/wp\/v2\/posts\/7620","targetHints":{"allow":["GET"]}}],"collection":[{"href":"http:\/\/blogdoarmindomaia.com.br\/index.php?rest_route=\/wp\/v2\/posts"}],"about":[{"href":"http:\/\/blogdoarmindomaia.com.br\/index.php?rest_route=\/wp\/v2\/types\/post"}],"author":[{"embeddable":true,"href":"http:\/\/blogdoarmindomaia.com.br\/index.php?rest_route=\/wp\/v2\/users\/2"}],"replies":[{"embeddable":true,"href":"http:\/\/blogdoarmindomaia.com.br\/index.php?rest_route=%2Fwp%2Fv2%2Fcomments&post=7620"}],"version-history":[{"count":1,"href":"http:\/\/blogdoarmindomaia.com.br\/index.php?rest_route=\/wp\/v2\/posts\/7620\/revisions"}],"predecessor-version":[{"id":7622,"href":"http:\/\/blogdoarmindomaia.com.br\/index.php?rest_route=\/wp\/v2\/posts\/7620\/revisions\/7622"}],"wp:featuredmedia":[{"embeddable":true,"href":"http:\/\/blogdoarmindomaia.com.br\/index.php?rest_route=\/wp\/v2\/media\/7621"}],"wp:attachment":[{"href":"http:\/\/blogdoarmindomaia.com.br\/index.php?rest_route=%2Fwp%2Fv2%2Fmedia&parent=7620"}],"wp:term":[{"taxonomy":"category","embeddable":true,"href":"http:\/\/blogdoarmindomaia.com.br\/index.php?rest_route=%2Fwp%2Fv2%2Fcategories&post=7620"},{"taxonomy":"post_tag","embeddable":true,"href":"http:\/\/blogdoarmindomaia.com.br\/index.php?rest_route=%2Fwp%2Fv2%2Ftags&post=7620"}],"curies":[{"name":"wp","href":"https:\/\/api.w.org\/{rel}","templated":true}]}}