{"id":7623,"date":"2024-05-28T16:08:45","date_gmt":"2024-05-28T19:08:45","guid":{"rendered":"http:\/\/blogdoarmindomaia.com.br\/?p=7623"},"modified":"2024-05-28T16:08:47","modified_gmt":"2024-05-28T19:08:47","slug":"vem-ai-o-conexao-empresarial-anual-araxa-24","status":"publish","type":"post","link":"http:\/\/blogdoarmindomaia.com.br\/?p=7623","title":{"rendered":"Vem a\u00ed o \u201cConex\u00e3o Empresarial Anual Arax\u00e1 24\u201d"},"content":{"rendered":"\n<figure class=\"wp-block-image size-full is-style-default\"><img loading=\"lazy\" decoding=\"async\" width=\"730\" height=\"450\" src=\"http:\/\/blogdoarmindomaia.com.br\/wp-content\/uploads\/2024\/05\/Vem-ai-O-Conexao-Empresarial-Anual-Araxa-2024-pag-09.jpg\" alt=\"\" class=\"wp-image-7624\" srcset=\"http:\/\/blogdoarmindomaia.com.br\/wp-content\/uploads\/2024\/05\/Vem-ai-O-Conexao-Empresarial-Anual-Araxa-2024-pag-09.jpg 730w, http:\/\/blogdoarmindomaia.com.br\/wp-content\/uploads\/2024\/05\/Vem-ai-O-Conexao-Empresarial-Anual-Araxa-2024-pag-09-300x185.jpg 300w\" sizes=\"auto, (max-width: 730px) 100vw, 730px\" \/><\/figure>\n\n\n\n<p>E mais uma vez a cidade de Arax\u00e1 ser\u00e1 palco do Conex\u00e3o Empresarial Anual, edi\u00e7\u00e3o 2024. O prestigiado evento vai acontecer de 13 a 16 de junho, no Grande Hotel Termas de Arax\u00e1, com uma programa\u00e7\u00e3o intensa voltada para a pol\u00edtica e a economia brasileira, al\u00e9m de assuntos de interesse da sociedade. O evento, promovido pela VB Comunica\u00e7\u00e3o, tem nomes de destaque e est\u00e3o confirmadas as presen\u00e7as dos ministros de Minas e Energia, Alexandre Silveira; da Fazenda, Fernando Haddad; da Defesa, Jos\u00e9 M\u00facio Monteiro, al\u00e9m do presidente do Senado, senador Rodrigo Pacheco; os governadores de Minas, Romeu Zema, de Goi\u00e1s, Ronaldo Caiado; de S\u00e3o Paulo, Tarc\u00edsio de Freitas ; o procurador-geral de Justi\u00e7a de Minas, Jarbas Soares Jr; a presidente da Anglo American, Ana Sanches; o ex-ministro do Supremo Tribunal Federal, Carlos Veloso; o presidente do BMG, Eduardo Dominicale; o presidente da Fiemg, Fl\u00e1vio Roscoe; a presidente do Magalu, Luiza Trajano, o presidente do Conselho de Administra\u00e7\u00e3o da Rede Mater Dei, Henrique Salvador; o prefeito de Nova Lima, Jo\u00e3o Marcelo Dieguez Pereira; o cardiologista Marcos Andrade e o presidente da Codemge e Codemig, S\u00e9rgio Lopes Cabral. Informa\u00e7\u00f5es pelo telefone (31) 3343-7313 e vbcomunicacao@integralle.com.br\u00a0<\/p>\n","protected":false},"excerpt":{"rendered":"<p>E mais uma vez a cidade de Arax\u00e1 ser\u00e1 palco do Conex\u00e3o Empresarial Anual, edi\u00e7\u00e3o 2024. O prestigiado evento vai<\/p>\n","protected":false},"author":2,"featured_media":7624,"comment_status":"open","ping_status":"open","sticky":false,"template":"","format":"standard","meta":{"footnotes":""},"categories":[9,11],"tags":[],"class_list":["post-7623","post","type-post","status-publish","format-standard","has-post-thumbnail","hentry","category-araxa","category-destaques"],"_links":{"self":[{"href":"http:\/\/blogdoarmindomaia.com.br\/index.php?rest_route=\/wp\/v2\/posts\/7623","targetHints":{"allow":["GET"]}}],"collection":[{"href":"http:\/\/blogdoarmindomaia.com.br\/index.php?rest_route=\/wp\/v2\/posts"}],"about":[{"href":"http:\/\/blogdoarmindomaia.com.br\/index.php?rest_route=\/wp\/v2\/types\/post"}],"author":[{"embeddable":true,"href":"http:\/\/blogdoarmindomaia.com.br\/index.php?rest_route=\/wp\/v2\/users\/2"}],"replies":[{"embeddable":true,"href":"http:\/\/blogdoarmindomaia.com.br\/index.php?rest_route=%2Fwp%2Fv2%2Fcomments&post=7623"}],"version-history":[{"count":1,"href":"http:\/\/blogdoarmindomaia.com.br\/index.php?rest_route=\/wp\/v2\/posts\/7623\/revisions"}],"predecessor-version":[{"id":7625,"href":"http:\/\/blogdoarmindomaia.com.br\/index.php?rest_route=\/wp\/v2\/posts\/7623\/revisions\/7625"}],"wp:featuredmedia":[{"embeddable":true,"href":"http:\/\/blogdoarmindomaia.com.br\/index.php?rest_route=\/wp\/v2\/media\/7624"}],"wp:attachment":[{"href":"http:\/\/blogdoarmindomaia.com.br\/index.php?rest_route=%2Fwp%2Fv2%2Fmedia&parent=7623"}],"wp:term":[{"taxonomy":"category","embeddable":true,"href":"http:\/\/blogdoarmindomaia.com.br\/index.php?rest_route=%2Fwp%2Fv2%2Fcategories&post=7623"},{"taxonomy":"post_tag","embeddable":true,"href":"http:\/\/blogdoarmindomaia.com.br\/index.php?rest_route=%2Fwp%2Fv2%2Ftags&post=7623"}],"curies":[{"name":"wp","href":"https:\/\/api.w.org\/{rel}","templated":true}]}}