{"id":7626,"date":"2024-05-29T14:23:06","date_gmt":"2024-05-29T17:23:06","guid":{"rendered":"http:\/\/blogdoarmindomaia.com.br\/?p=7626"},"modified":"2024-05-29T14:23:08","modified_gmt":"2024-05-29T17:23:08","slug":"ganso-esta-confirmado-na-segundona-de-2024","status":"publish","type":"post","link":"http:\/\/blogdoarmindomaia.com.br\/?p=7626","title":{"rendered":"Ganso est\u00e1 confirmado na Segundona de 2024"},"content":{"rendered":"\n<figure class=\"wp-block-image size-full is-style-default\"><img loading=\"lazy\" decoding=\"async\" width=\"259\" height=\"194\" src=\"http:\/\/blogdoarmindomaia.com.br\/wp-content\/uploads\/2024\/05\/Ganso-esta-confirmado-na-Segundona-de-2024-pag-13.jpg\" alt=\"\" class=\"wp-image-7627\"\/><\/figure>\n\n\n\n<p>O arbitral do Campeonato Mineiro da Segunda Divis\u00e3o foi realizado na \u00faltima ter\u00e7a-feira (28), de modo virtual, com os representantes dos 18 clubes participantes e a diretoria de competi\u00e7\u00f5es da FMF.<br><br>Em reuni\u00e3o ficou definido que as equipes ser\u00e3o representadas por atletas sub-23, com in\u00edcio da competi\u00e7\u00e3o marcado para o dia 31 de agosto e a final no dia 30 de novembro.&nbsp;<br><br><\/p>\n\n\n\n<p><strong>F\u00f3rmula de disputa<\/strong><\/p>\n\n\n\n<p>Ser\u00e3o tr\u00eas chaves com seis equipes em cada uma, com turno e returno dentro da chave. Classificam-se os dois primeiros de cada chave (total de seis times) e mais dois times que ficarem entre os&nbsp;terceiros colocados com melhor \u00edndice t\u00e9cnico.(ser\u00e3o o 7\u00ba e 8\u00ba). As equipes fazem a semifinal e final em jogos de ida e volta.<\/p>\n\n\n\n<p><br><strong>Chaves da Segunda Divis\u00e3o 2024<\/strong><\/p>\n\n\n\n<p>A &#8211; Am\u00e9rica-TO; Coimbra; Boston; Contagem; Social e Novo Esporte.<\/p>\n\n\n\n<p>B &#8211; Guarani; Atl\u00e9tico-TC; Inter de Minas; EC Villa Real; Po\u00e7os de Caldas e Tupynamb\u00e1s FC.<\/p>\n\n\n\n<p>C &#8211; Araguari; Arax\u00e1; Paracatu; ESSUBE, Uberaba e Nacional.<\/p>\n\n\n\n<p><strong>Datas do torneio<\/strong><\/p>\n\n\n\n<p>In\u00edcio: 31 agosto a 19 outubro primeira fase.<\/p>\n\n\n\n<p>Quartas: 26 out e 02 novembro.<\/p>\n\n\n\n<p>Semi: 09 e 16 de novembro&nbsp; &nbsp;<br>Finais: 23 e 30 novembro.<\/p>\n","protected":false},"excerpt":{"rendered":"<p>O arbitral do Campeonato Mineiro da Segunda Divis\u00e3o foi realizado na \u00faltima ter\u00e7a-feira (28), de modo virtual, com os representantes<\/p>\n","protected":false},"author":2,"featured_media":7627,"comment_status":"open","ping_status":"open","sticky":false,"template":"","format":"standard","meta":{"footnotes":""},"categories":[9,11],"tags":[],"class_list":["post-7626","post","type-post","status-publish","format-standard","has-post-thumbnail","hentry","category-araxa","category-destaques"],"_links":{"self":[{"href":"http:\/\/blogdoarmindomaia.com.br\/index.php?rest_route=\/wp\/v2\/posts\/7626","targetHints":{"allow":["GET"]}}],"collection":[{"href":"http:\/\/blogdoarmindomaia.com.br\/index.php?rest_route=\/wp\/v2\/posts"}],"about":[{"href":"http:\/\/blogdoarmindomaia.com.br\/index.php?rest_route=\/wp\/v2\/types\/post"}],"author":[{"embeddable":true,"href":"http:\/\/blogdoarmindomaia.com.br\/index.php?rest_route=\/wp\/v2\/users\/2"}],"replies":[{"embeddable":true,"href":"http:\/\/blogdoarmindomaia.com.br\/index.php?rest_route=%2Fwp%2Fv2%2Fcomments&post=7626"}],"version-history":[{"count":1,"href":"http:\/\/blogdoarmindomaia.com.br\/index.php?rest_route=\/wp\/v2\/posts\/7626\/revisions"}],"predecessor-version":[{"id":7628,"href":"http:\/\/blogdoarmindomaia.com.br\/index.php?rest_route=\/wp\/v2\/posts\/7626\/revisions\/7628"}],"wp:featuredmedia":[{"embeddable":true,"href":"http:\/\/blogdoarmindomaia.com.br\/index.php?rest_route=\/wp\/v2\/media\/7627"}],"wp:attachment":[{"href":"http:\/\/blogdoarmindomaia.com.br\/index.php?rest_route=%2Fwp%2Fv2%2Fmedia&parent=7626"}],"wp:term":[{"taxonomy":"category","embeddable":true,"href":"http:\/\/blogdoarmindomaia.com.br\/index.php?rest_route=%2Fwp%2Fv2%2Fcategories&post=7626"},{"taxonomy":"post_tag","embeddable":true,"href":"http:\/\/blogdoarmindomaia.com.br\/index.php?rest_route=%2Fwp%2Fv2%2Ftags&post=7626"}],"curies":[{"name":"wp","href":"https:\/\/api.w.org\/{rel}","templated":true}]}}