{"id":7638,"date":"2024-06-04T17:13:31","date_gmt":"2024-06-04T20:13:31","guid":{"rendered":"http:\/\/blogdoarmindomaia.com.br\/?p=7638"},"modified":"2024-06-04T17:13:35","modified_gmt":"2024-06-04T20:13:35","slug":"festival-florir-o-cerrado-traz-flavio-venturini-para-celebrar-o-meio-ambiente-em-araxa","status":"publish","type":"post","link":"http:\/\/blogdoarmindomaia.com.br\/?p=7638","title":{"rendered":"Festival Florir o Cerrado traz Fl\u00e1vio Venturini para celebrar o Meio Ambiente em Arax\u00e1"},"content":{"rendered":"\n\n\n<p><em>Evento acontece no dia 8 de junho e tem programa\u00e7\u00e3o diversa e gratuita, que inclui m\u00fasica, teatro, circo e oficinas<\/em><\/p>\n\n\n\n<p>Um dia inteiro dedicado \u00e0s atividades l\u00fadicas, educativas e culturais para todos os&nbsp;&nbsp; p\u00fablicos. O Parque do Cristo, cart\u00e3o postal da cidade de Arax\u00e1, vai reunir crian\u00e7as, jovens e adultos para celebrar o Dia Mundial do Meio Ambiente. O <strong>Festival Florir o Cerrado, em sua segunda edi\u00e7\u00e3o, que acontece no dia 8 de junho<\/strong>, <strong>ter\u00e1 dura\u00e7\u00e3o de dez horas de festa aberta ao p\u00fablico<\/strong> com apresenta\u00e7\u00f5es de teatro e circo, shows musicais e oficinas. Um projeto patrocinado pela CBMM para despertar a conscientiza\u00e7\u00e3o ambiental. Entre as atra\u00e7\u00f5es <strong>est\u00e3o o show do cantor Fl\u00e1vio Venturini, <\/strong>apresenta\u00e7\u00f5es do Grupo Giramundo e do bloco Juventude Bronzeada. Na programa\u00e7\u00e3o tamb\u00e9m est\u00e3o oficinas educativas e debates sobre sustentabilidade e conta com a presen\u00e7a da turma \u201cKika no Cerrado\u201d.<\/p>\n\n\n\n<p>\u201cPreparamos uma programa\u00e7\u00e3o diversificada, com atra\u00e7\u00f5es para todos os p\u00fablicos e idades. A ideia \u00e9 proporcionar \u00e0s crian\u00e7as,&nbsp; jovens, adultos e idosos de Arax\u00e1 e regi\u00e3o uma experi\u00eancia cultural, mas que cumpre um papel muito importante: conscientizar sobre a import\u00e2ncia do meio ambiente. N\u00f3s acreditamos na sensibiliza\u00e7\u00e3o das pessoas por meio da arte e cultura. E por isso nasceu o Florir o Cerrado\u201d, explica Rafael Ara\u00fajo, CEO da \u00c1rvore, empresa respons\u00e1vel pelo evento.<\/p>\n\n\n\n<p>A segunda edi\u00e7\u00e3o do Florir o Cerrado tem in\u00edcio \u00e0s 9h com a apresenta\u00e7\u00e3o da <strong>Orquestra de Violeiros<\/strong>, grupo formado por 15 amigos para tocar viola caipira e cantar m\u00fasica sertaneja de raiz. Em seguida, o <strong>Grupo Giramundo apresenta o espet\u00e1culo <\/strong><strong>\u201cPedro e o Lobo\u201d, <\/strong>trabalho de maior sucesso do grupo, adapta\u00e7\u00e3o da obra cl\u00e1ssica de Sergei Prokofiev para o teatro de bonecos marionetes a fio que narra as aventuras de Pedro, um menino corajoso que enfrenta um lobo feroz com a ajuda de seus amigos animais (10h). O grupo <strong>Circolando<\/strong> tamb\u00e9m marca presen\u00e7a na programa\u00e7\u00e3o com o espet\u00e1culo &#8220;me deixe ir, preciso andar&#8221;, que apresenta n\u00fameros e t\u00e9cnicas circenses como malabares (claves, chap\u00e9u, aros), equil\u00edbrio (monociclo), ilusionismo e comicidade (11h).<\/p>\n\n\n\n<p>Nesta edi\u00e7\u00e3o, estar\u00e1 de volta ao palco o grupo araxaense <strong>Dennis Samba<\/strong>, conhecido na cidade por tocar v\u00e1rios ritmos musicais na levada de samba (11h30). Ter\u00e1 tamb\u00e9m a combina\u00e7\u00e3o da alegria contagiante dos blocos de carnaval <strong>Juventude Bronzeada<\/strong>, de Belo Horizonte, e <strong>Filhos de Beja<\/strong>, de Arax\u00e1 (13h). Em seguida, a R\u00fabia Mesquita comanda uma divertida brincadeira com as interven\u00e7\u00f5es circenses do <strong>CircoLar <\/strong>e a presen\u00e7a da<strong> Kika no Cerrado<\/strong>, a turminha de personagens composta pelaLoba Kika, a Anta Eva e o Tamandu\u00e1 Manduca, os mensageiros de a\u00e7\u00f5es de educa\u00e7\u00e3o ambiental e culturais da CBMM (14h30). Eles tamb\u00e9m estar\u00e3o dispon\u00edveis em espa\u00e7os especialmente preparados para tirar fotos com o p\u00fablico durante todo o evento.<\/p>\n\n\n\n<p>A banda <strong>5\u00ba sol<\/strong>, formada por vocalistas mulheres (Carol Moura, Karina Cleto e P\u00e2mella Macedo) apresentar\u00e1 ao p\u00fablico o seu repert\u00f3rio peculiar que mescla o cl\u00e1ssico e o moderno, al\u00e9m de novas roupagens (15h30). No final da tarde, a <strong>\u201cKika no Cerrado\u201d<\/strong> se junta ao grupo araxaense de m\u00fasica instrumental <strong>B\u00eajazz Street Band<\/strong> em um cortejo para movimentar o p\u00fablico.<\/p>\n\n\n\n<p>O momento mais esperado da segunda edi\u00e7\u00e3o do Florir o Cerrado est\u00e1 marcado para 17h30, quando o cantor mineiro <strong>Fl\u00e1vio Venturini<\/strong> sobe ao palco do festival com o show \u201cO C\u00e9u de Quem Ama\u201d, que traz sucessos cl\u00e1ssicos da sua carreira e can\u00e7\u00f5es do seu novo disco, al\u00e9m de p\u00e9rolas do ba\u00fa de sua obra.<\/p>\n\n\n\n<p>O cerrado brasileiro, conhecido como a Savana brasileira, poder\u00e1 ser apreciado na <strong>exposi\u00e7\u00e3o in\u00e9dita Serras de Minas &#8211; Encanto Cerrado<\/strong>, composta por imagens fascinantes capturadas pelo fot\u00f3grafo Fabio Rage, cada uma acompanhada por textos envolventes da jornalista Silvia Almeida. Um encontro de arte, cerrado e poesia.<\/p>\n\n\n\n<p>O Festival deixar\u00e1 um legado para os frequentadores do Parque do Cristo. Al\u00e9m da convoca\u00e7\u00e3o ao p\u00fablico para as reflex\u00f5es sobre a import\u00e2ncia de preservar o Meio Ambiente, um mural de quase 50 m\u00b2, assinado pela talentosa artista visual e designer Julia Fontes, enfeitar\u00e1 permanentemente a entrada do parque. \u201cJulia Fontes \u00e9 conhecida por sua arte que celebra a flora brasileira e a tropicalidade do nosso pa\u00eds. Entre 2015 e 2019, ela mergulhou profundamente no estudo da bot\u00e2nica do Cerrado, explorando suas formas e cores \u00fanicas. Foi essa inspira\u00e7\u00e3o que deu vida ao painel e tamb\u00e9m \u00e0 identidade visual do Festival Florir o Cerrado em 2024&#8243;, revela Ara\u00fajo.<\/p>\n\n\n\n<p><strong>Oficinas gratuitas<\/strong><\/p>\n\n\n\n<p><a>A reciclagem de material est\u00e1 presente na oficina do artista pl\u00e1stico Leo Pil\u00f3. Passeando no universo cenogr\u00e1fico, o artista oferece a oficina de confec\u00e7\u00e3o de caixinhas, utilizando caixas de rem\u00e9dio. Cada objeto ser\u00e1 a express\u00e3o art\u00edstica que representa emo\u00e7\u00f5es e desejos relacionados \u00e0 prote\u00e7\u00e3o do meio ambiente.<\/a><\/p>\n\n\n\n<p>Como o Cerrado \u00e9 pura inspira\u00e7\u00e3o, atividades interativas para crian\u00e7as e adultos, incluindo ciranda de livros e plantio de sementes, ser\u00e3o realizadas pela equipe de Educa\u00e7\u00e3o Ambiental da CBMM.<\/p>\n\n\n\n<p>E n\u00e3o para por a\u00ed. Uma oficina divertida e criativa, voltada para crian\u00e7as e adultos, vai apresentar conhecimentos b\u00e1sicos sobre Educa\u00e7\u00e3o Financeira e Sustentabilidade, refor\u00e7ando a import\u00e2ncia de cuidar do bolso e do planeta ao mesmo tempo.<\/p>\n\n\n\n<p><strong>Adote um bicho<\/strong><\/p>\n\n\n\n<p>No Festival Florir o Cerrado, os amantes dos animais poder\u00e3o adotar gatos e cachorros resgatados das ruas, todos cuidados pela equipe do Lar Castelha.<\/p>\n\n\n\n<p>O evento \u00e9 gratuito. O espa\u00e7o conta com acessibilidade e as apresenta\u00e7\u00f5es ter\u00e3o tradu\u00e7\u00e3o em libras e audiodescri\u00e7\u00e3o. A programa\u00e7\u00e3o completa est\u00e1 dispon\u00edvel no site florirocerrado.eco.br<\/p>\n\n\n\n<p><strong><u>Florir o Cerrado<\/u><\/strong><\/p>\n\n\n\n<p><strong>Sobre o Florir o Cerrado<\/strong><\/p>\n\n\n\n<p>O Festival Florir o Cerrado \u00e9 um projeto \u00c1rvore, realizado pelo Minist\u00e9rio da Cultura, com patroc\u00ednio da CBMM, apoio da Prefeitura de Arax\u00e1, R\u00e1dio Cidade, Sicredi e Tv Integra\u00e7\u00e3o.<\/p>\n\n\n\n<p><strong>Quando:<\/strong> 8 de junho, s\u00e1bado, das 9h \u00e0s 19h<\/p>\n\n\n\n<p><strong>Onde:<\/strong> Av. Washington Barcelos, 235 \u2013 B. Santa Rita, Arax\u00e1 (MG)<\/p>\n\n\n\n<p><em>Ser\u00e1 proibido o consumo de bebida alco\u00f3lica dentro do Parque do Cristo<\/em><\/p>\n\n\n\n<p><strong>Programa\u00e7\u00e3o<\/strong><\/p>\n\n\n\n<p>9h &#8211; Orquestra de Violeiros<\/p>\n\n\n\n<p>10h &#8211; Giramundo<\/p>\n\n\n\n<p>11h &#8211; Circolando &#8211; espet\u00e1culo<\/p>\n\n\n\n<p>11h30 &#8211; Dennis Samba<\/p>\n\n\n\n<p>13h &#8211; Juventude Bronzeada convida Bloco Filhos de Beja<\/p>\n\n\n\n<p>14h30 &#8211; Circo Lar<\/p>\n\n\n\n<p>15h30 &#8211; 5\u00ba Sol<\/p>\n\n\n\n<p>17h &#8211; Cortejo Bejazz + circo + mascotes (Kika e sua turma)<\/p>\n\n\n\n<p>17h30 &#8211; Fl\u00e1vio Venturini<\/p>\n\n\n\n<p>19h &#8211; Encerramento<\/p>\n","protected":false},"excerpt":{"rendered":"<p>Evento acontece no dia 8 de junho e tem programa\u00e7\u00e3o diversa e gratuita, que inclui m\u00fasica, teatro, circo e oficinas<\/p>\n","protected":false},"author":2,"featured_media":7639,"comment_status":"open","ping_status":"closed","sticky":false,"template":"","format":"standard","meta":{"footnotes":""},"categories":[9,11],"tags":[],"class_list":["post-7638","post","type-post","status-publish","format-standard","has-post-thumbnail","hentry","category-araxa","category-destaques"],"_links":{"self":[{"href":"http:\/\/blogdoarmindomaia.com.br\/index.php?rest_route=\/wp\/v2\/posts\/7638","targetHints":{"allow":["GET"]}}],"collection":[{"href":"http:\/\/blogdoarmindomaia.com.br\/index.php?rest_route=\/wp\/v2\/posts"}],"about":[{"href":"http:\/\/blogdoarmindomaia.com.br\/index.php?rest_route=\/wp\/v2\/types\/post"}],"author":[{"embeddable":true,"href":"http:\/\/blogdoarmindomaia.com.br\/index.php?rest_route=\/wp\/v2\/users\/2"}],"replies":[{"embeddable":true,"href":"http:\/\/blogdoarmindomaia.com.br\/index.php?rest_route=%2Fwp%2Fv2%2Fcomments&post=7638"}],"version-history":[{"count":1,"href":"http:\/\/blogdoarmindomaia.com.br\/index.php?rest_route=\/wp\/v2\/posts\/7638\/revisions"}],"predecessor-version":[{"id":7640,"href":"http:\/\/blogdoarmindomaia.com.br\/index.php?rest_route=\/wp\/v2\/posts\/7638\/revisions\/7640"}],"wp:featuredmedia":[{"embeddable":true,"href":"http:\/\/blogdoarmindomaia.com.br\/index.php?rest_route=\/wp\/v2\/media\/7639"}],"wp:attachment":[{"href":"http:\/\/blogdoarmindomaia.com.br\/index.php?rest_route=%2Fwp%2Fv2%2Fmedia&parent=7638"}],"wp:term":[{"taxonomy":"category","embeddable":true,"href":"http:\/\/blogdoarmindomaia.com.br\/index.php?rest_route=%2Fwp%2Fv2%2Fcategories&post=7638"},{"taxonomy":"post_tag","embeddable":true,"href":"http:\/\/blogdoarmindomaia.com.br\/index.php?rest_route=%2Fwp%2Fv2%2Ftags&post=7638"}],"curies":[{"name":"wp","href":"https:\/\/api.w.org\/{rel}","templated":true}]}}