{"id":7641,"date":"2024-06-07T15:06:40","date_gmt":"2024-06-07T18:06:40","guid":{"rendered":"http:\/\/blogdoarmindomaia.com.br\/?p=7641"},"modified":"2024-06-07T15:06:42","modified_gmt":"2024-06-07T18:06:42","slug":"saf-araxa-esporte-clube-da-inicio-as-operacoes-na-busca-de-alavancar-o-futebol","status":"publish","type":"post","link":"http:\/\/blogdoarmindomaia.com.br\/?p=7641","title":{"rendered":"\u00a0SAF Arax\u00e1 Esporte Clube d\u00e1 in\u00edcio \u00e0s opera\u00e7\u00f5es na busca de alavancar o futebol"},"content":{"rendered":"\n<figure class=\"wp-block-image size-full is-style-default\"><img loading=\"lazy\" decoding=\"async\" width=\"552\" height=\"391\" src=\"http:\/\/blogdoarmindomaia.com.br\/wp-content\/uploads\/2024\/06\/Silvio-Alves-Pres.-SAF-Araxa-pag-10.jpg\" alt=\"\" class=\"wp-image-7642\" srcset=\"http:\/\/blogdoarmindomaia.com.br\/wp-content\/uploads\/2024\/06\/Silvio-Alves-Pres.-SAF-Araxa-pag-10.jpg 552w, http:\/\/blogdoarmindomaia.com.br\/wp-content\/uploads\/2024\/06\/Silvio-Alves-Pres.-SAF-Araxa-pag-10-300x213.jpg 300w\" sizes=\"auto, (max-width: 552px) 100vw, 552px\" \/><\/figure>\n\n\n\n<p>Uma \u00f3tima not\u00edcia para o torcedor do alvinegro araxaense: a SAF Arax\u00e1 Esporte Clube deu os primeiros sinais de o in\u00edcio de sua operacionaliza\u00e7\u00e3o e o objetivo \u00e9 colocar o time em campo no Campeonato Mineiro da Segunda Divis\u00e3o de 2024, que est\u00e1 marcado para ter in\u00edcio em 31 de agosto.<\/p>\n\n\n\n<p>O presidente da SAF &#8211; Sociedade An\u00f4nima de Futebol do Arax\u00e1 Esporte Clube, Silvio Alves da Silva, participou do Arbitral do Campeonato Mineiro da segunda Divis\u00e3o no \u00faltimo dia 28 e deu in\u00edcio \u00e0s tratativas com a Federa\u00e7\u00e3o Mineira de Futebol, para que o time possa participar ainda este ano, \u201co processo de transfer\u00eancia do Futebol do Arax\u00e1 para a SAF est\u00e1 tramitando dentro da FMF e estamos muito confiantes de que iremos compor o time e participar do Campeonato 2024. A SAF est\u00e1 negociando com investidores e n\u00e3o estamos medindo esfor\u00e7os para que essa negocia\u00e7\u00e3o seja conclu\u00edda com \u00eaxito\u201d, diz o presidente.<\/p>\n\n\n\n<p>O Arax\u00e1 ficou na chave C, com os times de Araguari, Paracatu, ESSUBE, Uberaba e<\/p>\n\n\n\n<p>Nacional. O Campeonato vai ter in\u00edcio no dia 31 de agosto&nbsp; e a primeira fase vai at\u00e9 19 de outubro. As quartas de final ser\u00e3o de 26 outubro a 02 novembro, semifinais de 09 e 16 de novembro e as finais de 23 a 30 novembro.<\/p>\n\n\n\n<p>S\u00e3o tr\u00eas chaves com seis equipes em cada uma, com turno e returno dentro da chave. Classificam-se os dois primeiros de cada chave (total de seis times) e mais dois times que ficarem entre os terceiros colocados com melhor \u00edndice t\u00e9cnico.(ser\u00e3o o 7\u00ba e 8\u00ba). As equipes fazem a semifinal e final em jogos de ida e volta. A competi\u00e7\u00e3o ser\u00e1 para atletas com menos de 23 anos. Cada equipe poder\u00e1 inscrever 30 atletas profissionais e 20 amadores, novidade deste ano.<\/p>\n\n\n\n<p><strong>Operacionaliza\u00e7\u00e3o da SAF Arax\u00e1 Esporte Clube<\/strong><\/p>\n\n\n\n<p>A Sociedade An\u00f4nima de Futebol Arax\u00e1 Esporte Clube foi fundada h\u00e1 mais de 1 ano e \u00e9 uma das primeiras SAF oficialmente constitu\u00edda no pa\u00eds. Ela deu in\u00edcio a sua operacionaliza\u00e7\u00e3o do futebol e para isso o presidente Silvio vem realizando tratativas financeiras e cont\u00e1beis na busca de investidores.<\/p>\n\n\n\n<p>Este trabalho rendeu frutos e a SAF comunica o surgimento de empresa investidora, interessada em adquirir suas a\u00e7\u00f5es, o que representa al\u00e9m de tudo uma esperan\u00e7a de investimentos para colocar o time em campo. Essa empresa investidora j\u00e1 tem um contrato de confidencialidade e inten\u00e7\u00e3o de compra, e seu nome ainda n\u00e3o pode ser divulgado, \u201cmas \u00e9 uma empresa consolidada, que tem experi\u00eancia e conhecimento em Sociedade An\u00f4nima e no Mercado de A\u00e7\u00f5es na regi\u00e3o metropolitana de S\u00e3o Paulo e est\u00e1 muito interessada em colocar todos os esfor\u00e7os necess\u00e1rios, inclusive financeiros, para que possamos reaver o surgimento do \u201cganso\u201d e montar o time que entrar\u00e1 campo\u201d, explica o presidente da SAF, Silvio Alves da Silva, que prev\u00ea uma coletiva de imprensa em breve para anunciar os investidores.<\/p>\n","protected":false},"excerpt":{"rendered":"<p>Uma \u00f3tima not\u00edcia para o torcedor do alvinegro araxaense: a SAF Arax\u00e1 Esporte Clube deu os primeiros sinais de o<\/p>\n","protected":false},"author":2,"featured_media":7642,"comment_status":"open","ping_status":"open","sticky":false,"template":"","format":"standard","meta":{"footnotes":""},"categories":[9,11],"tags":[],"class_list":["post-7641","post","type-post","status-publish","format-standard","has-post-thumbnail","hentry","category-araxa","category-destaques"],"_links":{"self":[{"href":"http:\/\/blogdoarmindomaia.com.br\/index.php?rest_route=\/wp\/v2\/posts\/7641","targetHints":{"allow":["GET"]}}],"collection":[{"href":"http:\/\/blogdoarmindomaia.com.br\/index.php?rest_route=\/wp\/v2\/posts"}],"about":[{"href":"http:\/\/blogdoarmindomaia.com.br\/index.php?rest_route=\/wp\/v2\/types\/post"}],"author":[{"embeddable":true,"href":"http:\/\/blogdoarmindomaia.com.br\/index.php?rest_route=\/wp\/v2\/users\/2"}],"replies":[{"embeddable":true,"href":"http:\/\/blogdoarmindomaia.com.br\/index.php?rest_route=%2Fwp%2Fv2%2Fcomments&post=7641"}],"version-history":[{"count":1,"href":"http:\/\/blogdoarmindomaia.com.br\/index.php?rest_route=\/wp\/v2\/posts\/7641\/revisions"}],"predecessor-version":[{"id":7643,"href":"http:\/\/blogdoarmindomaia.com.br\/index.php?rest_route=\/wp\/v2\/posts\/7641\/revisions\/7643"}],"wp:featuredmedia":[{"embeddable":true,"href":"http:\/\/blogdoarmindomaia.com.br\/index.php?rest_route=\/wp\/v2\/media\/7642"}],"wp:attachment":[{"href":"http:\/\/blogdoarmindomaia.com.br\/index.php?rest_route=%2Fwp%2Fv2%2Fmedia&parent=7641"}],"wp:term":[{"taxonomy":"category","embeddable":true,"href":"http:\/\/blogdoarmindomaia.com.br\/index.php?rest_route=%2Fwp%2Fv2%2Fcategories&post=7641"},{"taxonomy":"post_tag","embeddable":true,"href":"http:\/\/blogdoarmindomaia.com.br\/index.php?rest_route=%2Fwp%2Fv2%2Ftags&post=7641"}],"curies":[{"name":"wp","href":"https:\/\/api.w.org\/{rel}","templated":true}]}}