{"id":7644,"date":"2024-06-07T15:09:28","date_gmt":"2024-06-07T18:09:28","guid":{"rendered":"http:\/\/blogdoarmindomaia.com.br\/?p=7644"},"modified":"2024-06-07T15:09:30","modified_gmt":"2024-06-07T18:09:30","slug":"fliaraxa-2024-tera-espaco-figital","status":"publish","type":"post","link":"http:\/\/blogdoarmindomaia.com.br\/?p=7644","title":{"rendered":"Fliarax\u00e1 2024 ter\u00e1 espa\u00e7o \u201cFigital\u201d"},"content":{"rendered":"\n<figure class=\"wp-block-image size-full is-style-default\"><img loading=\"lazy\" decoding=\"async\" width=\"845\" height=\"332\" src=\"http:\/\/blogdoarmindomaia.com.br\/wp-content\/uploads\/2024\/06\/Fliaraxa-tera-espaco-figital-pag-11.png\" alt=\"\" class=\"wp-image-7645\" srcset=\"http:\/\/blogdoarmindomaia.com.br\/wp-content\/uploads\/2024\/06\/Fliaraxa-tera-espaco-figital-pag-11.png 845w, http:\/\/blogdoarmindomaia.com.br\/wp-content\/uploads\/2024\/06\/Fliaraxa-tera-espaco-figital-pag-11-300x118.png 300w, http:\/\/blogdoarmindomaia.com.br\/wp-content\/uploads\/2024\/06\/Fliaraxa-tera-espaco-figital-pag-11-768x302.png 768w\" sizes=\"auto, (max-width: 845px) 100vw, 845px\" \/><\/figure>\n\n\n\n<p>A d\u00e9cima segunda edi\u00e7\u00e3o do Festival Liter\u00e1rio Internacional de Arax\u00e1 \u2013 Fliarax\u00e1 \u2013 acontece entre os dias 19 e 23 de junho, pautando o tema \u201cMem\u00f3ria, Literatura e Diversidade\u201d. O Festival, que ocorre tanto de forma presencial quanto on-line, foi denominado como \u201cfigital\u201d, termo que denota que o espa\u00e7o \u00e9 formado por tr\u00eas dimens\u00f5es: a f\u00edsica, a digital e a social. De acordo com o cientista e escritor Silvio Meira, o espa\u00e7o figital \u00e9 aquele que combina essas dimens\u00f5es. A f\u00edsica refere-se ao mundo antes da chegada dos primeiros computadores e equipamentos eletr\u00f4nicos de processamento de informa\u00e7\u00e3o; enquanto a digital come\u00e7ou a aparecer na d\u00e9cada de 1970 com os computadores e teve continuidade nos anos seguintes, com o advento de tecnologias como os celulares e os CDs. J\u00e1 a dimens\u00e3o social \u00e9 aquela que aparece na d\u00e9cada de 1990, com o surgimento da internet comercial, e torna-se universal depois dos anos 2000. Todas as atividades do 12.\u00ba Fliarax\u00e1 s\u00e3o gratuitas e abertas ao p\u00fablico, gra\u00e7as ao patroc\u00ednio da CBMM, que apresenta o evento desde o seu in\u00edcio, do Ita\u00fa e Bem Brasil, via Lei Rouanet do Minist\u00e9rio da Cultura. Na qualidade de Apoio Cultural, a Prefeitura de Arax\u00e1, a Funda\u00e7\u00e3o Cultural Calmon Barreto, a TV Integra\u00e7\u00e3o, a Embaixada Francesa no Brasil, o Institut Fran\u00e7ais e a Academia Araxaense de Letras.<\/p>\n","protected":false},"excerpt":{"rendered":"<p>A d\u00e9cima segunda edi\u00e7\u00e3o do Festival Liter\u00e1rio Internacional de Arax\u00e1 \u2013 Fliarax\u00e1 \u2013 acontece entre os dias 19 e 23<\/p>\n","protected":false},"author":2,"featured_media":7645,"comment_status":"open","ping_status":"open","sticky":false,"template":"","format":"standard","meta":{"footnotes":""},"categories":[9,5],"tags":[],"class_list":["post-7644","post","type-post","status-publish","format-standard","has-post-thumbnail","hentry","category-araxa","category-arte-e-cultura"],"_links":{"self":[{"href":"http:\/\/blogdoarmindomaia.com.br\/index.php?rest_route=\/wp\/v2\/posts\/7644","targetHints":{"allow":["GET"]}}],"collection":[{"href":"http:\/\/blogdoarmindomaia.com.br\/index.php?rest_route=\/wp\/v2\/posts"}],"about":[{"href":"http:\/\/blogdoarmindomaia.com.br\/index.php?rest_route=\/wp\/v2\/types\/post"}],"author":[{"embeddable":true,"href":"http:\/\/blogdoarmindomaia.com.br\/index.php?rest_route=\/wp\/v2\/users\/2"}],"replies":[{"embeddable":true,"href":"http:\/\/blogdoarmindomaia.com.br\/index.php?rest_route=%2Fwp%2Fv2%2Fcomments&post=7644"}],"version-history":[{"count":1,"href":"http:\/\/blogdoarmindomaia.com.br\/index.php?rest_route=\/wp\/v2\/posts\/7644\/revisions"}],"predecessor-version":[{"id":7646,"href":"http:\/\/blogdoarmindomaia.com.br\/index.php?rest_route=\/wp\/v2\/posts\/7644\/revisions\/7646"}],"wp:featuredmedia":[{"embeddable":true,"href":"http:\/\/blogdoarmindomaia.com.br\/index.php?rest_route=\/wp\/v2\/media\/7645"}],"wp:attachment":[{"href":"http:\/\/blogdoarmindomaia.com.br\/index.php?rest_route=%2Fwp%2Fv2%2Fmedia&parent=7644"}],"wp:term":[{"taxonomy":"category","embeddable":true,"href":"http:\/\/blogdoarmindomaia.com.br\/index.php?rest_route=%2Fwp%2Fv2%2Fcategories&post=7644"},{"taxonomy":"post_tag","embeddable":true,"href":"http:\/\/blogdoarmindomaia.com.br\/index.php?rest_route=%2Fwp%2Fv2%2Ftags&post=7644"}],"curies":[{"name":"wp","href":"https:\/\/api.w.org\/{rel}","templated":true}]}}