{"id":7651,"date":"2024-06-07T15:17:27","date_gmt":"2024-06-07T18:17:27","guid":{"rendered":"http:\/\/blogdoarmindomaia.com.br\/?p=7651"},"modified":"2024-06-07T15:17:29","modified_gmt":"2024-06-07T18:17:29","slug":"deputado-federal-mario-heringer-recebe-comenda-em-juiz-de-fora","status":"publish","type":"post","link":"http:\/\/blogdoarmindomaia.com.br\/?p=7651","title":{"rendered":"Deputado Federal M\u00e1rio Heringer recebe Comenda em Juiz de Fora"},"content":{"rendered":"\n<figure class=\"wp-block-image size-full is-style-default\"><img loading=\"lazy\" decoding=\"async\" width=\"789\" height=\"711\" src=\"http:\/\/blogdoarmindomaia.com.br\/wp-content\/uploads\/2024\/06\/Deputado-Federal-Mario-Heringer-recebe-Comenda-em-Juiz-de-Fora-pag-03.jpg\" alt=\"\" class=\"wp-image-7652\" srcset=\"http:\/\/blogdoarmindomaia.com.br\/wp-content\/uploads\/2024\/06\/Deputado-Federal-Mario-Heringer-recebe-Comenda-em-Juiz-de-Fora-pag-03.jpg 789w, http:\/\/blogdoarmindomaia.com.br\/wp-content\/uploads\/2024\/06\/Deputado-Federal-Mario-Heringer-recebe-Comenda-em-Juiz-de-Fora-pag-03-300x270.jpg 300w, http:\/\/blogdoarmindomaia.com.br\/wp-content\/uploads\/2024\/06\/Deputado-Federal-Mario-Heringer-recebe-Comenda-em-Juiz-de-Fora-pag-03-768x692.jpg 768w\" sizes=\"auto, (max-width: 789px) 100vw, 789px\" \/><\/figure>\n\n\n\n<p><strong>O Deputado Federal M\u00e1rio Heringer do PDT de Minas Gerais, com atua\u00e7\u00e3o destacada, como parlamentar federal atuante em prol do munic\u00edpio de Arax\u00e1, foi condecorado na \u00faltima segunda-feira, dia 3 de junho na cidade de Juiz de Fora com&nbsp; a Comenda Henrique Halfeld. <\/strong>O M\u00e9rito Comendador Henrique Halfeld foi institu\u00eddo por lei em 1973, em homenagem ao centen\u00e1rio da morte do fundador de Juiz de Fora. A norma determina que o objetivo \u00e9 \u201cdistinguir as pessoas que tenham prestado relevantes servi\u00e7os \u00e0 cidade, bem como fa\u00e7am jus \u00e0 concess\u00e3o\u201d.De acordo com a nota da PJF, \u201cnestas tr\u00eas d\u00e9cadas em que vem sendo entregue, a Medalha simboliza o reconhecimento de Juiz de Fora a pessoas que se destacaram na defesa dos interesses culturais, sociais, econ\u00f4micos, pol\u00edticos e humanit\u00e1rios da cidade\u201d.<\/p>\n","protected":false},"excerpt":{"rendered":"<p>O Deputado Federal M\u00e1rio Heringer do PDT de Minas Gerais, com atua\u00e7\u00e3o destacada, como parlamentar federal atuante em prol do<\/p>\n","protected":false},"author":2,"featured_media":7652,"comment_status":"open","ping_status":"open","sticky":false,"template":"","format":"standard","meta":{"footnotes":""},"categories":[9,11],"tags":[],"class_list":["post-7651","post","type-post","status-publish","format-standard","has-post-thumbnail","hentry","category-araxa","category-destaques"],"_links":{"self":[{"href":"http:\/\/blogdoarmindomaia.com.br\/index.php?rest_route=\/wp\/v2\/posts\/7651","targetHints":{"allow":["GET"]}}],"collection":[{"href":"http:\/\/blogdoarmindomaia.com.br\/index.php?rest_route=\/wp\/v2\/posts"}],"about":[{"href":"http:\/\/blogdoarmindomaia.com.br\/index.php?rest_route=\/wp\/v2\/types\/post"}],"author":[{"embeddable":true,"href":"http:\/\/blogdoarmindomaia.com.br\/index.php?rest_route=\/wp\/v2\/users\/2"}],"replies":[{"embeddable":true,"href":"http:\/\/blogdoarmindomaia.com.br\/index.php?rest_route=%2Fwp%2Fv2%2Fcomments&post=7651"}],"version-history":[{"count":1,"href":"http:\/\/blogdoarmindomaia.com.br\/index.php?rest_route=\/wp\/v2\/posts\/7651\/revisions"}],"predecessor-version":[{"id":7653,"href":"http:\/\/blogdoarmindomaia.com.br\/index.php?rest_route=\/wp\/v2\/posts\/7651\/revisions\/7653"}],"wp:featuredmedia":[{"embeddable":true,"href":"http:\/\/blogdoarmindomaia.com.br\/index.php?rest_route=\/wp\/v2\/media\/7652"}],"wp:attachment":[{"href":"http:\/\/blogdoarmindomaia.com.br\/index.php?rest_route=%2Fwp%2Fv2%2Fmedia&parent=7651"}],"wp:term":[{"taxonomy":"category","embeddable":true,"href":"http:\/\/blogdoarmindomaia.com.br\/index.php?rest_route=%2Fwp%2Fv2%2Fcategories&post=7651"},{"taxonomy":"post_tag","embeddable":true,"href":"http:\/\/blogdoarmindomaia.com.br\/index.php?rest_route=%2Fwp%2Fv2%2Ftags&post=7651"}],"curies":[{"name":"wp","href":"https:\/\/api.w.org\/{rel}","templated":true}]}}