{"id":7654,"date":"2024-06-07T15:21:10","date_gmt":"2024-06-07T18:21:10","guid":{"rendered":"http:\/\/blogdoarmindomaia.com.br\/?p=7654"},"modified":"2024-06-07T15:21:12","modified_gmt":"2024-06-07T18:21:12","slug":"13a-edicao-do-conexao-empresarial-vai-reunir-grandes-nomes-da-politica-economia-e-setor-empresarial","status":"publish","type":"post","link":"http:\/\/blogdoarmindomaia.com.br\/?p=7654","title":{"rendered":"13\u00aa edi\u00e7\u00e3o do Conex\u00e3o Empresarial vai reunir\u00a0 grandes nomes da pol\u00edtica, economia e setor empresarial"},"content":{"rendered":"\n<figure class=\"wp-block-image size-large is-style-default\"><img loading=\"lazy\" decoding=\"async\" width=\"854\" height=\"1024\" src=\"http:\/\/blogdoarmindomaia.com.br\/wp-content\/uploads\/2024\/06\/13a-edicao-do-Conexao-854x1024.jpg\" alt=\"\" class=\"wp-image-7655\" srcset=\"http:\/\/blogdoarmindomaia.com.br\/wp-content\/uploads\/2024\/06\/13a-edicao-do-Conexao-854x1024.jpg 854w, http:\/\/blogdoarmindomaia.com.br\/wp-content\/uploads\/2024\/06\/13a-edicao-do-Conexao-250x300.jpg 250w, http:\/\/blogdoarmindomaia.com.br\/wp-content\/uploads\/2024\/06\/13a-edicao-do-Conexao-768x921.jpg 768w, http:\/\/blogdoarmindomaia.com.br\/wp-content\/uploads\/2024\/06\/13a-edicao-do-Conexao.jpg 978w\" sizes=\"auto, (max-width: 854px) 100vw, 854px\" \/><\/figure>\n\n\n\n<p>Na pr\u00f3xima quinta feira, dia 13 de junho ter\u00e1 in\u00edcio a 13\u00aa edi\u00e7\u00e3o do Conex\u00e3o Empresarial Anual Arax\u00e1 24, que acontece de 13 a 16 de junho, no Grande Hotel Termas de Arax\u00e1. O tradicional e concorrido evento abre espa\u00e7o para o debate amplo e plural de temas atuais e importantes para diversos setores da economia, pol\u00edtica entre outros. O encontro vai reunir pol\u00edticos, governadores, ministros, empres\u00e1rios e representantes da sociedade organizada, em mais uma grande Conex\u00e3o para discutir os principais temas que s\u00e3o estrat\u00e9gicos para o Brasil. O evento, considerado um dos mais importantes palcos de debate do estado, \u00e9 promovido pela VB Comunica\u00e7\u00e3o, que est\u00e1 organizando palestras, debates e pain\u00e9is com pautas que v\u00e3o desde assuntos ligados a pol\u00edtica e economia, a sa\u00fade e empreendedorismo, al\u00e9m de a\u00e7\u00f5es de networking em momentos de esporte, lazer e gastronomia. Est\u00e3o confirmadas as presen\u00e7as dos governadores de Minas, Romeu Zema, e de S\u00e3o Paulo, Tarc\u00edsio de Freitas, do presidente da C\u00e2mara Federal, Artur Lira; al\u00e9m do ministro da Defesa, Jos\u00e9 Mucio Monteiro; a presidente da Magalu, Luisa Helena Trajano; o ex-ministro Carlos Velloso e muito mais personalidades que fazem a diferen\u00e7a no pa\u00eds. Tamb\u00e9m s\u00e3o aguardados grandes nomes da m\u00fasica e da arte nacionais para os convidados ilustres, no final de cada ciclo de palestras e debates. \u00a0Informa\u00e7\u00f5es e vendas no telefone (31)3343-7313 ou vbcomunicacao@integralle.com.br<\/p>\n","protected":false},"excerpt":{"rendered":"<p>Na pr\u00f3xima quinta feira, dia 13 de junho ter\u00e1 in\u00edcio a 13\u00aa edi\u00e7\u00e3o do Conex\u00e3o Empresarial Anual Arax\u00e1 24, que<\/p>\n","protected":false},"author":2,"featured_media":7655,"comment_status":"open","ping_status":"open","sticky":false,"template":"","format":"standard","meta":{"footnotes":""},"categories":[9,11],"tags":[],"class_list":["post-7654","post","type-post","status-publish","format-standard","has-post-thumbnail","hentry","category-araxa","category-destaques"],"_links":{"self":[{"href":"http:\/\/blogdoarmindomaia.com.br\/index.php?rest_route=\/wp\/v2\/posts\/7654","targetHints":{"allow":["GET"]}}],"collection":[{"href":"http:\/\/blogdoarmindomaia.com.br\/index.php?rest_route=\/wp\/v2\/posts"}],"about":[{"href":"http:\/\/blogdoarmindomaia.com.br\/index.php?rest_route=\/wp\/v2\/types\/post"}],"author":[{"embeddable":true,"href":"http:\/\/blogdoarmindomaia.com.br\/index.php?rest_route=\/wp\/v2\/users\/2"}],"replies":[{"embeddable":true,"href":"http:\/\/blogdoarmindomaia.com.br\/index.php?rest_route=%2Fwp%2Fv2%2Fcomments&post=7654"}],"version-history":[{"count":1,"href":"http:\/\/blogdoarmindomaia.com.br\/index.php?rest_route=\/wp\/v2\/posts\/7654\/revisions"}],"predecessor-version":[{"id":7656,"href":"http:\/\/blogdoarmindomaia.com.br\/index.php?rest_route=\/wp\/v2\/posts\/7654\/revisions\/7656"}],"wp:featuredmedia":[{"embeddable":true,"href":"http:\/\/blogdoarmindomaia.com.br\/index.php?rest_route=\/wp\/v2\/media\/7655"}],"wp:attachment":[{"href":"http:\/\/blogdoarmindomaia.com.br\/index.php?rest_route=%2Fwp%2Fv2%2Fmedia&parent=7654"}],"wp:term":[{"taxonomy":"category","embeddable":true,"href":"http:\/\/blogdoarmindomaia.com.br\/index.php?rest_route=%2Fwp%2Fv2%2Fcategories&post=7654"},{"taxonomy":"post_tag","embeddable":true,"href":"http:\/\/blogdoarmindomaia.com.br\/index.php?rest_route=%2Fwp%2Fv2%2Ftags&post=7654"}],"curies":[{"name":"wp","href":"https:\/\/api.w.org\/{rel}","templated":true}]}}