{"id":7667,"date":"2024-06-18T17:01:55","date_gmt":"2024-06-18T20:01:55","guid":{"rendered":"http:\/\/blogdoarmindomaia.com.br\/?p=7667"},"modified":"2024-06-18T17:01:58","modified_gmt":"2024-06-18T20:01:58","slug":"revelacoes-do-projeto-geracoes-literarias-vao-participar-do-fliaraxa","status":"publish","type":"post","link":"http:\/\/blogdoarmindomaia.com.br\/?p=7667","title":{"rendered":"Revela\u00e7\u00f5es do projeto Gera\u00e7\u00f5es Liter\u00e1rias v\u00e3o participar do Fliarax\u00e1"},"content":{"rendered":"\n<p><\/p>\n\n\n\n<figure class=\"wp-block-image size-large is-style-default\"><img loading=\"lazy\" decoding=\"async\" width=\"1024\" height=\"682\" src=\"http:\/\/blogdoarmindomaia.com.br\/wp-content\/uploads\/2024\/06\/lancamento-6-1024x682.jpeg\" alt=\"\" class=\"wp-image-7668\" srcset=\"http:\/\/blogdoarmindomaia.com.br\/wp-content\/uploads\/2024\/06\/lancamento-6-1024x682.jpeg 1024w, http:\/\/blogdoarmindomaia.com.br\/wp-content\/uploads\/2024\/06\/lancamento-6-300x200.jpeg 300w, http:\/\/blogdoarmindomaia.com.br\/wp-content\/uploads\/2024\/06\/lancamento-6-768x512.jpeg 768w, http:\/\/blogdoarmindomaia.com.br\/wp-content\/uploads\/2024\/06\/lancamento-6-1536x1023.jpeg 1536w, http:\/\/blogdoarmindomaia.com.br\/wp-content\/uploads\/2024\/06\/lancamento-6.jpeg 1600w\" sizes=\"auto, (max-width: 1024px) 100vw, 1024px\" \/><\/figure>\n\n\n\n<figure class=\"wp-block-image size-large is-style-default\"><img loading=\"lazy\" decoding=\"async\" width=\"1024\" height=\"682\" src=\"http:\/\/blogdoarmindomaia.com.br\/wp-content\/uploads\/2024\/06\/lancamento-8-1024x682.jpeg\" alt=\"\" class=\"wp-image-7669\" srcset=\"http:\/\/blogdoarmindomaia.com.br\/wp-content\/uploads\/2024\/06\/lancamento-8-1024x682.jpeg 1024w, http:\/\/blogdoarmindomaia.com.br\/wp-content\/uploads\/2024\/06\/lancamento-8-300x200.jpeg 300w, http:\/\/blogdoarmindomaia.com.br\/wp-content\/uploads\/2024\/06\/lancamento-8-768x512.jpeg 768w, http:\/\/blogdoarmindomaia.com.br\/wp-content\/uploads\/2024\/06\/lancamento-8-1536x1023.jpeg 1536w, http:\/\/blogdoarmindomaia.com.br\/wp-content\/uploads\/2024\/06\/lancamento-8.jpeg 1600w\" sizes=\"auto, (max-width: 1024px) 100vw, 1024px\" \/><\/figure>\n\n\n\n<p>Vict\u00f3ria Akel e Jo\u00e3o Vitor Santos est\u00e3o entre os autores convidados para a 12\u00aa edi\u00e7\u00e3o do Festival Liter\u00e1rio Internacional de Arax\u00e1 \u2013 Fliarax\u00e1. Eles s\u00e3o um dos destaques da programa\u00e7\u00e3o do s\u00e1bado (22) e participar\u00e3o de uma mesa, mediada pelo jornalista e coordenador editorial do projeto Gera\u00e7\u00f5es Liter\u00e1rias, Luiz Humberto Fran\u00e7a. \u201cVamos falar sobre poesia e explorar aquilo que faz desses jovens dois novos grandes nomes da nossa literatura: suas experi\u00eancias pessoais, estilos e jeitos de ver a vida. Tenho certeza de que ser\u00e1 um momento \u00fanico\u201d, diz Fran\u00e7a.<\/p>\n\n\n\n<p>Esta ser\u00e1 a estreia dos jovens como autores no festival liter\u00e1rio. \u201cApesar de terem contribu\u00eddo com o evento de outras formas ao longo dos \u00faltimos anos, desta vez ser\u00e1 diferente. Eles estar\u00e3o no audit\u00f3rio com uma plateia que quer ouvi-los e explor\u00e1-los deles enquanto escritores. Uma experi\u00eancia \u00fanica\u201d, aposta.<\/p>\n\n\n\n<p>A mesa \u201cGera\u00e7\u00f5es Liter\u00e1rias\u201d ser\u00e1 realizada no s\u00e1bado (22), de 18h \u00e0s 19h no Audit\u00f3rio 2 do Fliarax\u00e1, montado no p\u00e1tio da Funda\u00e7\u00e3o Cultural Calmon Barreto. Logo ap\u00f3s o momento, os autores far\u00e3o uma mesa de aut\u00f3grafos. A entrada \u00e9 gratuita.<\/p>\n\n\n\n<p><strong>Lan\u00e7amento<\/strong><\/p>\n\n\n\n<p>A mesa redonda no Fliarax\u00e1 \u00e9 o primeiro compromisso dos jovens escritores ap\u00f3s o lan\u00e7amento oficial das obras Eu Queria que Voc\u00ea Soubesse e O Menino do Barraco 157. No \u00faltimo s\u00e1bado (15), o Museu Calmon Barreto e Memorial Arax\u00e1 recebeu dezenas de pessoas para um fim de tarde de muita arte e cultura. \u201cFoi um grande lan\u00e7amento. Esse projeto \u00e9 uma abertura incr\u00edvel para o mundo liter\u00e1rio e \u00e9 a oportunidade para mais jovens publicarem livros, como a gente est\u00e1 vendo hoje\u201d, diz a presidente da Academia Araxaense Juvenil de Letras, Ana Luiza Ribeiro de Melo Silva.<\/p>\n\n\n\n<p>Antes da sess\u00e3o de aut\u00f3grafos, Vict\u00f3ria Akel e Jo\u00e3o Vitor Santos participaram de um bate-papo com os curadores do projeto, Lisa Alves e Rafael Nolli. Para Vict\u00f3ria, um momento inesquec\u00edvel. \u201cEsse livro \u00e9 a materializa\u00e7\u00e3o de um sonho. Ver concreto algo que existiu no meu imagin\u00e1rio por muito tempo \u00e9 muito bom. Escrever esse livro foi olhar para dentro, abrir meu cora\u00e7\u00e3o de forma que outras pessoas possam ter acesso ao que tem dentro de mim\u201d, revela.<\/p>\n\n\n\n<p>Autor de O Menino do Barraco 157, Jo\u00e3o Vitor Santos tamb\u00e9m estava emocionado. \u201c\u00c9 uma alegria muito grande acima de tudo. O sentimento \u00e9 de que uma parte da miss\u00e3o est\u00e1 sendo cumprida. Hoje eu trouxe o nosso povo, que est\u00e1 com a gente nas ruas, nas batalhas de rima, nos slams para um espa\u00e7o que n\u00e3o costumam frequentar, mas tiveram acesso por causa do livro\u201d, conta.<\/p>\n\n\n\n<p>Quem esteve no lan\u00e7amento ficou impressionado com o que viu. \u201cS\u00e3o dois jovens publicando com vozes t\u00e3o pr\u00f3prias e prontas. Isso mostra que a poesia est\u00e1 viva e circulando muito bem\u201d, resume o escritor Rafael Nolli.<\/p>\n\n\n\n<p><strong>Sobre o projeto<\/strong><\/p>\n\n\n\n<p>O Projeto Gera\u00e7\u00f5es Liter\u00e1rias \u00e9 uma iniciativa cultural anual que visa promover a literatura local por meio da produ\u00e7\u00e3o de uma cole\u00e7\u00e3o de obras liter\u00e1rias distintas. Com o compromisso de fomentar a leitura e a escrita, o projeto destaca-se por oferecer oportunidades a novos escritores, proporcionando recursos financeiros, estrutura de publica\u00e7\u00e3o e intera\u00e7\u00e3o com autores consagrados.<\/p>\n\n\n\n<p>O projeto busca envolver a comunidade com a distribui\u00e7\u00e3o gratuita dos livros, a inclus\u00e3o de elementos de acessibilidade, como descri\u00e7\u00e3o em \u00e1udio e e-books, livreto em braille e uma estrat\u00e9gia de comunica\u00e7\u00e3o abrangente. As atividades culturais gratuitas e a intera\u00e7\u00e3o entre diferentes gera\u00e7\u00f5es de autores fortalecem os la\u00e7os entre escritores e leitores, enriquecendo a cultura local.<\/p>\n\n\n\n<p>O Projeto Cultural Gera\u00e7\u00f5es Liter\u00e1rias \u00e9 realizado pela Editora Gestalt, por meio da Lei Federal de Incentivo \u00e0 Cultura, Minist\u00e9rio da Cultura &#8211; Governo Federal. Tem como patrocinadores a Bem Brasil e a CBMM e apoio da Prefeitura de Arax\u00e1, por meio da Funda\u00e7\u00e3o Cultural Calmon Barreto.<\/p>\n\n\n\n<p><strong>Servi\u00e7o<\/strong><\/p>\n\n\n\n<p><strong><em>Mesa &#8211; Gera\u00e7\u00f5es Liter\u00e1rias \u2013 Fliarax\u00e1<\/em><\/strong><\/p>\n\n\n\n<p><strong>Convidados:<\/strong> Vict\u00f3ria Akel e Jo\u00e3o Vitor Santos<\/p>\n\n\n\n<p><strong>Media\u00e7\u00e3o:<\/strong> Luiz Humberto Fran\u00e7a<\/p>\n\n\n\n<p><strong>Data:<\/strong> S\u00e1bado, 22\/06<\/p>\n\n\n\n<p><strong>Hor\u00e1rio:<\/strong> 18h \u00e0s 19h<\/p>\n\n\n\n<p><strong>Local:<\/strong> Funda\u00e7\u00e3o Cultural Calmon Barreto<\/p>\n\n\n\n<p><em>Entrada gratuita<\/em><\/p>\n","protected":false},"excerpt":{"rendered":"<p>Vict\u00f3ria Akel e Jo\u00e3o Vitor Santos est\u00e3o entre os autores convidados para a 12\u00aa edi\u00e7\u00e3o do Festival Liter\u00e1rio Internacional de<\/p>\n","protected":false},"author":2,"featured_media":7668,"comment_status":"open","ping_status":"open","sticky":false,"template":"","format":"standard","meta":{"footnotes":""},"categories":[9,5,11],"tags":[],"class_list":["post-7667","post","type-post","status-publish","format-standard","has-post-thumbnail","hentry","category-araxa","category-arte-e-cultura","category-destaques"],"_links":{"self":[{"href":"http:\/\/blogdoarmindomaia.com.br\/index.php?rest_route=\/wp\/v2\/posts\/7667","targetHints":{"allow":["GET"]}}],"collection":[{"href":"http:\/\/blogdoarmindomaia.com.br\/index.php?rest_route=\/wp\/v2\/posts"}],"about":[{"href":"http:\/\/blogdoarmindomaia.com.br\/index.php?rest_route=\/wp\/v2\/types\/post"}],"author":[{"embeddable":true,"href":"http:\/\/blogdoarmindomaia.com.br\/index.php?rest_route=\/wp\/v2\/users\/2"}],"replies":[{"embeddable":true,"href":"http:\/\/blogdoarmindomaia.com.br\/index.php?rest_route=%2Fwp%2Fv2%2Fcomments&post=7667"}],"version-history":[{"count":1,"href":"http:\/\/blogdoarmindomaia.com.br\/index.php?rest_route=\/wp\/v2\/posts\/7667\/revisions"}],"predecessor-version":[{"id":7670,"href":"http:\/\/blogdoarmindomaia.com.br\/index.php?rest_route=\/wp\/v2\/posts\/7667\/revisions\/7670"}],"wp:featuredmedia":[{"embeddable":true,"href":"http:\/\/blogdoarmindomaia.com.br\/index.php?rest_route=\/wp\/v2\/media\/7668"}],"wp:attachment":[{"href":"http:\/\/blogdoarmindomaia.com.br\/index.php?rest_route=%2Fwp%2Fv2%2Fmedia&parent=7667"}],"wp:term":[{"taxonomy":"category","embeddable":true,"href":"http:\/\/blogdoarmindomaia.com.br\/index.php?rest_route=%2Fwp%2Fv2%2Fcategories&post=7667"},{"taxonomy":"post_tag","embeddable":true,"href":"http:\/\/blogdoarmindomaia.com.br\/index.php?rest_route=%2Fwp%2Fv2%2Ftags&post=7667"}],"curies":[{"name":"wp","href":"https:\/\/api.w.org\/{rel}","templated":true}]}}