{"id":7671,"date":"2024-06-18T17:04:34","date_gmt":"2024-06-18T20:04:34","guid":{"rendered":"http:\/\/blogdoarmindomaia.com.br\/?p=7671"},"modified":"2024-06-18T17:04:37","modified_gmt":"2024-06-18T20:04:37","slug":"mosaic-reinaugura-centro-de-educacao-ambiental-e-cidadania-em-araxa","status":"publish","type":"post","link":"http:\/\/blogdoarmindomaia.com.br\/?p=7671","title":{"rendered":"Mosaic reinaugura Centro de Educa\u00e7\u00e3o Ambiental e Cidadania em Arax\u00e1"},"content":{"rendered":"\n<figure class=\"wp-block-image size-full is-style-default\"><img loading=\"lazy\" decoding=\"async\" width=\"578\" height=\"384\" src=\"http:\/\/blogdoarmindomaia.com.br\/wp-content\/uploads\/2024\/06\/Mosaic-reinaugura-Centro-de-Educacao-Ambiental-e-Cidadania-em-Araxa-pag-10.jpg\" alt=\"\" class=\"wp-image-7673\" srcset=\"http:\/\/blogdoarmindomaia.com.br\/wp-content\/uploads\/2024\/06\/Mosaic-reinaugura-Centro-de-Educacao-Ambiental-e-Cidadania-em-Araxa-pag-10.jpg 578w, http:\/\/blogdoarmindomaia.com.br\/wp-content\/uploads\/2024\/06\/Mosaic-reinaugura-Centro-de-Educacao-Ambiental-e-Cidadania-em-Araxa-pag-10-300x199.jpg 300w\" sizes=\"auto, (max-width: 578px) 100vw, 578px\" \/><\/figure>\n\n\n\n<p>Ap\u00f3s a conclus\u00e3o das obras de moderniza\u00e7\u00e3o do Centro de Educa\u00e7\u00e3o Ambiental e Cidadania, iniciadas em 2023, a Mosaic&nbsp;reabriu nesta ter\u00e7a-feira (18), um espa\u00e7o totalmente renovado, com uma vis\u00e3o moderna, acess\u00edvel, inclusiva e sustent\u00e1vel.<\/p>\n\n\n\n<p>S\u00e3o mais de 15.000 m\u00b2 de \u00e1rea verde preservada, que v\u00e3o trazer \u00e0 comunidade novas viv\u00eancias em meio a uma natureza exuberante. O passeio come\u00e7a em uma trilha ecol\u00f3gica, com esp\u00e9cies plantadas h\u00e1 mais de 30 anos. O descanso se d\u00e1 em um espa\u00e7o para lazer e integra\u00e7\u00e3o social, tudo ao ar livre.<\/p>\n\n\n\n<p>\u201cO Centro de Educa\u00e7\u00e3o Ambiental e Cidadania em Arax\u00e1 reabre suas portas trazendo muitas novidades. \u00c9 um espa\u00e7o de reflex\u00e3o, mas tamb\u00e9m de a\u00e7\u00e3o, que convida o visitante para participar de projetos que visam aprimorar o conhecimento sobre cidadania, preserva\u00e7\u00e3o do meio ambiente e qualidade de vida\u201d, explica Paulo Eduardo Batista, diretor de performance social da Mosaic.<\/p>\n\n\n\n<p>O espa\u00e7o conta com um sal\u00e3o de eventos constru\u00eddo para atividades com funcion\u00e1rios, encontros com a comunidade e atendimento de todo o p\u00fablico escolar.<\/p>\n\n\n\n<p>Outra novidade \u00e9 a horta sensorial acess\u00edvel, onde os visitantes poder\u00e3o desfrutar de uma experi\u00eancia pr\u00e1tica, em contato com a terra e a natureza. A estrutura conta com canteiros com ervas medicinais, hortali\u00e7as e \u00e1rvores frut\u00edferas.&nbsp;As plantas possuem texturas e cheiros que estimulam os sentidos das crian\u00e7as e geram muitas descobertas.<\/p>\n\n\n\n<p>O Centro ganhou ainda uma cozinha totalmente equipada, com foco no desenvolvimento das a\u00e7\u00f5es sociais, que tem como objetivo incentivar uma alimenta\u00e7\u00e3o saud\u00e1vel, segura,&nbsp;sustent\u00e1vel e acess\u00edvel para todos.<\/p>\n\n\n\n<p><strong>Uma hist\u00f3ria pioneira na educa\u00e7\u00e3o ambiental<\/strong><\/p>\n\n\n\n<p>Fundado em 22 de abril de 1990, o Centro de Educa\u00e7\u00e3o Ambiental de Arax\u00e1 foi o primeiro espa\u00e7o dedicado \u00e0 sensibiliza\u00e7\u00e3o ambiental implantado por uma empresa privada no Brasil.<\/p>\n\n\n\n<p>Agora em 2024, completou 34 anos, contribuindo para a forma\u00e7\u00e3o de uma consci\u00eancia ambiental mais cr\u00edtica. O local sempre foi frequentado por muitas crian\u00e7as, jovens e adultos, como uma extens\u00e3o sustent\u00e1vel das opera\u00e7\u00f5es do Complexo Mineroqu\u00edmico de Arax\u00e1, implantado para realiza\u00e7\u00e3o de a\u00e7\u00f5es voltadas a promover educa\u00e7\u00e3o, cultura, conscientiza\u00e7\u00e3o e lazer para toda a comunidade.<\/p>\n","protected":false},"excerpt":{"rendered":"<p>Ap\u00f3s a conclus\u00e3o das obras de moderniza\u00e7\u00e3o do Centro de Educa\u00e7\u00e3o Ambiental e Cidadania, iniciadas em 2023, a Mosaic&nbsp;reabriu nesta<\/p>\n","protected":false},"author":2,"featured_media":7673,"comment_status":"open","ping_status":"open","sticky":false,"template":"","format":"standard","meta":{"footnotes":""},"categories":[9,11],"tags":[],"class_list":["post-7671","post","type-post","status-publish","format-standard","has-post-thumbnail","hentry","category-araxa","category-destaques"],"_links":{"self":[{"href":"http:\/\/blogdoarmindomaia.com.br\/index.php?rest_route=\/wp\/v2\/posts\/7671","targetHints":{"allow":["GET"]}}],"collection":[{"href":"http:\/\/blogdoarmindomaia.com.br\/index.php?rest_route=\/wp\/v2\/posts"}],"about":[{"href":"http:\/\/blogdoarmindomaia.com.br\/index.php?rest_route=\/wp\/v2\/types\/post"}],"author":[{"embeddable":true,"href":"http:\/\/blogdoarmindomaia.com.br\/index.php?rest_route=\/wp\/v2\/users\/2"}],"replies":[{"embeddable":true,"href":"http:\/\/blogdoarmindomaia.com.br\/index.php?rest_route=%2Fwp%2Fv2%2Fcomments&post=7671"}],"version-history":[{"count":1,"href":"http:\/\/blogdoarmindomaia.com.br\/index.php?rest_route=\/wp\/v2\/posts\/7671\/revisions"}],"predecessor-version":[{"id":7674,"href":"http:\/\/blogdoarmindomaia.com.br\/index.php?rest_route=\/wp\/v2\/posts\/7671\/revisions\/7674"}],"wp:featuredmedia":[{"embeddable":true,"href":"http:\/\/blogdoarmindomaia.com.br\/index.php?rest_route=\/wp\/v2\/media\/7673"}],"wp:attachment":[{"href":"http:\/\/blogdoarmindomaia.com.br\/index.php?rest_route=%2Fwp%2Fv2%2Fmedia&parent=7671"}],"wp:term":[{"taxonomy":"category","embeddable":true,"href":"http:\/\/blogdoarmindomaia.com.br\/index.php?rest_route=%2Fwp%2Fv2%2Fcategories&post=7671"},{"taxonomy":"post_tag","embeddable":true,"href":"http:\/\/blogdoarmindomaia.com.br\/index.php?rest_route=%2Fwp%2Fv2%2Ftags&post=7671"}],"curies":[{"name":"wp","href":"https:\/\/api.w.org\/{rel}","templated":true}]}}