{"id":7678,"date":"2024-06-20T15:04:35","date_gmt":"2024-06-20T18:04:35","guid":{"rendered":"http:\/\/blogdoarmindomaia.com.br\/?p=7678"},"modified":"2024-06-20T15:04:37","modified_gmt":"2024-06-20T18:04:37","slug":"fliaraxa-2024-araxa-se-transforma-na-capital-nacional-da-literatura","status":"publish","type":"post","link":"http:\/\/blogdoarmindomaia.com.br\/?p=7678","title":{"rendered":"Fliarax\u00e1 2024: Arax\u00e1 se transforma na capital nacional da literatura\u00a0"},"content":{"rendered":"\n<p>Confira a programa\u00e7\u00e3o completa do Festival!<\/p>\n\n\n\n<figure class=\"wp-block-image size-large is-style-default\"><img loading=\"lazy\" decoding=\"async\" width=\"1024\" height=\"682\" src=\"http:\/\/blogdoarmindomaia.com.br\/wp-content\/uploads\/2024\/06\/Livraria-1024x682.jpeg\" alt=\"\" class=\"wp-image-7679\" srcset=\"http:\/\/blogdoarmindomaia.com.br\/wp-content\/uploads\/2024\/06\/Livraria-1024x682.jpeg 1024w, http:\/\/blogdoarmindomaia.com.br\/wp-content\/uploads\/2024\/06\/Livraria-300x200.jpeg 300w, http:\/\/blogdoarmindomaia.com.br\/wp-content\/uploads\/2024\/06\/Livraria-768x512.jpeg 768w, http:\/\/blogdoarmindomaia.com.br\/wp-content\/uploads\/2024\/06\/Livraria.jpeg 1280w\" sizes=\"auto, (max-width: 1024px) 100vw, 1024px\" \/><\/figure>\n\n\n\n<p><br>Mem\u00f3ria, Literatura e Diversidade. O Festival Liter\u00e1rio de Arax\u00e1 (Fliarax\u00e1) chega a sua 12\u00aa edi\u00e7\u00e3o. O evento come\u00e7ou na \u00faltima quarta-feira e vai at\u00e9 o pr\u00f3ximo domingo, dia 23, no p\u00e1tio da Funda\u00e7\u00e3o Cultural Calmon Barreto, com entrada gratuita.<br><br>O festival conta com programa\u00e7\u00e3o completa com op\u00e7\u00f5es para todas as faixas et\u00e1rias. Atividades acess\u00edveis, inclusivas, antirracistas, \u00e9ticas, educativas e em equil\u00edbrio com a diversidade, economia criativa, ra\u00e7a, g\u00eanero ser\u00e3o realizadas ao redor do tema.<br><br>A estrutura do evento conta com dois audit\u00f3rios, duas livrarias, intensa programa\u00e7\u00e3o infantil e infantojuvenil e a \u201cRua da Economia Criativa\u201d, com m\u00fasica instrumental, artesanato, gastronomia.<br><br>O 12.\u00ba Fliarax\u00e1 tem como autoras homenageadas Djamila Ribeiro e Bruna Lombardi e convidada especial, Concei\u00e7\u00e3o Evaristo. A programa\u00e7\u00e3o inclui quatro atra\u00e7\u00f5es internacionais: a cubana Teresa C\u00e1rdenas, o portugu\u00eas Afonso Cruz, a francesa Hannelore Cayre e o brasileiro radicado na Su\u00ed\u00e7a, Jamil Chade. As ind\u00edgenas Trudru\u00e1 Dorrico e Geni N\u00fa\u00f1ez trazem a diversidade para a lista de lista de autores.<br><br>Confira a programa\u00e7\u00e3o completa:<\/p>\n\n\n\n<p>Sexta-feira \u2013 dia&nbsp; 21 de junho<\/p>\n\n\n\n<p>13:00 &#8211; 14:00<\/p>\n\n\n\n<p><strong>Audit\u00f3rio 2<\/strong><\/p>\n\n\n\n<p><a href=\"https:\/\/fliaraxa.com.br\/evento\/programacao-regional-2\/\"><strong>Os desafios de express\u00e3o na arte \u2013 Academia Araxaense Juvenil de Letras<\/strong><\/a><strong><\/strong><\/p>\n\n\n\n<p>14:00 &#8211; 15:00<\/p>\n\n\n\n<p><strong>Audit\u00f3rio 1<\/strong><\/p>\n\n\n\n<p><a href=\"https:\/\/fliaraxa.com.br\/evento\/programacao-regional-2\/\"><strong>Educa\u00e7\u00e3o Infantil<\/strong><\/a><strong><\/strong><\/p>\n\n\n\n<p>com Dilma Dutra, L\u00eddia Maria e Deborah Maria. Media\u00e7\u00e3o: Diogo Mendes<\/p>\n\n\n\n<p>15:00 &#8211; 16:00<\/p>\n\n\n\n<p><strong>Audit\u00f3rio 1<\/strong><\/p>\n\n\n\n<p><strong>S\u00e1bado \u2013 dia 22 &#8211; s\u00e1bado<\/strong><\/p>\n\n\n\n<p><a href=\"https:\/\/fliaraxa.com.br\/evento\/programacao-regional-2\/\"><strong>A arte de ilustrar livros e encantar os leitores<\/strong><\/a><strong><\/strong><\/p>\n\n\n\n<p>com Luciana Olivier, Leo Calix, Ton Lima e Mayron Engel<\/p>\n\n\n\n<p>16:00 &#8211; 17:00<\/p>\n\n\n\n<p><strong>Audit\u00f3rio 1<\/strong><\/p>\n\n\n\n<p><strong>Domingo \u2013 dia 23<\/strong><\/p>\n\n\n\n<p><a href=\"https:\/\/fliaraxa.com.br\/evento\/programacao-regional-2\/\"><strong>Hist\u00f3ria de amor pela \u2013 10 anos de Ampara<\/strong><\/a><strong><\/strong><\/p>\n\n\n\n<p>com Jos\u00e9 Humberto, Patr\u00edcia Melo, Clevis Donizete. Media\u00e7\u00e3o: Juliana Machado<\/p>\n\n\n\n<p>17:00 &#8211; 18:00<\/p>\n\n\n\n<p><strong>Audit\u00f3rio 1<\/strong><\/p>\n\n\n\n<p><a href=\"https:\/\/fliaraxa.com.br\/evento\/programacao-regional-2\/\"><strong>A psicologia pela \u00f3tica da diversidade<\/strong><\/a><strong><\/strong><\/p>\n\n\n\n<p>Com Ismayla Roque e Andreza Maria. Mediadora: Priscila Garcia<\/p>\n\n\n\n<p>18:00 &#8211; 19:00<\/p>\n\n\n\n<p><strong>Audit\u00f3rio 1<\/strong><\/p>\n\n\n\n<p><a href=\"https:\/\/fliaraxa.com.br\/evento\/programacao-regional-2\/\"><strong>Palestra sobre o patrono Paulo de Tarso Santos<\/strong><\/a><strong><\/strong><\/p>\n\n\n\n<p>Convidado: Prof. Luciano Curi. Apoio: Academia Araxaense de Letras e Biblioteca Municipal Viriato Corr\u00eaa<\/p>\n\n\n\n<p>19:00 &#8211; 20:00<\/p>\n\n\n\n<p><strong>Audit\u00f3rio 1<\/strong><\/p>\n\n\n\n<p><a href=\"https:\/\/fliaraxa.com.br\/evento\/programacao-regional-2\/\"><strong>O Antiracismo Acad\u00eamico<\/strong><\/a><strong><\/strong><\/p>\n\n\n\n<p>Com En\u00e1gio Fernandes, Arthur Arantes Souza e Alessandra de Moraes Silva<\/p>\n\n\n\n<p>20:00 &#8211; 21:00<\/p>\n\n\n\n<p><strong>Audit\u00f3rio 1<\/strong><\/p>\n\n\n\n<p><a href=\"https:\/\/fliaraxa.com.br\/evento\/programacao-regional-2\/\"><strong>Ancestralidade como forma de resist\u00eancia<\/strong><\/a><strong><\/strong><\/p>\n\n\n\n<p>Com T\u00e1lisson Reis, Juliano Ra\u00e7a e Dayane Cristina<\/p>\n","protected":false},"excerpt":{"rendered":"<p>Confira a programa\u00e7\u00e3o completa do Festival! Mem\u00f3ria, Literatura e Diversidade. O Festival Liter\u00e1rio de Arax\u00e1 (Fliarax\u00e1) chega a sua 12\u00aa<\/p>\n","protected":false},"author":2,"featured_media":7679,"comment_status":"open","ping_status":"open","sticky":false,"template":"","format":"standard","meta":{"footnotes":""},"categories":[9,5,11],"tags":[],"class_list":["post-7678","post","type-post","status-publish","format-standard","has-post-thumbnail","hentry","category-araxa","category-arte-e-cultura","category-destaques"],"_links":{"self":[{"href":"http:\/\/blogdoarmindomaia.com.br\/index.php?rest_route=\/wp\/v2\/posts\/7678","targetHints":{"allow":["GET"]}}],"collection":[{"href":"http:\/\/blogdoarmindomaia.com.br\/index.php?rest_route=\/wp\/v2\/posts"}],"about":[{"href":"http:\/\/blogdoarmindomaia.com.br\/index.php?rest_route=\/wp\/v2\/types\/post"}],"author":[{"embeddable":true,"href":"http:\/\/blogdoarmindomaia.com.br\/index.php?rest_route=\/wp\/v2\/users\/2"}],"replies":[{"embeddable":true,"href":"http:\/\/blogdoarmindomaia.com.br\/index.php?rest_route=%2Fwp%2Fv2%2Fcomments&post=7678"}],"version-history":[{"count":1,"href":"http:\/\/blogdoarmindomaia.com.br\/index.php?rest_route=\/wp\/v2\/posts\/7678\/revisions"}],"predecessor-version":[{"id":7680,"href":"http:\/\/blogdoarmindomaia.com.br\/index.php?rest_route=\/wp\/v2\/posts\/7678\/revisions\/7680"}],"wp:featuredmedia":[{"embeddable":true,"href":"http:\/\/blogdoarmindomaia.com.br\/index.php?rest_route=\/wp\/v2\/media\/7679"}],"wp:attachment":[{"href":"http:\/\/blogdoarmindomaia.com.br\/index.php?rest_route=%2Fwp%2Fv2%2Fmedia&parent=7678"}],"wp:term":[{"taxonomy":"category","embeddable":true,"href":"http:\/\/blogdoarmindomaia.com.br\/index.php?rest_route=%2Fwp%2Fv2%2Fcategories&post=7678"},{"taxonomy":"post_tag","embeddable":true,"href":"http:\/\/blogdoarmindomaia.com.br\/index.php?rest_route=%2Fwp%2Fv2%2Ftags&post=7678"}],"curies":[{"name":"wp","href":"https:\/\/api.w.org\/{rel}","templated":true}]}}