{"id":768,"date":"2022-05-10T20:23:53","date_gmt":"2022-05-10T23:23:53","guid":{"rendered":"http:\/\/blogdoarmindomaia.com.br\/?p=768"},"modified":"2022-05-10T20:24:31","modified_gmt":"2022-05-10T23:24:31","slug":"vereadores-aprovam-recursos-para-a-realizacao-do-fliaraxa-e-copa-de-mountain-bike","status":"publish","type":"post","link":"http:\/\/blogdoarmindomaia.com.br\/?p=768","title":{"rendered":"Vereadores aprovam recursos para a realiza\u00e7\u00e3o do Fliarax\u00e1 e Copa de Mountain Bike"},"content":{"rendered":"\n<p>Seis vereadores usaram a Tribuna na Reuni\u00e3o Ordin\u00e1ria desta ter\u00e7a-feira (10) que contou tamb\u00e9m com a aprova\u00e7\u00e3o de dois projetos de repasse de recursos para a realiza\u00e7\u00e3o de eventos importantes do calend\u00e1rio municipal. Os vereadores aprovaram R$ 100 mil para a realiza\u00e7\u00e3o da 19\u00aa Copa Internacional de Mountain Bike e R$ 80 mil para a Associa\u00e7\u00e3o Cultural Sempre Um Papo, que realizar\u00e1 a 10\u00aa edi\u00e7\u00e3o do Festival Liter\u00e1rio de Arax\u00e1 (Fliarax\u00e1) no pr\u00f3ximo final de semana.<\/p>\n\n\n\n<p>A \u00edntegra das mat\u00e9rias pode ser acessada no portal&nbsp;<a href=\"http:\/\/sapl.araxa.mg.leg.br\/\" rel=\"noreferrer noopener\" target=\"_blank\">sapl.araxa.mg.leg.br<\/a>.<\/p>\n\n\n\n<p>Projetos aprovados:<\/p>\n\n\n\n<p>Projeto de Lei 103\/2022: Autoriza o Poder Executivo a realiza\u00e7\u00e3o de despesas \u2013 &#8220;19\u00aa Copa Internacional de Mountain Bike&#8221;. Autor: Executivo;<\/p>\n\n\n\n<p>Projeto de Lei 104\/2020: Autoriza o Poder Executivo a celebrar Termo de Fomento com a Associa\u00e7\u00e3o Cultural Sempre Um Papo, no valor de R$ 80.000,00. Autor: Executivo.<\/p>\n\n\n\n<p><strong>Luiz Carlos (Uni\u00e3o)<\/strong><\/p>\n\n\n\n<figure class=\"wp-block-image size-large is-style-default\"><img loading=\"lazy\" decoding=\"async\" width=\"1024\" height=\"683\" src=\"http:\/\/blogdoarmindomaia.com.br\/wp-content\/uploads\/2022\/05\/IMG_0250-1024x683.jpg\" alt=\"\" class=\"wp-image-769\" srcset=\"http:\/\/blogdoarmindomaia.com.br\/wp-content\/uploads\/2022\/05\/IMG_0250-1024x683.jpg 1024w, http:\/\/blogdoarmindomaia.com.br\/wp-content\/uploads\/2022\/05\/IMG_0250-300x200.jpg 300w, http:\/\/blogdoarmindomaia.com.br\/wp-content\/uploads\/2022\/05\/IMG_0250-768x512.jpg 768w, http:\/\/blogdoarmindomaia.com.br\/wp-content\/uploads\/2022\/05\/IMG_0250-1536x1024.jpg 1536w, http:\/\/blogdoarmindomaia.com.br\/wp-content\/uploads\/2022\/05\/IMG_0250.jpg 1920w\" sizes=\"auto, (max-width: 1024px) 100vw, 1024px\" \/><\/figure>\n\n\n\n<p>Primeiro vereador a usar a Tribuna, o vereador Luiz Carlos abordou a import\u00e2ncia da moderniza\u00e7\u00e3o do servi\u00e7o de ilumina\u00e7\u00e3o p\u00fablica e cobrou que a Prefeitura de Arax\u00e1 realize a implanta\u00e7\u00e3o da ilumina\u00e7\u00e3o de led de forma independente da Associa\u00e7\u00e3o dos Munic\u00edpios da Microrregi\u00e3o do Planalto de Arax\u00e1 (Ampla).<\/p>\n\n\n\n<p>O vereador solicitou a melhoria do servi\u00e7o de ilumina\u00e7\u00e3o na Avenida Professora Auxiliadora Paiva; a instala\u00e7\u00e3o de postes de ilumina\u00e7\u00e3o em trecho da Avenida S\u00f4nia Rosalina de Lima Santos.<\/p>\n\n\n\n<p>Luiz Carlos solicitou ainda que a Prefeitura de Arax\u00e1 fa\u00e7a o pagamento antecipado da primeira parcela do 13\u00ba sal\u00e1rio dos servidores municipais e autarquias no m\u00eas de julho. Segundo ele, a medida al\u00e9m de valorizar o servidor, contribuir\u00e1 no aquecimento do com\u00e9rcio local.<\/p>\n\n\n\n<p><strong>Bosco Junior (Avante)<\/strong><\/p>\n\n\n\n<figure class=\"wp-block-image size-large is-style-default\"><img loading=\"lazy\" decoding=\"async\" width=\"1024\" height=\"683\" src=\"http:\/\/blogdoarmindomaia.com.br\/wp-content\/uploads\/2022\/05\/IMG_0254-1024x683.jpg\" alt=\"\" class=\"wp-image-770\" srcset=\"http:\/\/blogdoarmindomaia.com.br\/wp-content\/uploads\/2022\/05\/IMG_0254-1024x683.jpg 1024w, http:\/\/blogdoarmindomaia.com.br\/wp-content\/uploads\/2022\/05\/IMG_0254-300x200.jpg 300w, http:\/\/blogdoarmindomaia.com.br\/wp-content\/uploads\/2022\/05\/IMG_0254-768x512.jpg 768w, http:\/\/blogdoarmindomaia.com.br\/wp-content\/uploads\/2022\/05\/IMG_0254-1536x1024.jpg 1536w, http:\/\/blogdoarmindomaia.com.br\/wp-content\/uploads\/2022\/05\/IMG_0254.jpg 1920w\" sizes=\"auto, (max-width: 1024px) 100vw, 1024px\" \/><\/figure>\n\n\n\n<p>Segundo orador da tarde desta ter\u00e7a-feira, Bosco Jr. destacou o 30\u00ba Encontro de Folias de Reis da Capela M\u00e1rtir Filomena realizado recentemente, al\u00e9m de abordar o importante projeto de sinaliza\u00e7\u00e3o das rotas ciclovi\u00e1rias que est\u00e1 sendo promovido pela Prefeitura de Arax\u00e1.<\/p>\n\n\n\n<p>Bosco Jr. solicitou ainda \u00e0 Secretaria de Obras P\u00fablicas e Mobilidade Urbana a revitaliza\u00e7\u00e3o e implanta\u00e7\u00e3o de aparelhos novos na academia ao ar livre da avenida Wilson Borges, al\u00e9m da limpeza e manuten\u00e7\u00e3o do espa\u00e7o citado.<\/p>\n\n\n\n<p>O vereador tamb\u00e9m solicitou que a Prefeitura ofere\u00e7a um local seguro no trecho que os romeiros transitam, entre Arax\u00e1 e a cidade de Romaria. Ofertando apoio com atendimento m\u00e9dico, ambul\u00e2ncia, hidrata\u00e7\u00e3o, alimenta\u00e7\u00e3o e banheiros,&nbsp; entre os dias 08 a 15 de agosto.<\/p>\n\n\n\n<p>Mo\u00e7\u00e3o de Congratula\u00e7\u00e3o foi destinada \u00e0 Jo\u00e3o Paulo Ferreira de Paula e toda sua equipe, pela realiza\u00e7\u00e3o da 30\u00aa Edi\u00e7\u00e3o do Encontro de Folias de Reis, realizado em Arax\u00e1 nos dias 28, 29, 30 de abril e 1\u00ba de maio.<\/p>\n\n\n\n<p><strong>Dirley da Escolinha (PROS)<\/strong><\/p>\n\n\n\n<figure class=\"wp-block-image size-large is-style-default\"><img loading=\"lazy\" decoding=\"async\" width=\"1024\" height=\"683\" src=\"http:\/\/blogdoarmindomaia.com.br\/wp-content\/uploads\/2022\/05\/IMG_0255-1024x683.jpg\" alt=\"\" class=\"wp-image-771\" srcset=\"http:\/\/blogdoarmindomaia.com.br\/wp-content\/uploads\/2022\/05\/IMG_0255-1024x683.jpg 1024w, http:\/\/blogdoarmindomaia.com.br\/wp-content\/uploads\/2022\/05\/IMG_0255-300x200.jpg 300w, http:\/\/blogdoarmindomaia.com.br\/wp-content\/uploads\/2022\/05\/IMG_0255-768x512.jpg 768w, http:\/\/blogdoarmindomaia.com.br\/wp-content\/uploads\/2022\/05\/IMG_0255-1536x1024.jpg 1536w, http:\/\/blogdoarmindomaia.com.br\/wp-content\/uploads\/2022\/05\/IMG_0255.jpg 1920w\" sizes=\"auto, (max-width: 1024px) 100vw, 1024px\" \/><\/figure>\n\n\n\n<p>O vereador Dirley da Escolinha iniciou sua Tribuna agradecendo o apoio da Secretaria de Esportes no transporte dos atletas para o jogo entre a Escolinha do Dirley e a Escolinha da Tapira realizada recentemente. Ele agradeceu \u00e0 Prefeitura de Arax\u00e1 pelo atendimento da solicita\u00e7\u00e3o de limpeza de bueiros no bairro Aeroporto e pela constru\u00e7\u00e3o de cal\u00e7ada no entorno do campo de futebol do bairro Aboli\u00e7\u00e3o.<\/p>\n\n\n\n<p>Dirley citou ainda a reuni\u00e3o realizada com a secret\u00e1ria de Sa\u00fade, Cristiane Gon\u00e7alves Pereira. Ele destacou os assuntos abordados no encontro: TFD, servi\u00e7os ofertados pela Uninorte e Unileste, atendimento nos PSFs, vacina\u00e7\u00e3o, entre outros.<\/p>\n\n\n\n<p>Entre as indica\u00e7\u00f5es, Dirley solicitou a limpeza interna e externa do Aeroporto Romeu Zema; manuten\u00e7\u00e3o da sinaliza\u00e7\u00e3o horizontal nos bairros Mangueiras e Max Neumann II. Dirley tamb\u00e9m fez uma homenagem a todas as m\u00e3es, atrav\u00e9s da profissional de sa\u00fade Nilza das Gra\u00e7as Ferreira, que trabalha h\u00e1 mais de 21 anos na Prefeitura de Arax\u00e1.<\/p>\n\n\n\n<p><strong>Jo\u00e3o Veras (PSD)<\/strong><\/p>\n\n\n\n<figure class=\"wp-block-image size-large is-style-default\"><img loading=\"lazy\" decoding=\"async\" width=\"1024\" height=\"683\" src=\"http:\/\/blogdoarmindomaia.com.br\/wp-content\/uploads\/2022\/05\/IMG_0264-1024x683.jpg\" alt=\"\" class=\"wp-image-772\" srcset=\"http:\/\/blogdoarmindomaia.com.br\/wp-content\/uploads\/2022\/05\/IMG_0264-1024x683.jpg 1024w, http:\/\/blogdoarmindomaia.com.br\/wp-content\/uploads\/2022\/05\/IMG_0264-300x200.jpg 300w, http:\/\/blogdoarmindomaia.com.br\/wp-content\/uploads\/2022\/05\/IMG_0264-768x512.jpg 768w, http:\/\/blogdoarmindomaia.com.br\/wp-content\/uploads\/2022\/05\/IMG_0264-1536x1024.jpg 1536w, http:\/\/blogdoarmindomaia.com.br\/wp-content\/uploads\/2022\/05\/IMG_0264.jpg 1920w\" sizes=\"auto, (max-width: 1024px) 100vw, 1024px\" \/><\/figure>\n\n\n\n<p>O vereador Jo\u00e3o Veras iniciou sua Tribuna apresentando Mo\u00e7\u00e3o de Congratula\u00e7\u00e3o e Reconhecimento \u00e0 equipe de funcion\u00e1rios da Uninorte, pelo excelente trabalho prestado \u00e0 comunidade.<\/p>\n\n\n\n<p>Entre as indica\u00e7\u00f5es, Jo\u00e3o solicitou a capina e limpeza de uma \u00e1rea institucional localizada no cruzamento das Ruas Maria de Lourdes Almeida e Carmelita Feliciano dos Santos, no Bairro Max Neumann; cobrou ainda que seja feita uma cal\u00e7ada ao longo da rua Sebasti\u00e3o Xeleco, no Max Neumann. Finalizando sua fala, Jo\u00e3o solicitou \u00e0 Mesa Diretora a realiza\u00e7\u00e3o de duas Reuni\u00f5es Ordin\u00e1rias por semana, e que cada vereador tenha seu tempo ampliado de 20 para 35 minutos no uso da Tribuna.<\/p>\n\n\n\n<p><strong>Wellington da Bit (PSD)<\/strong><\/p>\n\n\n\n<figure class=\"wp-block-image size-large is-style-default\"><img loading=\"lazy\" decoding=\"async\" width=\"1024\" height=\"683\" src=\"http:\/\/blogdoarmindomaia.com.br\/wp-content\/uploads\/2022\/05\/IMG_0268-1024x683.jpg\" alt=\"\" class=\"wp-image-773\" srcset=\"http:\/\/blogdoarmindomaia.com.br\/wp-content\/uploads\/2022\/05\/IMG_0268-1024x683.jpg 1024w, http:\/\/blogdoarmindomaia.com.br\/wp-content\/uploads\/2022\/05\/IMG_0268-300x200.jpg 300w, http:\/\/blogdoarmindomaia.com.br\/wp-content\/uploads\/2022\/05\/IMG_0268-768x512.jpg 768w, http:\/\/blogdoarmindomaia.com.br\/wp-content\/uploads\/2022\/05\/IMG_0268-1536x1024.jpg 1536w, http:\/\/blogdoarmindomaia.com.br\/wp-content\/uploads\/2022\/05\/IMG_0268.jpg 1920w\" sizes=\"auto, (max-width: 1024px) 100vw, 1024px\" \/><\/figure>\n\n\n\n<p>O vereador Wellington iniciou sua Tribuna apesentando projeto de lei de denomina\u00e7\u00e3o de via p\u00fablica: &#8220;Passe-se a denominar-se Rua Antonio Anastacio Ferreira, a atual &#8220;Rua Cinco&#8221; do Loteamento Flor de L\u00f3tus. Apresentou Mo\u00e7\u00e3o de Congratula\u00e7\u00e3o \u00e0 empreendedora social Ana Tereza Borges Prado, pelo projeto &#8220;Casa de Luisa&#8221;.<\/p>\n\n\n\n<p>Entre as indica\u00e7\u00f5es, Wellington solicitou ao Executivo, especialmente \u00e0 Secretaria de A\u00e7\u00e3o Social, para que seja promovida ampla campanha de divulga\u00e7\u00e3o \u00e0 popula\u00e7\u00e3o araxaense, imprensa, e formadores de opini\u00e3o acerca do Benef\u00edcio de Presta\u00e7\u00e3o Continuada (BPC). Segundo ele, em Arax\u00e1 s\u00e3o cerca de 2533 pessoas com defici\u00eancia e 1794 idosos acima de 65 anos que recebem o BPC e n\u00e3o perdem o benef\u00edcio se conquistarem um emprego com carteira assinada, podendo trabalhar e receber o benef\u00edcio simultaneamente por at\u00e9 dois anos.<\/p>\n\n\n\n<p>Wellington apresentou indica\u00e7\u00e3o para que seja resolvido o problema de infraestrutura, decorrente das enxurradas na regi\u00e3o da rotat\u00f3ria na \u00e1rea Av. Aracely de Paula e da Rua Santa Cruz.<\/p>\n\n\n\n<p><strong>Evaldo do Ferrocarril (PV)<\/strong><\/p>\n\n\n\n<figure class=\"wp-block-image size-large is-style-default\"><img loading=\"lazy\" decoding=\"async\" width=\"1024\" height=\"683\" src=\"http:\/\/blogdoarmindomaia.com.br\/wp-content\/uploads\/2022\/05\/IMG_0277-1024x683.jpg\" alt=\"\" class=\"wp-image-774\" srcset=\"http:\/\/blogdoarmindomaia.com.br\/wp-content\/uploads\/2022\/05\/IMG_0277-1024x683.jpg 1024w, http:\/\/blogdoarmindomaia.com.br\/wp-content\/uploads\/2022\/05\/IMG_0277-300x200.jpg 300w, http:\/\/blogdoarmindomaia.com.br\/wp-content\/uploads\/2022\/05\/IMG_0277-768x512.jpg 768w, http:\/\/blogdoarmindomaia.com.br\/wp-content\/uploads\/2022\/05\/IMG_0277-1536x1024.jpg 1536w, http:\/\/blogdoarmindomaia.com.br\/wp-content\/uploads\/2022\/05\/IMG_0277.jpg 1920w\" sizes=\"auto, (max-width: 1024px) 100vw, 1024px\" \/><\/figure>\n\n\n\n<p>\u00daltimo vereador a usar a Tribuna, o vereador Evaldo iniciou seu pronunciamento comentando a atual situa\u00e7\u00e3o pol\u00edtica de Arax\u00e1 e reafirmou sua posi\u00e7\u00e3o enquanto apoiador do prefeito Robson Magela e de sua gest\u00e3o.<\/p>\n\n\n\n<p>Evaldo fez v\u00e1rias indica\u00e7\u00f5es ao Executivo, entre elas: Reforma geral do galp\u00e3o da Prefeitura de Arax\u00e1 localizada no bairro Cincinato de \u00c1vila; cobran\u00e7a para limpeza do Liceu Artes e Of\u00edcios \u2013 Cord\u00e9lia Barreto que est\u00e1 com mato alto e focos do mosquito aedes aegypti; solicitou o conserto da luneta localizada no Mirante do Parque do Cristo; asfaltamento da rua Erminda Soares de Loudes, no bairro Salom\u00e3o Drummond; abertura de licita\u00e7\u00e3o para ocupa\u00e7\u00e3o do restaurante panor\u00e2mico localizado no Parque do Cristo; estudo de viabilidade &nbsp;para que a linha 19-A circule tamb\u00e9m aos s\u00e1bados, domingos e feriados; entre outros.<\/p>\n\n\n\n<p>Evaldo apresentou ainda o projeto de lei que disp\u00f5e sobre a proibi\u00e7\u00e3o da comercializa\u00e7\u00e3o do cachimbo de \u00e1gua eg\u00edpcio, conhecido como narguil\u00e9, aos menores de dezoito anos de idade, bem como seu consumo e uso em locais p\u00fablicos e d\u00e1 outras provid\u00eancias.<\/p>\n\n\n\n<p>Mo\u00e7\u00e3o de Congratula\u00e7\u00e3o e Reconhecimento ao Alexandre Jos\u00e9 de Paula, pelo trabalho desenvolvido no setor de esporte.<\/p>\n","protected":false},"excerpt":{"rendered":"<p>Seis vereadores usaram a Tribuna na Reuni\u00e3o Ordin\u00e1ria desta ter\u00e7a-feira (10) que contou tamb\u00e9m com a aprova\u00e7\u00e3o de dois projetos<\/p>\n","protected":false},"author":2,"featured_media":769,"comment_status":"open","ping_status":"open","sticky":false,"template":"","format":"standard","meta":{"footnotes":""},"categories":[9,25],"tags":[],"class_list":["post-768","post","type-post","status-publish","format-standard","has-post-thumbnail","hentry","category-araxa","category-politica"],"_links":{"self":[{"href":"http:\/\/blogdoarmindomaia.com.br\/index.php?rest_route=\/wp\/v2\/posts\/768","targetHints":{"allow":["GET"]}}],"collection":[{"href":"http:\/\/blogdoarmindomaia.com.br\/index.php?rest_route=\/wp\/v2\/posts"}],"about":[{"href":"http:\/\/blogdoarmindomaia.com.br\/index.php?rest_route=\/wp\/v2\/types\/post"}],"author":[{"embeddable":true,"href":"http:\/\/blogdoarmindomaia.com.br\/index.php?rest_route=\/wp\/v2\/users\/2"}],"replies":[{"embeddable":true,"href":"http:\/\/blogdoarmindomaia.com.br\/index.php?rest_route=%2Fwp%2Fv2%2Fcomments&post=768"}],"version-history":[{"count":1,"href":"http:\/\/blogdoarmindomaia.com.br\/index.php?rest_route=\/wp\/v2\/posts\/768\/revisions"}],"predecessor-version":[{"id":775,"href":"http:\/\/blogdoarmindomaia.com.br\/index.php?rest_route=\/wp\/v2\/posts\/768\/revisions\/775"}],"wp:featuredmedia":[{"embeddable":true,"href":"http:\/\/blogdoarmindomaia.com.br\/index.php?rest_route=\/wp\/v2\/media\/769"}],"wp:attachment":[{"href":"http:\/\/blogdoarmindomaia.com.br\/index.php?rest_route=%2Fwp%2Fv2%2Fmedia&parent=768"}],"wp:term":[{"taxonomy":"category","embeddable":true,"href":"http:\/\/blogdoarmindomaia.com.br\/index.php?rest_route=%2Fwp%2Fv2%2Fcategories&post=768"},{"taxonomy":"post_tag","embeddable":true,"href":"http:\/\/blogdoarmindomaia.com.br\/index.php?rest_route=%2Fwp%2Fv2%2Ftags&post=768"}],"curies":[{"name":"wp","href":"https:\/\/api.w.org\/{rel}","templated":true}]}}