{"id":7686,"date":"2024-06-21T16:02:44","date_gmt":"2024-06-21T19:02:44","guid":{"rendered":"http:\/\/blogdoarmindomaia.com.br\/?p=7686"},"modified":"2024-06-21T16:02:46","modified_gmt":"2024-06-21T19:02:46","slug":"gestao-administrativa-reforma-tributaria-e-desenvolvimento-economico-foram-destaques-no-conexao-empresarial-2024","status":"publish","type":"post","link":"http:\/\/blogdoarmindomaia.com.br\/?p=7686","title":{"rendered":"Gest\u00e3o administrativa, reforma \u00a0tribut\u00e1ria e desenvolvimento econ\u00f4mico foram destaques no Conex\u00e3o Empresarial 2024"},"content":{"rendered":"\n<figure class=\"wp-block-image size-full is-style-default\"><img loading=\"lazy\" decoding=\"async\" width=\"612\" height=\"533\" src=\"http:\/\/blogdoarmindomaia.com.br\/wp-content\/uploads\/2024\/06\/Gestao-administrativa-reforma-tributaria-e-desenvolvimento-pag-09.jpeg\" alt=\"\" class=\"wp-image-7687\" srcset=\"http:\/\/blogdoarmindomaia.com.br\/wp-content\/uploads\/2024\/06\/Gestao-administrativa-reforma-tributaria-e-desenvolvimento-pag-09.jpeg 612w, http:\/\/blogdoarmindomaia.com.br\/wp-content\/uploads\/2024\/06\/Gestao-administrativa-reforma-tributaria-e-desenvolvimento-pag-09-300x261.jpeg 300w\" sizes=\"auto, (max-width: 612px) 100vw, 612px\" \/><figcaption class=\"wp-element-caption\">CREATOR: gd-jpeg v1.0 (using IJG JPEG v62), quality = 100<\/figcaption><\/figure>\n\n\n\n<p>Terminou no \u00faltimo domingo no Grande Hotel do Barreiro em Arax\u00e1, a edi\u00e7\u00e3o 2024 do Conex\u00e3o Empresarial Anual de 2024.&nbsp;&nbsp; Foram 3 dias de evento numa &nbsp;intensa movimenta\u00e7\u00e3o. Destaque para o primeiro dia, marcado pelas presen\u00e7as de&nbsp; ministros do governo Lula, o vice-governador Mateus Sim\u00f5es, empres\u00e1rios, autoridades e representantes da sociedade. No discurso de abertura do evento neste ano, o organizador do Conex\u00e3o Empresarial, o jornalista Paulo C\u00e9sar de Oliveira, ressaltou, \u201c a import\u00e2ncia do evento para o debate de temas relevantes da pol\u00edtica e da economia: emo\u00e7\u00e3o, alegria e agradecimento s\u00e3o as palavras que representam meu sentimento de estar aqui junto de voc\u00eas. Neste ano, um dos idealizadores do Conex\u00e3o, Gustavo Cesar Oliveira, n\u00e3o est\u00e1 aqui conosco, pois entrou em uma carreira solo com o Canal Viver Brasil. De p\u00fablico, quero agradecer ao ineg\u00e1vel apoio de minha mulher Maria In\u00eaz Narciso e de toda equipe da Viver Brasil. S\u00e3o 13 anos de trabalho e dedica\u00e7\u00e3o em prol de fazer esse evento, que re\u00fane empres\u00e1rios, lideran\u00e7as e profissionais liberais para discuss\u00e3o do mais alto n\u00edvel, nas diversas \u00e1reas do conhecimento, das pr\u00e1ticas inovadoras, da sustentabilidade econ\u00f4mica, ambiental e social, al\u00e9m de temas relevantes da pol\u00edtica e da economia. \u00c0s empresas patrocinadoras e apoiadoras que acreditam no projeto e a todos voc\u00eas, meus sinceros agradecimentos e vamos juntos aproveitar os dias com muita aprendizagem, divers\u00e3o e bem-estar.\u201d<\/p>\n\n\n\n<p>Durante sua palestra o vice governador de Minas Gerais Professor Mateus Sim\u00f5es, apresentou um panorama das a\u00e7\u00f5es e conquistas do governo estadual em \u00e1reas como desenvolvimento econ\u00f4mico, sa\u00fade, educa\u00e7\u00e3o, seguran\u00e7a e social. Ele enfatizou que as iniciativas implementadas pelo governo t\u00eam potencial para gerar benef\u00edcios duradouros para a popula\u00e7\u00e3o mineira.<\/p>\n\n\n\n<p><strong><em>\u201cSe nosso mandato terminasse hoje, ainda colher\u00edamos resultados positivos em v\u00e1rias \u00e1reas pelos pr\u00f3ximos dez anos. Hoje, vou demonstrar como esse avan\u00e7o pode ser percebido em diversas frentes\u201d<\/em><\/strong>, afirmou.<\/p>\n\n\n\n<p><strong>Avan\u00e7os econ\u00f4micos<\/strong><\/p>\n\n\n\n<p>Na \u00e1rea de desenvolvimento econ\u00f4mico, o vice-governador destacou o crescimento do Produto Interno Bruto (PIB) de Minas Gerais, a cria\u00e7\u00e3o de empregos formais e a atra\u00e7\u00e3o de investimentos. Esses indicadores registraram avan\u00e7os significativos nos \u00faltimos anos.<\/p>\n\n\n\n<p><strong><em>\u201cEsse crescimento econ\u00f4mico \u00e9 fruto de um esfor\u00e7o relevante do Estado, que tem melhorado consistentemente os indicadores de Minas Gerais. Conseguimos atingir um \u00edndice de desemprego que \u00e9 o menor da s\u00e9rie hist\u00f3rica medida no Brasil\u201d<\/em><\/strong>, comemorou Professor Mateus.<\/p>\n\n\n\n<p>J\u00e1 o Ministro das Rela\u00e7\u00f5es Institucionais do governo Lula, Alexandre Padilha, em sua palestra principalmente a import\u00e2ncia da regulamenta\u00e7\u00e3o da reforma tribut\u00e1ria no Brasil.<\/p>\n\n\n\n<p>A sa\u00fade tamb\u00e9m esteve em debate, come\u00e7ando com o Painel Sa\u00fade e Bem-Estar \u2013 Sal\u00e3o Solar dos Arax\u00e1s, com o tema \u201cPreven\u00e7\u00e3o, alimenta\u00e7\u00e3o e h\u00e1bitos di\u00e1rios para uma longevidade saud\u00e1vel\u201d. O presidente do Conselho da Rede Mater Dei de Sa\u00fade, dr. Henrique Salvador, abriu os trabalhos e na sequ\u00eancia, o nefrologista e preceptor de Cl\u00ednica M\u00e9dica na Rede Mater Dei de Sa\u00fade, dr. Paulo Trindade, abordou a \u201cPreven\u00e7\u00e3o e promo\u00e7\u00e3o \u00e0 sa\u00fade\u201d. A s\u00f3cia-propriet\u00e1ria, diretora m\u00e9dica do Kurotel e especialista em Nutrologia do Centro Contempor\u00e2neo de Sa\u00fade e Bem-Estar em Gramado, Mariela Silveira, falou dos \u201cALIMENTOS DA LONGEVIDADE \u2013 Saiba o que n\u00e3o funciona e descubra o que realmente \u00e9 alimento-chave para se viver mais e melhor\u201d. Na sequ\u00eancia dos trabalhos de s\u00e1bado, o cardiologista e diretor da Cl\u00ednica Marcos Andrade, dr. Marcos Andrade, encerrou o painel falando de \u201cTerceirizar para o m\u00e9dico, rem\u00e9dios e exames a responsabilidade pela nossa sa\u00fade, \u00e9 o melhor caminho a longevidade saud\u00e1vel?\u201d<\/p>\n","protected":false},"excerpt":{"rendered":"<p>Terminou no \u00faltimo domingo no Grande Hotel do Barreiro em Arax\u00e1, a edi\u00e7\u00e3o 2024 do Conex\u00e3o Empresarial Anual de 2024.&nbsp;&nbsp;<\/p>\n","protected":false},"author":2,"featured_media":7687,"comment_status":"open","ping_status":"open","sticky":false,"template":"","format":"standard","meta":{"footnotes":""},"categories":[9,11],"tags":[],"class_list":["post-7686","post","type-post","status-publish","format-standard","has-post-thumbnail","hentry","category-araxa","category-destaques"],"_links":{"self":[{"href":"http:\/\/blogdoarmindomaia.com.br\/index.php?rest_route=\/wp\/v2\/posts\/7686","targetHints":{"allow":["GET"]}}],"collection":[{"href":"http:\/\/blogdoarmindomaia.com.br\/index.php?rest_route=\/wp\/v2\/posts"}],"about":[{"href":"http:\/\/blogdoarmindomaia.com.br\/index.php?rest_route=\/wp\/v2\/types\/post"}],"author":[{"embeddable":true,"href":"http:\/\/blogdoarmindomaia.com.br\/index.php?rest_route=\/wp\/v2\/users\/2"}],"replies":[{"embeddable":true,"href":"http:\/\/blogdoarmindomaia.com.br\/index.php?rest_route=%2Fwp%2Fv2%2Fcomments&post=7686"}],"version-history":[{"count":1,"href":"http:\/\/blogdoarmindomaia.com.br\/index.php?rest_route=\/wp\/v2\/posts\/7686\/revisions"}],"predecessor-version":[{"id":7688,"href":"http:\/\/blogdoarmindomaia.com.br\/index.php?rest_route=\/wp\/v2\/posts\/7686\/revisions\/7688"}],"wp:featuredmedia":[{"embeddable":true,"href":"http:\/\/blogdoarmindomaia.com.br\/index.php?rest_route=\/wp\/v2\/media\/7687"}],"wp:attachment":[{"href":"http:\/\/blogdoarmindomaia.com.br\/index.php?rest_route=%2Fwp%2Fv2%2Fmedia&parent=7686"}],"wp:term":[{"taxonomy":"category","embeddable":true,"href":"http:\/\/blogdoarmindomaia.com.br\/index.php?rest_route=%2Fwp%2Fv2%2Fcategories&post=7686"},{"taxonomy":"post_tag","embeddable":true,"href":"http:\/\/blogdoarmindomaia.com.br\/index.php?rest_route=%2Fwp%2Fv2%2Ftags&post=7686"}],"curies":[{"name":"wp","href":"https:\/\/api.w.org\/{rel}","templated":true}]}}