{"id":7693,"date":"2024-06-21T16:09:05","date_gmt":"2024-06-21T19:09:05","guid":{"rendered":"http:\/\/blogdoarmindomaia.com.br\/?p=7693"},"modified":"2024-06-21T16:09:07","modified_gmt":"2024-06-21T19:09:07","slug":"dra-karina-prado-e-coautoras-lancam-no-fliaraxa-o-livro-trajetorias-de-mulheres-reais","status":"publish","type":"post","link":"http:\/\/blogdoarmindomaia.com.br\/?p=7693","title":{"rendered":"Dra. Karina Prado e coautoras lan\u00e7am no Fliarax\u00e1 o livro \u201cTrajet\u00f3rias de Mulheres Reais\u201d"},"content":{"rendered":"\n<figure class=\"wp-block-image size-large is-style-default\"><img loading=\"lazy\" decoding=\"async\" width=\"1024\" height=\"1024\" src=\"http:\/\/blogdoarmindomaia.com.br\/wp-content\/uploads\/2024\/06\/Dra.-Karina-Prado-e-coautoras-pag-10-1024x1024.jpg\" alt=\"\" class=\"wp-image-7694\" srcset=\"http:\/\/blogdoarmindomaia.com.br\/wp-content\/uploads\/2024\/06\/Dra.-Karina-Prado-e-coautoras-pag-10-1024x1024.jpg 1024w, http:\/\/blogdoarmindomaia.com.br\/wp-content\/uploads\/2024\/06\/Dra.-Karina-Prado-e-coautoras-pag-10-300x300.jpg 300w, http:\/\/blogdoarmindomaia.com.br\/wp-content\/uploads\/2024\/06\/Dra.-Karina-Prado-e-coautoras-pag-10-150x150.jpg 150w, http:\/\/blogdoarmindomaia.com.br\/wp-content\/uploads\/2024\/06\/Dra.-Karina-Prado-e-coautoras-pag-10-768x768.jpg 768w, http:\/\/blogdoarmindomaia.com.br\/wp-content\/uploads\/2024\/06\/Dra.-Karina-Prado-e-coautoras-pag-10-1536x1536.jpg 1536w, http:\/\/blogdoarmindomaia.com.br\/wp-content\/uploads\/2024\/06\/Dra.-Karina-Prado-e-coautoras-pag-10.jpg 1600w\" sizes=\"auto, (max-width: 1024px) 100vw, 1024px\" \/><\/figure>\n\n\n\n<p>Neste domingo, dia 23 de junho, \u00e0s 17:00 no Audit\u00f3rio I do Fliarax\u00e1, acontecer\u00e1 o lan\u00e7amento do Livro \u201cTrajet\u00f3rias de Mulheres Reais\u201d idealizado, organizado e escrito pela Advogada e Escritora Dra. Karina Prado e pelas coautoras convidadas por ela, Adriana Andrea (\u00d3ticas \u00c1quila), Carla de Oliveira (Consultora de Imagem), Carol Montoro (Psic\u00f3loga), Clarissa Nagli (Hidromania), Dra. Giovana \u00c1vila (Cirurgi\u00e3-Dentista), Idelma da Costa (Escritora e Servidora do TJMG), Keila Marangon (Joias Bella Marangon), Larissa Vasconcelos (Anna Jacintha Eventos), Paula Nogueira (Styl Company), Reilla Prado (Reilla Care Oficial) e Dra. Tatiana Brand\u00e3o (Centro Odontol\u00f3gico COP), onde o leitor encontrar\u00e1 as trajet\u00f3rias autobiogr\u00e1ficas de cada uma das coautoras que residem e empreendem na cidade de Arax\u00e1.<\/p>\n\n\n\n<p>O Leitor encontrar\u00e1 tamb\u00e9m um cap\u00edtulo escrito pela autora Dra. Karina Prado, onde a mesma cita intera\u00e7\u00f5es e projetos compartilhados que teve ao longo dos 10 anos de Arax\u00e1 com 9 mulheres que realizam um importante trabalho social e de comunica\u00e7\u00e3o na cidade, sendo elas: Andrea Galleguillos (Projeto de V\u00f4lei Meninas de Ouro), Doraildes Matos (Irm\u00e3 Salesiana), Dra. Karina Cleto (M\u00e9dica Psiquiatra), L\u00facia Helena (Associa\u00e7\u00e3o do Amor), Marisa Rufino (Cufa Arax\u00e1), Mirthes Mirian (Associa\u00e7\u00e3o Ser M\u00e1gico, Ser Mulher), Dra. Sandra Afonso (Instituto Consci\u00eancia e A\u00e7\u00e3o), Silla Silva (Jovem Pan e Escolha Cast) e Simone Rosa (Jornal Intera\u00e7\u00e3o).<\/p>\n\n\n\n<p>O Livro tamb\u00e9m conta com belas palavras nos Pref\u00e1cios do Escritor e Membro da Academia Araxaense de Letras Ton Arax\u00e1 e do Jornalista Armindo Maia.<\/p>\n","protected":false},"excerpt":{"rendered":"<p>Neste domingo, dia 23 de junho, \u00e0s 17:00 no Audit\u00f3rio I do Fliarax\u00e1, acontecer\u00e1 o lan\u00e7amento do Livro \u201cTrajet\u00f3rias de<\/p>\n","protected":false},"author":2,"featured_media":7694,"comment_status":"open","ping_status":"open","sticky":false,"template":"","format":"standard","meta":{"footnotes":""},"categories":[9,11],"tags":[],"class_list":["post-7693","post","type-post","status-publish","format-standard","has-post-thumbnail","hentry","category-araxa","category-destaques"],"_links":{"self":[{"href":"http:\/\/blogdoarmindomaia.com.br\/index.php?rest_route=\/wp\/v2\/posts\/7693","targetHints":{"allow":["GET"]}}],"collection":[{"href":"http:\/\/blogdoarmindomaia.com.br\/index.php?rest_route=\/wp\/v2\/posts"}],"about":[{"href":"http:\/\/blogdoarmindomaia.com.br\/index.php?rest_route=\/wp\/v2\/types\/post"}],"author":[{"embeddable":true,"href":"http:\/\/blogdoarmindomaia.com.br\/index.php?rest_route=\/wp\/v2\/users\/2"}],"replies":[{"embeddable":true,"href":"http:\/\/blogdoarmindomaia.com.br\/index.php?rest_route=%2Fwp%2Fv2%2Fcomments&post=7693"}],"version-history":[{"count":1,"href":"http:\/\/blogdoarmindomaia.com.br\/index.php?rest_route=\/wp\/v2\/posts\/7693\/revisions"}],"predecessor-version":[{"id":7695,"href":"http:\/\/blogdoarmindomaia.com.br\/index.php?rest_route=\/wp\/v2\/posts\/7693\/revisions\/7695"}],"wp:featuredmedia":[{"embeddable":true,"href":"http:\/\/blogdoarmindomaia.com.br\/index.php?rest_route=\/wp\/v2\/media\/7694"}],"wp:attachment":[{"href":"http:\/\/blogdoarmindomaia.com.br\/index.php?rest_route=%2Fwp%2Fv2%2Fmedia&parent=7693"}],"wp:term":[{"taxonomy":"category","embeddable":true,"href":"http:\/\/blogdoarmindomaia.com.br\/index.php?rest_route=%2Fwp%2Fv2%2Fcategories&post=7693"},{"taxonomy":"post_tag","embeddable":true,"href":"http:\/\/blogdoarmindomaia.com.br\/index.php?rest_route=%2Fwp%2Fv2%2Ftags&post=7693"}],"curies":[{"name":"wp","href":"https:\/\/api.w.org\/{rel}","templated":true}]}}