{"id":7699,"date":"2024-06-21T16:14:30","date_gmt":"2024-06-21T19:14:30","guid":{"rendered":"http:\/\/blogdoarmindomaia.com.br\/?p=7699"},"modified":"2024-06-21T16:14:33","modified_gmt":"2024-06-21T19:14:33","slug":"araxa-participou-do-encontro-nacional-de-grupos-de-apoio-a-adocao-em-natal","status":"publish","type":"post","link":"http:\/\/blogdoarmindomaia.com.br\/?p=7699","title":{"rendered":"Arax\u00e1 participou do Encontro Nacional de Grupos de Apoio \u00e0 Ado\u00e7\u00e3o, em Natal"},"content":{"rendered":"\n<figure class=\"wp-block-image size-large is-style-default\"><img loading=\"lazy\" decoding=\"async\" width=\"1024\" height=\"884\" src=\"http:\/\/blogdoarmindomaia.com.br\/wp-content\/uploads\/2024\/06\/Araxa-participou-do-Encontro-Nacional-de-Grupos-de-Apoio-a-Adocao-pag-11-1024x884.jpeg\" alt=\"\" class=\"wp-image-7700\" srcset=\"http:\/\/blogdoarmindomaia.com.br\/wp-content\/uploads\/2024\/06\/Araxa-participou-do-Encontro-Nacional-de-Grupos-de-Apoio-a-Adocao-pag-11-1024x884.jpeg 1024w, http:\/\/blogdoarmindomaia.com.br\/wp-content\/uploads\/2024\/06\/Araxa-participou-do-Encontro-Nacional-de-Grupos-de-Apoio-a-Adocao-pag-11-300x259.jpeg 300w, http:\/\/blogdoarmindomaia.com.br\/wp-content\/uploads\/2024\/06\/Araxa-participou-do-Encontro-Nacional-de-Grupos-de-Apoio-a-Adocao-pag-11-768x663.jpeg 768w, http:\/\/blogdoarmindomaia.com.br\/wp-content\/uploads\/2024\/06\/Araxa-participou-do-Encontro-Nacional-de-Grupos-de-Apoio-a-Adocao-pag-11.jpeg 1497w\" sizes=\"auto, (max-width: 1024px) 100vw, 1024px\" \/><\/figure>\n\n\n\n<p>Atores do Sistema de Garantia de Direitos de Crian\u00e7as e Adolescentes participaram do XXVII Encontro Nacional dos Grupos de Apoio \u00e0 Ado\u00e7\u00e3o (ENAPA), maior evento sobre ado\u00e7\u00e3o do Brasil, que aconteceu entre os dias 6 e 8 de junho em Natal (RN).<br><br>O grupo foi representado por membros do Poder Judici\u00e1rio, Minist\u00e9rio P\u00fablico, Grupo de Apoio \u00e0 Ado\u00e7\u00e3o Aquecendo Vidas, Conselho Tutelar, Funda\u00e7\u00e3o da Crian\u00e7a e Adolescente de Arax\u00e1 (FCAA), Conselho Municipal dos Direitos da Crian\u00e7a e do Adolescente (CMDCA) e Secretarias Municipais de Educa\u00e7\u00e3o e A\u00e7\u00e3o Social.<br><br>O tema deste ano, \u201cAdo\u00e7\u00e3o n\u00e3o tem ra\u00e7a, tem cores\u201d, buscou discutir, dar visibilidade e desmistificar n\u00e3o s\u00f3 as ado\u00e7\u00f5es interraciais, mas toda a diversidade que permeia a ado\u00e7\u00e3o.<\/p>\n","protected":false},"excerpt":{"rendered":"<p>Atores do Sistema de Garantia de Direitos de Crian\u00e7as e Adolescentes participaram do XXVII Encontro Nacional dos Grupos de Apoio<\/p>\n","protected":false},"author":2,"featured_media":7700,"comment_status":"open","ping_status":"open","sticky":false,"template":"","format":"standard","meta":{"footnotes":""},"categories":[9,11],"tags":[],"class_list":["post-7699","post","type-post","status-publish","format-standard","has-post-thumbnail","hentry","category-araxa","category-destaques"],"_links":{"self":[{"href":"http:\/\/blogdoarmindomaia.com.br\/index.php?rest_route=\/wp\/v2\/posts\/7699","targetHints":{"allow":["GET"]}}],"collection":[{"href":"http:\/\/blogdoarmindomaia.com.br\/index.php?rest_route=\/wp\/v2\/posts"}],"about":[{"href":"http:\/\/blogdoarmindomaia.com.br\/index.php?rest_route=\/wp\/v2\/types\/post"}],"author":[{"embeddable":true,"href":"http:\/\/blogdoarmindomaia.com.br\/index.php?rest_route=\/wp\/v2\/users\/2"}],"replies":[{"embeddable":true,"href":"http:\/\/blogdoarmindomaia.com.br\/index.php?rest_route=%2Fwp%2Fv2%2Fcomments&post=7699"}],"version-history":[{"count":1,"href":"http:\/\/blogdoarmindomaia.com.br\/index.php?rest_route=\/wp\/v2\/posts\/7699\/revisions"}],"predecessor-version":[{"id":7701,"href":"http:\/\/blogdoarmindomaia.com.br\/index.php?rest_route=\/wp\/v2\/posts\/7699\/revisions\/7701"}],"wp:featuredmedia":[{"embeddable":true,"href":"http:\/\/blogdoarmindomaia.com.br\/index.php?rest_route=\/wp\/v2\/media\/7700"}],"wp:attachment":[{"href":"http:\/\/blogdoarmindomaia.com.br\/index.php?rest_route=%2Fwp%2Fv2%2Fmedia&parent=7699"}],"wp:term":[{"taxonomy":"category","embeddable":true,"href":"http:\/\/blogdoarmindomaia.com.br\/index.php?rest_route=%2Fwp%2Fv2%2Fcategories&post=7699"},{"taxonomy":"post_tag","embeddable":true,"href":"http:\/\/blogdoarmindomaia.com.br\/index.php?rest_route=%2Fwp%2Fv2%2Ftags&post=7699"}],"curies":[{"name":"wp","href":"https:\/\/api.w.org\/{rel}","templated":true}]}}