{"id":7708,"date":"2024-06-21T16:27:34","date_gmt":"2024-06-21T19:27:34","guid":{"rendered":"http:\/\/blogdoarmindomaia.com.br\/?p=7708"},"modified":"2024-06-21T16:27:36","modified_gmt":"2024-06-21T19:27:36","slug":"forum-internacional-da-expoqueijo-brasil-abre-inscricoes","status":"publish","type":"post","link":"http:\/\/blogdoarmindomaia.com.br\/?p=7708","title":{"rendered":"F\u00f3rum Internacional da ExpoQueijo Brasil abre inscri\u00e7\u00f5es"},"content":{"rendered":"\n<figure class=\"wp-block-image size-full is-style-default\"><img loading=\"lazy\" decoding=\"async\" width=\"1024\" height=\"563\" src=\"http:\/\/blogdoarmindomaia.com.br\/wp-content\/uploads\/2024\/06\/Forum-Internacional-da-ExpoQueijo-Brasil-abre-inscricoes-pag-09.jpg\" alt=\"\" class=\"wp-image-7709\" srcset=\"http:\/\/blogdoarmindomaia.com.br\/wp-content\/uploads\/2024\/06\/Forum-Internacional-da-ExpoQueijo-Brasil-abre-inscricoes-pag-09.jpg 1024w, http:\/\/blogdoarmindomaia.com.br\/wp-content\/uploads\/2024\/06\/Forum-Internacional-da-ExpoQueijo-Brasil-abre-inscricoes-pag-09-300x165.jpg 300w, http:\/\/blogdoarmindomaia.com.br\/wp-content\/uploads\/2024\/06\/Forum-Internacional-da-ExpoQueijo-Brasil-abre-inscricoes-pag-09-768x422.jpg 768w\" sizes=\"auto, (max-width: 1024px) 100vw, 1024px\" \/><\/figure>\n\n\n\n<p><em>Todas as atividades s\u00e3o gratuitas; veja a programa\u00e7\u00e3o<\/em><\/p>\n\n\n\n<p><\/p>\n\n\n\n<p><\/p>\n\n\n\n<p>&nbsp;O F\u00f3rum Internacional de Produtos da Agroind\u00fastria e Agricultura Familiar da ExpoQueijo Brasil \u2013 Arax\u00e1 Internacional Cheese Awards &#8211; est\u00e1 com inscri\u00e7\u00f5es abertas. Produtores, t\u00e9cnicos e interessados na \u00e1rea podem se inscrever por meio do site oficial do evento, na aba \u201cO F\u00f3rum\u201d. \u201cUm link vai redirecionar o interessado a uma plataforma para que ele fa\u00e7a seu cadastro, que \u00e9 bem simples e r\u00e1pido. Vale lembrar que todas as atividades s\u00e3o gratuitas\u201d, comenta Maricell Hussein, organizadora do evento.&nbsp;<\/p>\n\n\n\n<p>O F\u00f3rum Internacional ter\u00e1 dois dias com palestras, oficinas e importantes momentos de debates. \u201cA ideia \u00e9 apoiar o desenvolvimento de produtores rurais da agricultura familiar, oportunizando conhecimento t\u00e9cnico, aperfei\u00e7oado e moderno em todos os n\u00edveis da estrutura de trabalho e gest\u00e3o do neg\u00f3cio\u201d, ressalta.<\/p>\n\n\n\n<p><strong>Programa\u00e7\u00e3o<\/strong><\/p>\n\n\n\n<p>28 DE JUNHO | SEXTA-FEIRA<\/p>\n\n\n\n<p><em>8h \u2013 9h | Abertura<\/em><\/p>\n\n\n\n<p>&#8211;&nbsp;Gilson Sales \u2013 Secretaria de Agricultura, Pecu\u00e1ria e Abastecimento (Seapa Minas Gerais);<\/p>\n\n\n\n<p>&#8211; Frank Mour\u00e3o Barroso \u2013 Federa\u00e7\u00e3o da Agricultura e Pecu\u00e1ria do Estado de Minas Gerais (FAEMG);<\/p>\n\n\n\n<p>&#8211; Alessandro Souza \u2013 Servi\u00e7o Brasileiro de Apoio \u00e0s Micro e Pequenas Empresas (Sebrae \/ MG);<\/p>\n\n\n\n<p>&#8211; Carlos Caioca \u2013 Minist\u00e9rio da Agricultura, Pecu\u00e1ria e Abastecimento (MAPA);<\/p>\n\n\n\n<p>&#8211; Maricell Hussein \u2013 Bonare Eventos;<\/p>\n\n\n\n<p>&#8211; Anna Hussein \u2013 Bonare Eventos.<\/p>\n\n\n\n<p><em>9h \u2013 12h | Oficina: Influ\u00eancia do terroir na matura\u00e7\u00e3o de queijos artesanais: uma an\u00e1lise sensorial comentada<\/em><\/p>\n\n\n\n<p>&#8211; Prof. Elmer Ferreira Luiz de Almeida \u2013 Instrutor t\u00e9cnico do SENAR MG;<\/p>\n\n\n\n<p>&#8211; Grazia Mercalli \u2013 Tecn\u00f3loga em alimentos e mestra em Ci\u00eancia da Prepara\u00e7\u00e3o de Alimento pela Universidade Estadual de Mil\u00e3o.<\/p>\n\n\n\n<p>&nbsp;29 DE JUNHO | S\u00c1BADO<\/p>\n\n\n\n<p><em>8h \u2013 9h30 | Desafios e oportunidades para as Indica\u00e7\u00f5es Geogr\u00e1ficas<\/em><\/p>\n\n\n\n<p>&#8211; Dr. Riccardo Deserti \u2013 Diretor do Consorzio Parmigiano Reggiano e Presidente da Origine;<\/p>\n\n\n\n<p>&#8211; Ricardo Boscaro de Castro \u2013 Analista de Agroneg\u00f3cio do Sebrae-MG; coordenador do Programa \u201cAgentes Locais de Inova\u00e7\u00e3o\u201d (ALI) em Indica\u00e7\u00f5es Geogr\u00e1ficas e representante do F\u00f3rum Permanente de Indica\u00e7\u00f5es Geogr\u00e1ficas de Minas Gerais;<\/p>\n\n\n\n<p>&#8211; Jaqueline de F\u00e1tima Santos \u2013 Diretora de Comercializa\u00e7\u00e3o e Mercados da Seapa-MG e representante do F\u00f3rum Permanente de Indica\u00e7\u00f5es Geogr\u00e1ficas de Minas Gerais;<\/p>\n\n\n\n<p>&#8211; Higor Freitas \u2013 Gerente Executivo da APROCAN, Secret\u00e1rio Executivo da Amiqueijo e Diretor Administrativo-Financeiro da Associa\u00e7\u00e3o Brasileira de Indica\u00e7\u00f5es Geogr\u00e1ficas (Abrig).<\/p>\n\n\n\n<p><em>9h30 \u2013 10h30 | Mesa Redonda (Debate).<\/em><\/p>\n\n\n\n<p><strong>ExpoQueijo Brasil<\/strong><\/p>\n\n\n\n<p>Principal evento do segmento nas Am\u00e9ricas, a ExpoQueijo Brasil 2024 \u2013&nbsp;<em>Arax\u00e1 International Cheese Awards<\/em>&nbsp;tem reconhecimento e participa\u00e7\u00e3o dos principais pa\u00edses produtores, atraindo a aten\u00e7\u00e3o da comunidade internacional, de especialistas e da imprensa. O encontro conta com uma grande estrutura montada no p\u00e1tio principal e nos luxuosos sal\u00f5es do Grande Hotel e Termas de Arax\u00e1, patrim\u00f4nio cultural e hist\u00f3rico de Minas Gerais.<\/p>\n\n\n\n<p>Neste ano, a ExpoQueijo ser\u00e1 realizada entre os dias 27 e 30 de junho e se prev\u00ea que tenha um impacto positivo em diversas \u00e1reas, como o turismo, varejo, agropecu\u00e1ria, log\u00edstica, ind\u00fastria aliment\u00edcia e de suprimentos e rela\u00e7\u00f5es internacionais.<\/p>\n\n\n\n<p>O evento \u00e9 realizado pela Bonare Eventos, em parceria com associa\u00e7\u00f5es de produtores de queijos e apoio&nbsp;de todas as institui\u00e7\u00f5es de fomento do agroneg\u00f3cio, com destaque para o Minist\u00e9rio da Agricultura e Pecu\u00e1ria, por meio da Superintend\u00eancia Federal de Agricultura MG; Governo de Minas, por meio da Seapa e de suas vinculadas, a Empresa de Assist\u00eancia T\u00e9cnica e Extens\u00e3o Rural de Minas Gerais (Emater-MG), a Empresa de Pesquisa Agropecu\u00e1ria de Minas Gerais (Epamig), Instituto de Latic\u00ednios C\u00e2ndido Tostes (ILCT) e o Instituto Mineiro de Agropecu\u00e1ria (IMA), ainda o Servi\u00e7o Brasileiro de Apoio \u00e0s Micro e Pequenas Empresas (Sebrae), a Federa\u00e7\u00e3o da Agricultura e Pecu\u00e1ria do Estado de Minas Gerais (Faemg), Sistema Ocemg e Prefeitura de Arax\u00e1.<\/p>\n","protected":false},"excerpt":{"rendered":"<p>Todas as atividades s\u00e3o gratuitas; veja a programa\u00e7\u00e3o &nbsp;O F\u00f3rum Internacional de Produtos da Agroind\u00fastria e Agricultura Familiar da ExpoQueijo<\/p>\n","protected":false},"author":2,"featured_media":7709,"comment_status":"open","ping_status":"open","sticky":false,"template":"","format":"standard","meta":{"footnotes":""},"categories":[9,11],"tags":[],"class_list":["post-7708","post","type-post","status-publish","format-standard","has-post-thumbnail","hentry","category-araxa","category-destaques"],"_links":{"self":[{"href":"http:\/\/blogdoarmindomaia.com.br\/index.php?rest_route=\/wp\/v2\/posts\/7708","targetHints":{"allow":["GET"]}}],"collection":[{"href":"http:\/\/blogdoarmindomaia.com.br\/index.php?rest_route=\/wp\/v2\/posts"}],"about":[{"href":"http:\/\/blogdoarmindomaia.com.br\/index.php?rest_route=\/wp\/v2\/types\/post"}],"author":[{"embeddable":true,"href":"http:\/\/blogdoarmindomaia.com.br\/index.php?rest_route=\/wp\/v2\/users\/2"}],"replies":[{"embeddable":true,"href":"http:\/\/blogdoarmindomaia.com.br\/index.php?rest_route=%2Fwp%2Fv2%2Fcomments&post=7708"}],"version-history":[{"count":1,"href":"http:\/\/blogdoarmindomaia.com.br\/index.php?rest_route=\/wp\/v2\/posts\/7708\/revisions"}],"predecessor-version":[{"id":7710,"href":"http:\/\/blogdoarmindomaia.com.br\/index.php?rest_route=\/wp\/v2\/posts\/7708\/revisions\/7710"}],"wp:featuredmedia":[{"embeddable":true,"href":"http:\/\/blogdoarmindomaia.com.br\/index.php?rest_route=\/wp\/v2\/media\/7709"}],"wp:attachment":[{"href":"http:\/\/blogdoarmindomaia.com.br\/index.php?rest_route=%2Fwp%2Fv2%2Fmedia&parent=7708"}],"wp:term":[{"taxonomy":"category","embeddable":true,"href":"http:\/\/blogdoarmindomaia.com.br\/index.php?rest_route=%2Fwp%2Fv2%2Fcategories&post=7708"},{"taxonomy":"post_tag","embeddable":true,"href":"http:\/\/blogdoarmindomaia.com.br\/index.php?rest_route=%2Fwp%2Fv2%2Ftags&post=7708"}],"curies":[{"name":"wp","href":"https:\/\/api.w.org\/{rel}","templated":true}]}}