{"id":7711,"date":"2024-06-21T16:30:48","date_gmt":"2024-06-21T19:30:48","guid":{"rendered":"http:\/\/blogdoarmindomaia.com.br\/?p=7711"},"modified":"2024-06-21T16:30:50","modified_gmt":"2024-06-21T19:30:50","slug":"zema-acompanhou-o-lancamento-do-primeiro-onibus-eletrico-no-mundo-com-bateria-de-niobio","status":"publish","type":"post","link":"http:\/\/blogdoarmindomaia.com.br\/?p=7711","title":{"rendered":"Zema acompanhou o lan\u00e7amento do primeiro \u00f4nibus el\u00e9trico no mundo com bateria de ni\u00f3bio"},"content":{"rendered":"\n<figure class=\"wp-block-image size-large is-style-default\"><img loading=\"lazy\" decoding=\"async\" width=\"1024\" height=\"683\" src=\"http:\/\/blogdoarmindomaia.com.br\/wp-content\/uploads\/2024\/06\/20240619090037_IMG_6256-1024x683.jpg\" alt=\"\" class=\"wp-image-7712\" srcset=\"http:\/\/blogdoarmindomaia.com.br\/wp-content\/uploads\/2024\/06\/20240619090037_IMG_6256-1024x683.jpg 1024w, http:\/\/blogdoarmindomaia.com.br\/wp-content\/uploads\/2024\/06\/20240619090037_IMG_6256-300x200.jpg 300w, http:\/\/blogdoarmindomaia.com.br\/wp-content\/uploads\/2024\/06\/20240619090037_IMG_6256-768x512.jpg 768w, http:\/\/blogdoarmindomaia.com.br\/wp-content\/uploads\/2024\/06\/20240619090037_IMG_6256-1536x1024.jpg 1536w, http:\/\/blogdoarmindomaia.com.br\/wp-content\/uploads\/2024\/06\/20240619090037_IMG_6256-2048x1365.jpg 2048w\" sizes=\"auto, (max-width: 1024px) 100vw, 1024px\" \/><\/figure>\n\n\n\n<p>Reafirmando o compromisso do&nbsp;<a href=\"https:\/\/www.mg.gov.br\/\" target=\"_blank\" rel=\"noreferrer noopener\">Governo de Minas<\/a>&nbsp;com uma economia mais verde e sustent\u00e1vel, o governador Romeu Zema acompanhou o&nbsp;lan\u00e7amento do \u00f4nibus el\u00e9trico movido \u00e0 bateria de \u00edons de l\u00edtio com ni\u00f3bio, uso in\u00e9dito na ind\u00fastria automotiva mundial. Durante a solenidade, o governador de Minas Gerais destacou a import\u00e2ncia do lan\u00e7amento para a cidade e para o estado. Romeu Zema salientou todo o trabalho inovador que Minas realiza para bucar, cada vez mais, uma energia limpa para os mineiros. \u201cComo governador, \u00e9 uma satisfa\u00e7\u00e3o ver esse lan\u00e7amento. Essa tecnologia nova vai criar grandes oportunidades para a cidade e o estado, principalmente pela transi\u00e7\u00e3o energ\u00e9tica. Na minha gest\u00e3o, vale lembrar, fomos o primeiro estado do hemisf\u00e9rio Sul a assinar o compromisso Race to Zero com o governo do Reino Unido\u201d, disse. O secret\u00e1rio de Estado de&nbsp;<a href=\"https:\/\/www.desenvolvimento.mg.gov.br\/\" target=\"_blank\" rel=\"noreferrer noopener\">Desenvolvimento Econ\u00f4mico (Sede-MG)<\/a>, Fernando Passalio, reafirmou o compromisso do governo com quem quer investir e desenvolver energia limpa em Minas Gerais. \u201cPara n\u00f3s, \u00e9 uma honra enorme poder ter em nosso estado esse lan\u00e7amento t\u00e3o importante e que orgulha muito nossos mineiros. Somos um estado que acolhe e faz de tudo para gerar o melhor ambiente de neg\u00f3cios poss\u00edvel para quem quiser investir e gerar emprego aqui Minas\u201d, declarou.<br><br><br><\/p>\n","protected":false},"excerpt":{"rendered":"<p>Reafirmando o compromisso do&nbsp;Governo de Minas&nbsp;com uma economia mais verde e sustent\u00e1vel, o governador Romeu Zema acompanhou o&nbsp;lan\u00e7amento do \u00f4nibus<\/p>\n","protected":false},"author":2,"featured_media":7712,"comment_status":"open","ping_status":"open","sticky":false,"template":"","format":"standard","meta":{"footnotes":""},"categories":[9,11],"tags":[],"class_list":["post-7711","post","type-post","status-publish","format-standard","has-post-thumbnail","hentry","category-araxa","category-destaques"],"_links":{"self":[{"href":"http:\/\/blogdoarmindomaia.com.br\/index.php?rest_route=\/wp\/v2\/posts\/7711","targetHints":{"allow":["GET"]}}],"collection":[{"href":"http:\/\/blogdoarmindomaia.com.br\/index.php?rest_route=\/wp\/v2\/posts"}],"about":[{"href":"http:\/\/blogdoarmindomaia.com.br\/index.php?rest_route=\/wp\/v2\/types\/post"}],"author":[{"embeddable":true,"href":"http:\/\/blogdoarmindomaia.com.br\/index.php?rest_route=\/wp\/v2\/users\/2"}],"replies":[{"embeddable":true,"href":"http:\/\/blogdoarmindomaia.com.br\/index.php?rest_route=%2Fwp%2Fv2%2Fcomments&post=7711"}],"version-history":[{"count":1,"href":"http:\/\/blogdoarmindomaia.com.br\/index.php?rest_route=\/wp\/v2\/posts\/7711\/revisions"}],"predecessor-version":[{"id":7713,"href":"http:\/\/blogdoarmindomaia.com.br\/index.php?rest_route=\/wp\/v2\/posts\/7711\/revisions\/7713"}],"wp:featuredmedia":[{"embeddable":true,"href":"http:\/\/blogdoarmindomaia.com.br\/index.php?rest_route=\/wp\/v2\/media\/7712"}],"wp:attachment":[{"href":"http:\/\/blogdoarmindomaia.com.br\/index.php?rest_route=%2Fwp%2Fv2%2Fmedia&parent=7711"}],"wp:term":[{"taxonomy":"category","embeddable":true,"href":"http:\/\/blogdoarmindomaia.com.br\/index.php?rest_route=%2Fwp%2Fv2%2Fcategories&post=7711"},{"taxonomy":"post_tag","embeddable":true,"href":"http:\/\/blogdoarmindomaia.com.br\/index.php?rest_route=%2Fwp%2Fv2%2Ftags&post=7711"}],"curies":[{"name":"wp","href":"https:\/\/api.w.org\/{rel}","templated":true}]}}