{"id":7717,"date":"2024-06-26T17:52:43","date_gmt":"2024-06-26T20:52:43","guid":{"rendered":"http:\/\/blogdoarmindomaia.com.br\/?p=7717"},"modified":"2024-06-26T17:52:45","modified_gmt":"2024-06-26T20:52:45","slug":"encerramento-do-fliaraxa-tem-a-participacao-de-ministra-do-stf","status":"publish","type":"post","link":"http:\/\/blogdoarmindomaia.com.br\/?p=7717","title":{"rendered":"Encerramento do Fliarax\u00e1 tem a participa\u00e7\u00e3o de Ministra do STF"},"content":{"rendered":"\n<figure class=\"wp-block-image size-full is-style-default\"><img loading=\"lazy\" decoding=\"async\" width=\"653\" height=\"273\" src=\"http:\/\/blogdoarmindomaia.com.br\/wp-content\/uploads\/2024\/06\/Encerramento-do-Fliaraxa-tem-a-participacao-de-Ministra-do-STF-pag-05.png\" alt=\"\" class=\"wp-image-7718\" srcset=\"http:\/\/blogdoarmindomaia.com.br\/wp-content\/uploads\/2024\/06\/Encerramento-do-Fliaraxa-tem-a-participacao-de-Ministra-do-STF-pag-05.png 653w, http:\/\/blogdoarmindomaia.com.br\/wp-content\/uploads\/2024\/06\/Encerramento-do-Fliaraxa-tem-a-participacao-de-Ministra-do-STF-pag-05-300x125.png 300w\" sizes=\"auto, (max-width: 653px) 100vw, 653px\" \/><\/figure>\n\n\n\n<p>A mesa de encerramento do 12\u00ba Fliarax\u00e1 reservou uma surpresa para o p\u00fablico: a participa\u00e7\u00e3o da Ministra do Supremo Tribunal Federal C\u00e1rmen L\u00facia. De maneira online, C\u00e1rmen L\u00facia fez uma emocionante fala sobre a import\u00e2ncia da leitura e de festivais liter\u00e1rios como o Fliarax\u00e1. \u201cN\u00e3o estou a\u00ed porque n\u00e3o posso. Meu gosto seria estar a\u00ed com voc\u00eas\u201d, comentou a ministra no in\u00edcio de sua fala. \u201cFestivais liter\u00e1rios como este, produzidos com tanto carinho, s\u00e3o presentes para a nossa humanidade\u201d. Na sequ\u00eancia, C\u00e1rmen relembrou o pa\u00eds na d\u00e9cada de 1960, durante a ditadura militar, citando Carlos Drummond de Andrade: \u201cSe n\u00e3o h\u00e1 festa no momento,\/ h\u00e1 festival\/ e entre faixas, fl\u00e2mulas flamengas\/ e outras que tais\/ o povo escolhe, soberan\u00edssimo,\/ seus ritmos ao tempo e ao vento\u201d. \u201cOs festivais liter\u00e1rios cumprem, nestes tempos, um acordar no nosso sonho civilizat\u00f3rio. Todos t\u00eam o direito de ler um livro, de serem alfabetizados\u201d, destacou a ministra. Citando Ant\u00f4nio Candido, a magistrada declarou: \u201cs\u00e3o os livros que realizam essa possibilidade da gente se reorganizar, viver com a gente mesmo, viver com o outro\u201d. Candido, um dos maiores pensadores da hist\u00f3ria da literatura brasileira, retornou ao discurso da convidada: \u201cAssim como n\u00e3o \u00e9 poss\u00edvel haver equil\u00edbrio sem o sonho durante o sono, talvez n\u00e3o haja equil\u00edbrio social sem a literatura.\u201d \u201cNestes tempos, Afonso, precisamos muito de festivais como os que voc\u00ea promove\u201d, salientou C\u00e1rmen L\u00facia, para quem a arte \u00e9 a salva\u00e7\u00e3o da humanidade. \u201cEstamos vivendo numa democracia que ainda tem muito a fazer, muito a percorrer. A arte \u00e9 a salva\u00e7\u00e3o da humanidade para mim. A literatura \u00e9 o instrumento mais apropriado para que a gente tenha essa reorganiza\u00e7\u00e3o pessoal, pol\u00edtica e social\u201d. A ministra ainda destacou a import\u00e2ncia da literatura em uma contemporaneidade permeada por telas e o seu papel em permitir que entendamos o outro. \u201cEu diria que todas as obras liter\u00e1rias em toda a hist\u00f3ria da humanidade exp\u00f5em todas as dores e tamb\u00e9m todas as alegrias do ser humano\u201d. Ao final, a possibilidade de confraterniza\u00e7\u00e3o proporcionada por eventos como o Fliarax\u00e1 concluiu a fala de C\u00e1rmen L\u00facia: \u201cS\u00e3o momentos em que a gente tem o gosto do encontro e da uni\u00e3o em uma humanidade t\u00e3o desencontrada e, portanto, t\u00e3o necessariamente dependente de reuni\u00f5es e encontros como esse.\u201d O evento aconteceu no p\u00e1tio da FCCB entre os dias 19 e 23 de junho.<\/p>\n","protected":false},"excerpt":{"rendered":"<p>A mesa de encerramento do 12\u00ba Fliarax\u00e1 reservou uma surpresa para o p\u00fablico: a participa\u00e7\u00e3o da Ministra do Supremo Tribunal<\/p>\n","protected":false},"author":2,"featured_media":7718,"comment_status":"open","ping_status":"open","sticky":false,"template":"","format":"standard","meta":{"footnotes":""},"categories":[9,11],"tags":[],"class_list":["post-7717","post","type-post","status-publish","format-standard","has-post-thumbnail","hentry","category-araxa","category-destaques"],"_links":{"self":[{"href":"http:\/\/blogdoarmindomaia.com.br\/index.php?rest_route=\/wp\/v2\/posts\/7717","targetHints":{"allow":["GET"]}}],"collection":[{"href":"http:\/\/blogdoarmindomaia.com.br\/index.php?rest_route=\/wp\/v2\/posts"}],"about":[{"href":"http:\/\/blogdoarmindomaia.com.br\/index.php?rest_route=\/wp\/v2\/types\/post"}],"author":[{"embeddable":true,"href":"http:\/\/blogdoarmindomaia.com.br\/index.php?rest_route=\/wp\/v2\/users\/2"}],"replies":[{"embeddable":true,"href":"http:\/\/blogdoarmindomaia.com.br\/index.php?rest_route=%2Fwp%2Fv2%2Fcomments&post=7717"}],"version-history":[{"count":1,"href":"http:\/\/blogdoarmindomaia.com.br\/index.php?rest_route=\/wp\/v2\/posts\/7717\/revisions"}],"predecessor-version":[{"id":7719,"href":"http:\/\/blogdoarmindomaia.com.br\/index.php?rest_route=\/wp\/v2\/posts\/7717\/revisions\/7719"}],"wp:featuredmedia":[{"embeddable":true,"href":"http:\/\/blogdoarmindomaia.com.br\/index.php?rest_route=\/wp\/v2\/media\/7718"}],"wp:attachment":[{"href":"http:\/\/blogdoarmindomaia.com.br\/index.php?rest_route=%2Fwp%2Fv2%2Fmedia&parent=7717"}],"wp:term":[{"taxonomy":"category","embeddable":true,"href":"http:\/\/blogdoarmindomaia.com.br\/index.php?rest_route=%2Fwp%2Fv2%2Fcategories&post=7717"},{"taxonomy":"post_tag","embeddable":true,"href":"http:\/\/blogdoarmindomaia.com.br\/index.php?rest_route=%2Fwp%2Fv2%2Ftags&post=7717"}],"curies":[{"name":"wp","href":"https:\/\/api.w.org\/{rel}","templated":true}]}}