{"id":7741,"date":"2024-07-04T16:06:23","date_gmt":"2024-07-04T19:06:23","guid":{"rendered":"http:\/\/blogdoarmindomaia.com.br\/?p=7741"},"modified":"2024-07-04T16:06:25","modified_gmt":"2024-07-04T19:06:25","slug":"queimadas-e-incendios-aumentam-em-araxa-e-causam-transtornos-e-preocupacao-a-populacao","status":"publish","type":"post","link":"http:\/\/blogdoarmindomaia.com.br\/?p=7741","title":{"rendered":"Queimadas e inc\u00eandios aumentam em Arax\u00e1 e causam transtornos e preocupa\u00e7\u00e3o \u00e0 popula\u00e7\u00e3o \u00a0\u00a0"},"content":{"rendered":"\n<figure class=\"wp-block-image size-large is-style-default\"><img loading=\"lazy\" decoding=\"async\" width=\"1024\" height=\"473\" src=\"http:\/\/blogdoarmindomaia.com.br\/wp-content\/uploads\/2024\/07\/Queimadas-e-incendios-aumentam-em-Araxa-pag-09-1024x473.jpg\" alt=\"\" class=\"wp-image-7742\" srcset=\"http:\/\/blogdoarmindomaia.com.br\/wp-content\/uploads\/2024\/07\/Queimadas-e-incendios-aumentam-em-Araxa-pag-09-1024x473.jpg 1024w, http:\/\/blogdoarmindomaia.com.br\/wp-content\/uploads\/2024\/07\/Queimadas-e-incendios-aumentam-em-Araxa-pag-09-300x139.jpg 300w, http:\/\/blogdoarmindomaia.com.br\/wp-content\/uploads\/2024\/07\/Queimadas-e-incendios-aumentam-em-Araxa-pag-09-768x355.jpg 768w, http:\/\/blogdoarmindomaia.com.br\/wp-content\/uploads\/2024\/07\/Queimadas-e-incendios-aumentam-em-Araxa-pag-09.jpg 1280w\" sizes=\"auto, (max-width: 1024px) 100vw, 1024px\" \/><\/figure>\n\n\n\n<p>Neste per\u00edodo do ano, onde a estiagem prolongada, a vegeta\u00e7\u00e3o seca e os ventos fortes predominam, o aumento de inc\u00eandios e queimadas tamb\u00e9m preocupam. No munic\u00edpio de Arax\u00e1, a situa\u00e7\u00e3o vem se agravando a cada dia. At\u00e9 a atual data de acordo com n\u00fameros do Corpo de Bombeiros de Arax\u00e1, 28 inc\u00eandios em vegeta\u00e7\u00e3o do munic\u00edpio foram registrados.<\/p>\n\n\n\n<p>Mas as queimadas na zona urbana do munic\u00edpio tamb\u00e9m viraram rotina. Nos \u00faltimos dias, os registros de fogo em lotes de \u00e1reas residenciais em todos os setores de Arax\u00e1&nbsp; est\u00e1 preocupando moradores e autoridades.&nbsp;<\/p>\n\n\n\n<p>Na maioria das vezes o fogo \u00e9 colocado de forma descontrolada e at\u00e9 criminosa. E muitas vezes, pode fugir ao controle, causando riscos a bens materiais e a integridade f\u00edsica da popula\u00e7\u00e3o.<\/p>\n\n\n\n<p>A falta de conhecimento, orienta\u00e7\u00e3o e at\u00e9 mesmo as a\u00e7\u00f5es criminosas, levam a consequ\u00eancias dr\u00e1sticas, causando preju\u00edzos irrevers\u00edveis \u00e0 vida e ao meio ambiente. Uma prova disso \u00e9 o aparecimento cada dia mais frequente de animais no per\u00edmetro urbanos; cobras, roedores e outros repteis est\u00e3o aparecendo com&nbsp; frequ\u00eancia na cidade, fugindo do fogo e porque seu habitat natural est\u00e1 sendo destru\u00eddo pela chamas.<\/p>\n\n\n\n<p>Os inc\u00eandios e queimadas geram fuma\u00e7a t\u00f3xica e causam transtornos e males a sa\u00fade da popula\u00e7\u00e3o. Nos \u00faltimos trinta dias, o aumento de casos de pessoas procurando as redes de sa\u00fade do munic\u00edpio com problemas respirat\u00f3rios cresceu muito. Os mais afetados s\u00e3o as crian\u00e7as e os idosos.<\/p>\n\n\n\n<p>Veja abaixo o balan\u00e7o comparativo do Corpo de Bombeiros de Arax\u00e1 sobre os inc\u00eandios no munic\u00edpio: \u00a0\u00a0\u00a0<\/p>\n\n\n\n<p>\u00a0\u00a0\u00a0\u00a0\u00a0\u00a0\u00a0<\/p>\n\n\n\n<figure class=\"wp-block-image size-large is-style-default\"><img loading=\"lazy\" decoding=\"async\" width=\"1024\" height=\"516\" src=\"http:\/\/blogdoarmindomaia.com.br\/wp-content\/uploads\/2024\/07\/Grafico-do-Corpo-de-Bombeiros-de-Araxa-1024x516.jpeg\" alt=\"\" class=\"wp-image-7743\" srcset=\"http:\/\/blogdoarmindomaia.com.br\/wp-content\/uploads\/2024\/07\/Grafico-do-Corpo-de-Bombeiros-de-Araxa-1024x516.jpeg 1024w, http:\/\/blogdoarmindomaia.com.br\/wp-content\/uploads\/2024\/07\/Grafico-do-Corpo-de-Bombeiros-de-Araxa-300x151.jpeg 300w, http:\/\/blogdoarmindomaia.com.br\/wp-content\/uploads\/2024\/07\/Grafico-do-Corpo-de-Bombeiros-de-Araxa-768x387.jpeg 768w, http:\/\/blogdoarmindomaia.com.br\/wp-content\/uploads\/2024\/07\/Grafico-do-Corpo-de-Bombeiros-de-Araxa.jpeg 1301w\" sizes=\"auto, (max-width: 1024px) 100vw, 1024px\" \/><\/figure>\n","protected":false},"excerpt":{"rendered":"<p>Neste per\u00edodo do ano, onde a estiagem prolongada, a vegeta\u00e7\u00e3o seca e os ventos fortes predominam, o aumento de inc\u00eandios<\/p>\n","protected":false},"author":2,"featured_media":7742,"comment_status":"open","ping_status":"open","sticky":false,"template":"","format":"standard","meta":{"footnotes":""},"categories":[9,11],"tags":[],"class_list":["post-7741","post","type-post","status-publish","format-standard","has-post-thumbnail","hentry","category-araxa","category-destaques"],"_links":{"self":[{"href":"http:\/\/blogdoarmindomaia.com.br\/index.php?rest_route=\/wp\/v2\/posts\/7741","targetHints":{"allow":["GET"]}}],"collection":[{"href":"http:\/\/blogdoarmindomaia.com.br\/index.php?rest_route=\/wp\/v2\/posts"}],"about":[{"href":"http:\/\/blogdoarmindomaia.com.br\/index.php?rest_route=\/wp\/v2\/types\/post"}],"author":[{"embeddable":true,"href":"http:\/\/blogdoarmindomaia.com.br\/index.php?rest_route=\/wp\/v2\/users\/2"}],"replies":[{"embeddable":true,"href":"http:\/\/blogdoarmindomaia.com.br\/index.php?rest_route=%2Fwp%2Fv2%2Fcomments&post=7741"}],"version-history":[{"count":1,"href":"http:\/\/blogdoarmindomaia.com.br\/index.php?rest_route=\/wp\/v2\/posts\/7741\/revisions"}],"predecessor-version":[{"id":7744,"href":"http:\/\/blogdoarmindomaia.com.br\/index.php?rest_route=\/wp\/v2\/posts\/7741\/revisions\/7744"}],"wp:featuredmedia":[{"embeddable":true,"href":"http:\/\/blogdoarmindomaia.com.br\/index.php?rest_route=\/wp\/v2\/media\/7742"}],"wp:attachment":[{"href":"http:\/\/blogdoarmindomaia.com.br\/index.php?rest_route=%2Fwp%2Fv2%2Fmedia&parent=7741"}],"wp:term":[{"taxonomy":"category","embeddable":true,"href":"http:\/\/blogdoarmindomaia.com.br\/index.php?rest_route=%2Fwp%2Fv2%2Fcategories&post=7741"},{"taxonomy":"post_tag","embeddable":true,"href":"http:\/\/blogdoarmindomaia.com.br\/index.php?rest_route=%2Fwp%2Fv2%2Ftags&post=7741"}],"curies":[{"name":"wp","href":"https:\/\/api.w.org\/{rel}","templated":true}]}}