{"id":7745,"date":"2024-07-04T16:10:29","date_gmt":"2024-07-04T19:10:29","guid":{"rendered":"http:\/\/blogdoarmindomaia.com.br\/?p=7745"},"modified":"2024-07-04T16:10:31","modified_gmt":"2024-07-04T19:10:31","slug":"governador-apoia-mais-uma-edicao-da-expoqueijo-em-araxa","status":"publish","type":"post","link":"http:\/\/blogdoarmindomaia.com.br\/?p=7745","title":{"rendered":"Governador apoia mais uma edi\u00e7\u00e3o da Expoqueijo em Arax\u00e1"},"content":{"rendered":"\n<figure class=\"wp-block-image size-full is-style-default\"><img loading=\"lazy\" decoding=\"async\" width=\"940\" height=\"350\" src=\"http:\/\/blogdoarmindomaia.com.br\/wp-content\/uploads\/2024\/07\/Governador-apoia-mais-uma-edicao-da-Expoqueijo-em-Araxa-pag-16.jpg\" alt=\"\" class=\"wp-image-7746\" srcset=\"http:\/\/blogdoarmindomaia.com.br\/wp-content\/uploads\/2024\/07\/Governador-apoia-mais-uma-edicao-da-Expoqueijo-em-Araxa-pag-16.jpg 940w, http:\/\/blogdoarmindomaia.com.br\/wp-content\/uploads\/2024\/07\/Governador-apoia-mais-uma-edicao-da-Expoqueijo-em-Araxa-pag-16-300x112.jpg 300w, http:\/\/blogdoarmindomaia.com.br\/wp-content\/uploads\/2024\/07\/Governador-apoia-mais-uma-edicao-da-Expoqueijo-em-Araxa-pag-16-768x286.jpg 768w\" sizes=\"auto, (max-width: 940px) 100vw, 940px\" \/><\/figure>\n\n\n\n<p>No pen\u00faltimo dia de Expoqueijo, durante a agenda, o governador andou pelos estandes e conversou com produtores e visitantes. Na oportunidade, Zema destacou o sucesso dos queijos artesanais mineiros e do Brasil.&nbsp; \u201cPara mim \u00e9 uma felicidade enorme estar aqui mais uma vez. Esse que \u00e9 um dos maiores eventos do mundo. Conversei com v\u00e1rios produtores artesanais de Minas e do Brasil, e fica muito n\u00edtido que eles buscam aumentar a capacidade de produ\u00e7\u00e3o, pois a maioria consegue vender tudo. Isso demonstra o potencial do nosso queijo artesanal\u201d, disse. &nbsp;A avalia\u00e7\u00e3o do concurso seguir\u00e1 as metodologias e crit\u00e9rios estabelecidos pelo Instituto de Latic\u00ednios C\u00e2ndido Tostes, vinculado \u00e0&nbsp;<a href=\"https:\/\/www.epamig.br\/\" target=\"_blank\" rel=\"noreferrer noopener\">Empresa de Pesquisa Agropecu\u00e1ria de Minas Gerais (Epamig)<\/a>, que treinar\u00e1 aproximadamente 200 jurados para a an\u00e1lise t\u00e9cnica e sensorial das amostras concorrentes.<\/p>\n","protected":false},"excerpt":{"rendered":"<p>No pen\u00faltimo dia de Expoqueijo, durante a agenda, o governador andou pelos estandes e conversou com produtores e visitantes. Na<\/p>\n","protected":false},"author":2,"featured_media":7746,"comment_status":"open","ping_status":"open","sticky":false,"template":"","format":"standard","meta":{"footnotes":""},"categories":[9,11],"tags":[],"class_list":["post-7745","post","type-post","status-publish","format-standard","has-post-thumbnail","hentry","category-araxa","category-destaques"],"_links":{"self":[{"href":"http:\/\/blogdoarmindomaia.com.br\/index.php?rest_route=\/wp\/v2\/posts\/7745","targetHints":{"allow":["GET"]}}],"collection":[{"href":"http:\/\/blogdoarmindomaia.com.br\/index.php?rest_route=\/wp\/v2\/posts"}],"about":[{"href":"http:\/\/blogdoarmindomaia.com.br\/index.php?rest_route=\/wp\/v2\/types\/post"}],"author":[{"embeddable":true,"href":"http:\/\/blogdoarmindomaia.com.br\/index.php?rest_route=\/wp\/v2\/users\/2"}],"replies":[{"embeddable":true,"href":"http:\/\/blogdoarmindomaia.com.br\/index.php?rest_route=%2Fwp%2Fv2%2Fcomments&post=7745"}],"version-history":[{"count":1,"href":"http:\/\/blogdoarmindomaia.com.br\/index.php?rest_route=\/wp\/v2\/posts\/7745\/revisions"}],"predecessor-version":[{"id":7747,"href":"http:\/\/blogdoarmindomaia.com.br\/index.php?rest_route=\/wp\/v2\/posts\/7745\/revisions\/7747"}],"wp:featuredmedia":[{"embeddable":true,"href":"http:\/\/blogdoarmindomaia.com.br\/index.php?rest_route=\/wp\/v2\/media\/7746"}],"wp:attachment":[{"href":"http:\/\/blogdoarmindomaia.com.br\/index.php?rest_route=%2Fwp%2Fv2%2Fmedia&parent=7745"}],"wp:term":[{"taxonomy":"category","embeddable":true,"href":"http:\/\/blogdoarmindomaia.com.br\/index.php?rest_route=%2Fwp%2Fv2%2Fcategories&post=7745"},{"taxonomy":"post_tag","embeddable":true,"href":"http:\/\/blogdoarmindomaia.com.br\/index.php?rest_route=%2Fwp%2Fv2%2Ftags&post=7745"}],"curies":[{"name":"wp","href":"https:\/\/api.w.org\/{rel}","templated":true}]}}