{"id":7768,"date":"2024-07-11T14:35:36","date_gmt":"2024-07-11T17:35:36","guid":{"rendered":"http:\/\/blogdoarmindomaia.com.br\/?p=7768"},"modified":"2024-07-11T14:35:40","modified_gmt":"2024-07-11T17:35:40","slug":"araxa-tem-rock-no-metal-cbmm-niobium-nb-neste-sabado","status":"publish","type":"post","link":"http:\/\/blogdoarmindomaia.com.br\/?p=7768","title":{"rendered":"Arax\u00e1 tem Rock no Metal &#8211; CBMM Niobium Nb neste s\u00e1bado\u00a0"},"content":{"rendered":"\n<figure class=\"wp-block-image size-large is-style-default\"><img loading=\"lazy\" decoding=\"async\" width=\"1024\" height=\"1024\" src=\"http:\/\/blogdoarmindomaia.com.br\/wp-content\/uploads\/2024\/07\/Arte-1-1024x1024.jpeg\" alt=\"\" class=\"wp-image-7769\" srcset=\"http:\/\/blogdoarmindomaia.com.br\/wp-content\/uploads\/2024\/07\/Arte-1-1024x1024.jpeg 1024w, http:\/\/blogdoarmindomaia.com.br\/wp-content\/uploads\/2024\/07\/Arte-1-300x300.jpeg 300w, http:\/\/blogdoarmindomaia.com.br\/wp-content\/uploads\/2024\/07\/Arte-1-150x150.jpeg 150w, http:\/\/blogdoarmindomaia.com.br\/wp-content\/uploads\/2024\/07\/Arte-1-768x768.jpeg 768w, http:\/\/blogdoarmindomaia.com.br\/wp-content\/uploads\/2024\/07\/Arte-1.jpeg 1081w\" sizes=\"auto, (max-width: 1024px) 100vw, 1024px\" \/><\/figure>\n\n\n\n<p>Para comemorar o Dia Mundial do Rock (13\/07), o MM Gerdau &#8211; Museu das Minas e do Metal realiza a edi\u00e7\u00e3o especial do&nbsp;<strong>Rock no Metal &#8211; CBMM Niobium Nb<\/strong>. No s\u00e1bado, dia 13\/07, o&nbsp;<strong>Rock no Metal &#8211; CBMM Niobium Nb<\/strong>&nbsp;desembarca na cidade de Arax\u00e1, onde ganha o apoio da CBMM para&nbsp; uma a\u00e7\u00e3o in\u00e9dita na cidade. O evento acontece na Funda\u00e7\u00e3o Cultural Calmon Barreto, na Pra\u00e7a Artur Bernardes, 10, Centro. Das 15 \u00e0s 22h, o p\u00fablico poder\u00e1 curtir food trucks, feirinha com artigos de rock, a instala\u00e7\u00e3o &#8220;Mundo Rock &#8211; Espa\u00e7o Interativo&#8221;, que aproxima o rock n\u2019 roll do universo dos metais, al\u00e9m de um festival de shows, com participa\u00e7\u00f5es das bandas Seu Madruga, Dolores 602 e grande encerramento de Henrique Portugal (Skank) e Solar Big Band.<\/p>\n\n\n\n<p>\u201cEstamos muito felizes de, juntamente com o MM Gerdau &#8211; Museu das Minas e do Metal, proporcionar este dia especial de lazer e cultura para a comunidade. Esta parceria traz para a cidade, pela primeira vez, o &#8220;Rock no Metal&#8221;, um projeto j\u00e1 consolidado em Belo Horizonte, e que em Arax\u00e1 ganha o refor\u00e7o especial com parceiros locais. Esperamos que a comunidade prestigie o evento e aproveite esta nova op\u00e7\u00e3o de cultura com familiares e amigos&#8221;, afirma Bianca Escane, coordenadora de Comunica\u00e7\u00e3o Corporativa e Responsabilidade Social da CBMM.<\/p>\n\n\n\n<p><strong>Instala\u00e7\u00e3o &#8220;Mundo Rock &#8211; Espa\u00e7o Interativo&#8221; em Arax\u00e1\/MG<\/strong><\/p>\n\n\n\n<p>A instala\u00e7\u00e3o &#8220;Mundo Rock &#8211; Espa\u00e7o Interativo&#8221; ser\u00e1 apresentada no dia 13\/07, na cidade de Arax\u00e1. Ao longo do evento, o p\u00fablico poder\u00e1 interagir com conte\u00fados que ilustram o universo da m\u00fasica, dos metais e como eles interagem em nosso cotidiano. A experi\u00eancia ser\u00e1 dividida em quatro esta\u00e7\u00f5es: &#8220;Origem do Rock, Heavy Metal no mundo e no Brasil e Mulheres no Rock&#8221;; &#8220;Bandas e m\u00fasicas inspiradas no mundo mineral e os metais na vida&#8221;; &#8220;Rock Star \u00e9 voc\u00ea!&#8221; e &#8220;Foto com seu \u00eddolo&#8221;, sendo a \u00faltima um espa\u00e7o para os visitantes registrarem a participa\u00e7\u00e3o no evento. Fatos como a composi\u00e7\u00e3o dos instrumentos e suas partes met\u00e1licas, a inspira\u00e7\u00e3o vinda do mundo mineral aos m\u00fasicos e a pr\u00f3pria hist\u00f3ria do rock&#8217;n&#8217;roll, alinhados com a possibilidade de ter uma experi\u00eancia como &#8220;rock star&#8221; e uma foto com seu \u00eddolo, buscam tornar o &#8220;Rock No Metal&#8221; uma experi\u00eancia completa e envolvente para o visitante.<\/p>\n\n\n\n<p>M\u00e1rcia Guimar\u00e3es, Diretora Executiva do MM Gerdau, destaca a origem do projeto e a import\u00e2ncia de expans\u00e3o para a nova edi\u00e7\u00e3o, &#8220;no MM Gerdau, o Dia Mundial do Rock n\u00e3o \u00e9 s\u00f3 um dia, \u00e9 um estilo de vida!&nbsp; A gente adora essa data e queremos levar para o p\u00fablico que rock, geoci\u00eancias, metalurgia e o mundo mineral (os temas do nosso museu) t\u00eam tudo a ver! Em 2017, criamos o &#8220;Rock no Metal&#8221; e, desde ent\u00e3o, temos uma programa\u00e7\u00e3o especial neste per\u00edodo com shows, atividades culturais e a\u00e7\u00f5es que celebram a presen\u00e7a dos metais na m\u00fasica e no Rock n&#8217; Roll. Em 2024, a anima\u00e7\u00e3o est\u00e1 sendo ainda maior, a CBMM tornou-se nossa parceira no projeto e expandimos vamos lev\u00e1-lo at\u00e9 Arax\u00e1, alcan\u00e7ando outras regi\u00f5es de Minas Gerais, proporcionando um pouco do que acontece no nosso Pr\u00e9dio Rosa e da nossa paix\u00e3o por esses dois universos incr\u00edveis! \u00c9 um convite para quem gosta de rock poder aprender mais sobre os metais e viver uma experi\u00eancia musical inesquec\u00edvel!&#8221;, comenta.<\/p>\n\n\n\n<p>A edi\u00e7\u00e3o especial de 2024 do&nbsp;<strong>Rock no Metal &#8211; CBMM Niobium Nb<\/strong>&nbsp;\u00e9 realizada pelo MM Gerdau &#8211; Museu das Minas e do Metal e tem o apoio da CBMM, da Prefeitura de Arax\u00e1 e Funda\u00e7\u00e3o Cultural Calmon Barreto. O MM Gerdau &#8211; Museu das Minas e do Metal \u00e9 financiado via Lei Federal de Incentivo \u00e0 Cultura, possui o patroc\u00ednio da Gerdau, o apoio da CBMM e a parceria com o Governo de Minas Gerais, por meio da Secretaria de Estado de Cultura e Turismo (Secult-MG). A entrada \u00e9 gratuita, sem necessidade de retirar ingressos e sujeita \u00e0 lota\u00e7\u00e3o do espa\u00e7o.<\/p>\n\n\n\n<p>___<\/p>\n\n\n\n<p><a><\/a><strong><u>PROGRAMA\u00c7\u00c3O ARAX\u00c1\/MG:<\/u><\/strong><\/p>\n\n\n\n<p><strong>LOCAL: Funda\u00e7\u00e3o Cultural Calmon Barreto<\/strong><\/p>\n\n\n\n<p><strong>ENDERE\u00c7O: Pra\u00e7a Artur Bernardes, 10 &#8211; Centro &#8211; Arax\u00e1\/MG<\/strong><\/p>\n\n\n\n<p><strong><br>EXPERI\u00caNCIA: MUNDO ROCK &#8211; ESPA\u00c7O INTERATIVO<br>DATA: 13\/07\/2024, s\u00e1bado<\/strong><\/p>\n\n\n\n<p><strong>HORA: 15 \u00e0s 22h<\/strong><\/p>\n\n\n\n<p><strong>FOOD TRUCK, BAR, FEIRINHA DO ROCK E \u00c1REA DE DESCANSO<br>DATA: 13\/07\/2024, s\u00e1bado<\/strong><\/p>\n\n\n\n<p><strong>HORA: 15 \u00e0s 22h<\/strong><\/p>\n\n\n\n<p><strong>SHOW: BANDA SEU MADRUGA<br>DATA: 13\/07\/2024, s\u00e1bado<\/strong><\/p>\n\n\n\n<p><strong>HORA: 18h<\/strong><\/p>\n\n\n\n<p><strong>SHOW: BANDA DOLORES 602<br>DATA: 13\/07\/2024, s\u00e1bado<\/strong><\/p>\n\n\n\n<p><strong>HORA: 19h<\/strong><\/p>\n\n\n\n<p><strong>SHOW: HENRIQUE PORTUGAL (SKANK) + SOLAR BIG BAND<br>DATA: 13\/07\/2024, s\u00e1bado<\/strong><\/p>\n\n\n\n<p><strong>HORA: 20h30<\/strong><\/p>\n","protected":false},"excerpt":{"rendered":"<p>Para comemorar o Dia Mundial do Rock (13\/07), o MM Gerdau &#8211; Museu das Minas e do Metal realiza a<\/p>\n","protected":false},"author":2,"featured_media":7769,"comment_status":"open","ping_status":"open","sticky":false,"template":"","format":"standard","meta":{"footnotes":""},"categories":[9,5,11],"tags":[],"class_list":["post-7768","post","type-post","status-publish","format-standard","has-post-thumbnail","hentry","category-araxa","category-arte-e-cultura","category-destaques"],"_links":{"self":[{"href":"http:\/\/blogdoarmindomaia.com.br\/index.php?rest_route=\/wp\/v2\/posts\/7768","targetHints":{"allow":["GET"]}}],"collection":[{"href":"http:\/\/blogdoarmindomaia.com.br\/index.php?rest_route=\/wp\/v2\/posts"}],"about":[{"href":"http:\/\/blogdoarmindomaia.com.br\/index.php?rest_route=\/wp\/v2\/types\/post"}],"author":[{"embeddable":true,"href":"http:\/\/blogdoarmindomaia.com.br\/index.php?rest_route=\/wp\/v2\/users\/2"}],"replies":[{"embeddable":true,"href":"http:\/\/blogdoarmindomaia.com.br\/index.php?rest_route=%2Fwp%2Fv2%2Fcomments&post=7768"}],"version-history":[{"count":1,"href":"http:\/\/blogdoarmindomaia.com.br\/index.php?rest_route=\/wp\/v2\/posts\/7768\/revisions"}],"predecessor-version":[{"id":7770,"href":"http:\/\/blogdoarmindomaia.com.br\/index.php?rest_route=\/wp\/v2\/posts\/7768\/revisions\/7770"}],"wp:featuredmedia":[{"embeddable":true,"href":"http:\/\/blogdoarmindomaia.com.br\/index.php?rest_route=\/wp\/v2\/media\/7769"}],"wp:attachment":[{"href":"http:\/\/blogdoarmindomaia.com.br\/index.php?rest_route=%2Fwp%2Fv2%2Fmedia&parent=7768"}],"wp:term":[{"taxonomy":"category","embeddable":true,"href":"http:\/\/blogdoarmindomaia.com.br\/index.php?rest_route=%2Fwp%2Fv2%2Fcategories&post=7768"},{"taxonomy":"post_tag","embeddable":true,"href":"http:\/\/blogdoarmindomaia.com.br\/index.php?rest_route=%2Fwp%2Fv2%2Ftags&post=7768"}],"curies":[{"name":"wp","href":"https:\/\/api.w.org\/{rel}","templated":true}]}}