{"id":777,"date":"2022-05-10T20:28:15","date_gmt":"2022-05-10T23:28:15","guid":{"rendered":"http:\/\/blogdoarmindomaia.com.br\/?p=777"},"modified":"2022-05-10T20:28:17","modified_gmt":"2022-05-10T23:28:17","slug":"parceria-entre-prefeitura-de-araxa-e-fundacao-rio-branco-oportuniza-acesso-de-criancas-e-adolescente-a-gastronomia","status":"publish","type":"post","link":"http:\/\/blogdoarmindomaia.com.br\/?p=777","title":{"rendered":"<strong>Parceria entre Prefeitura de Arax\u00e1 e Funda\u00e7\u00e3o Rio Branco oportuniza acesso de crian\u00e7as e adolescente \u00e0 gastronomia<\/strong>"},"content":{"rendered":"\n<figure class=\"wp-block-image size-full is-style-default\"><img loading=\"lazy\" decoding=\"async\" width=\"1024\" height=\"683\" src=\"http:\/\/blogdoarmindomaia.com.br\/wp-content\/uploads\/2022\/05\/grande_chefinho-5.jpeg\" alt=\"\" class=\"wp-image-779\" srcset=\"http:\/\/blogdoarmindomaia.com.br\/wp-content\/uploads\/2022\/05\/grande_chefinho-5.jpeg 1024w, http:\/\/blogdoarmindomaia.com.br\/wp-content\/uploads\/2022\/05\/grande_chefinho-5-300x200.jpeg 300w, http:\/\/blogdoarmindomaia.com.br\/wp-content\/uploads\/2022\/05\/grande_chefinho-5-768x512.jpeg 768w\" sizes=\"auto, (max-width: 1024px) 100vw, 1024px\" \/><\/figure>\n\n\n\n<figure class=\"wp-block-image size-full is-style-default\"><img loading=\"lazy\" decoding=\"async\" width=\"1024\" height=\"683\" src=\"http:\/\/blogdoarmindomaia.com.br\/wp-content\/uploads\/2022\/05\/grande_chefinho-4.jpeg\" alt=\"\" class=\"wp-image-778\" srcset=\"http:\/\/blogdoarmindomaia.com.br\/wp-content\/uploads\/2022\/05\/grande_chefinho-4.jpeg 1024w, http:\/\/blogdoarmindomaia.com.br\/wp-content\/uploads\/2022\/05\/grande_chefinho-4-300x200.jpeg 300w, http:\/\/blogdoarmindomaia.com.br\/wp-content\/uploads\/2022\/05\/grande_chefinho-4-768x512.jpeg 768w\" sizes=\"auto, (max-width: 1024px) 100vw, 1024px\" \/><\/figure>\n\n\n\n<p>O concurso Grande Chefinho \u00e9 uma das atra\u00e7\u00f5es do Festival Saberes e Sabores que acontece no Grande Hotel do Barreiro, entre os dias 11 e 15 de maio (quarta a domingo).<\/p>\n\n\n\n<p>O Grande Chefinho conta com a parceria entre a Prefeitura de Arax\u00e1 e a Funda\u00e7\u00e3o Rio Branco com aporte de R$ 15 mil, em apoio ao concurso e \u00e0s aulas pr\u00e1ticas de gastronomia mineira para os 20 alunos selecionados.<\/p>\n\n\n\n<p>As aulas pr\u00e1ticas est\u00e3o sendo realizadas no Instituto Gastron\u00f4mico das Am\u00e9ricas (IGA), onde o prefeito Robson Magela e os secret\u00e1rios Wagner Cruz (A\u00e7\u00e3o Social) e Juliano Cesar da Silva (Desenvolvimento Econ\u00f4mico, Inova\u00e7\u00e3o e Turismo) estiveram presentes nesta ter\u00e7a-feira (10) para intera\u00e7\u00e3o com os alunos.<\/p>\n\n\n\n<p>O projeto voltado para crian\u00e7as e adolescentes em vulnerabilidade social tem como objetivo principal oferecer oportunidade de conhecer a \u00e1rea gastron\u00f4mica e, atrav\u00e9s de aulas, colocar em pr\u00e1tica todos os ensinamentos.<\/p>\n\n\n\n<p>Durante o Saberes e Sabores, os minichefes participar\u00e3o do concurso Grande Chefinho na Tenda Gastron\u00f4mica do Festival Saberes e Sabores, perante uma comiss\u00e3o julgadora. A grande final do projeto acontece no domingo. Pela participa\u00e7\u00e3o e comprometimento com as atividades durante o concurso, todas as crian\u00e7as e adolescentes receber\u00e3o pr\u00eamios que v\u00e3o auxili\u00e1-las em seu desenvolvimento pessoal.<\/p>\n\n\n\n<p>\u201c\u00c9 uma iniciativa excelente, que est\u00e1 acolhendo crian\u00e7as e adolescentes na culin\u00e1ria e os incentivando para o futuro. E o Festival Saberes e Sabores \u00e9 um evento imperd\u00edvel da nossa cidade e mais op\u00e7\u00e3o de lazer para quem aprecia a boa gastronomia e, \u00e9 claro, quer curtir momentos com a fam\u00edlia no principal ponto tur\u00edstico de Arax\u00e1\u201d, destaca.<\/p>\n\n\n\n<p>O Festival Saberes e Sabores contar\u00e1 com a presen\u00e7a de chefs renomados, espa\u00e7os transformados em restaurantes, degusta\u00e7\u00f5es, amostra de produtos da regi\u00e3o, al\u00e9m de apresenta\u00e7\u00f5es musicais.<\/p>\n","protected":false},"excerpt":{"rendered":"<p>O concurso Grande Chefinho \u00e9 uma das atra\u00e7\u00f5es do Festival Saberes e Sabores que acontece no Grande Hotel do Barreiro,<\/p>\n","protected":false},"author":2,"featured_media":778,"comment_status":"open","ping_status":"open","sticky":false,"template":"","format":"standard","meta":{"footnotes":""},"categories":[9,5],"tags":[],"class_list":["post-777","post","type-post","status-publish","format-standard","has-post-thumbnail","hentry","category-araxa","category-arte-e-cultura"],"_links":{"self":[{"href":"http:\/\/blogdoarmindomaia.com.br\/index.php?rest_route=\/wp\/v2\/posts\/777","targetHints":{"allow":["GET"]}}],"collection":[{"href":"http:\/\/blogdoarmindomaia.com.br\/index.php?rest_route=\/wp\/v2\/posts"}],"about":[{"href":"http:\/\/blogdoarmindomaia.com.br\/index.php?rest_route=\/wp\/v2\/types\/post"}],"author":[{"embeddable":true,"href":"http:\/\/blogdoarmindomaia.com.br\/index.php?rest_route=\/wp\/v2\/users\/2"}],"replies":[{"embeddable":true,"href":"http:\/\/blogdoarmindomaia.com.br\/index.php?rest_route=%2Fwp%2Fv2%2Fcomments&post=777"}],"version-history":[{"count":1,"href":"http:\/\/blogdoarmindomaia.com.br\/index.php?rest_route=\/wp\/v2\/posts\/777\/revisions"}],"predecessor-version":[{"id":780,"href":"http:\/\/blogdoarmindomaia.com.br\/index.php?rest_route=\/wp\/v2\/posts\/777\/revisions\/780"}],"wp:featuredmedia":[{"embeddable":true,"href":"http:\/\/blogdoarmindomaia.com.br\/index.php?rest_route=\/wp\/v2\/media\/778"}],"wp:attachment":[{"href":"http:\/\/blogdoarmindomaia.com.br\/index.php?rest_route=%2Fwp%2Fv2%2Fmedia&parent=777"}],"wp:term":[{"taxonomy":"category","embeddable":true,"href":"http:\/\/blogdoarmindomaia.com.br\/index.php?rest_route=%2Fwp%2Fv2%2Fcategories&post=777"},{"taxonomy":"post_tag","embeddable":true,"href":"http:\/\/blogdoarmindomaia.com.br\/index.php?rest_route=%2Fwp%2Fv2%2Ftags&post=777"}],"curies":[{"name":"wp","href":"https:\/\/api.w.org\/{rel}","templated":true}]}}