{"id":7777,"date":"2024-07-11T14:50:26","date_gmt":"2024-07-11T17:50:26","guid":{"rendered":"http:\/\/blogdoarmindomaia.com.br\/?p=7777"},"modified":"2024-07-11T14:50:29","modified_gmt":"2024-07-11T17:50:29","slug":"grande-arraia-de-araxa-concurso-de-causos-tera-premiacao-em-dinheiro","status":"publish","type":"post","link":"http:\/\/blogdoarmindomaia.com.br\/?p=7777","title":{"rendered":"Grande Arrai\u00e1 de Arax\u00e1: Concurso de Causos ter\u00e1 premia\u00e7\u00e3o em dinheiro"},"content":{"rendered":"\n<figure class=\"wp-block-image size-full is-style-default\"><img loading=\"lazy\" decoding=\"async\" width=\"417\" height=\"315\" src=\"http:\/\/blogdoarmindomaia.com.br\/wp-content\/uploads\/2024\/07\/unnamed.png\" alt=\"\" class=\"wp-image-7778\" srcset=\"http:\/\/blogdoarmindomaia.com.br\/wp-content\/uploads\/2024\/07\/unnamed.png 417w, http:\/\/blogdoarmindomaia.com.br\/wp-content\/uploads\/2024\/07\/unnamed-300x227.png 300w\" sizes=\"auto, (max-width: 417px) 100vw, 417px\" \/><\/figure>\n\n\n\n<figure class=\"wp-block-image size-large is-style-default\"><img loading=\"lazy\" decoding=\"async\" width=\"1024\" height=\"771\" src=\"http:\/\/blogdoarmindomaia.com.br\/wp-content\/uploads\/2024\/07\/Grande-Arraia-de-Araxa-pag-08-1024x771.jpg\" alt=\"\" class=\"wp-image-7779\" srcset=\"http:\/\/blogdoarmindomaia.com.br\/wp-content\/uploads\/2024\/07\/Grande-Arraia-de-Araxa-pag-08-1024x771.jpg 1024w, http:\/\/blogdoarmindomaia.com.br\/wp-content\/uploads\/2024\/07\/Grande-Arraia-de-Araxa-pag-08-300x226.jpg 300w, http:\/\/blogdoarmindomaia.com.br\/wp-content\/uploads\/2024\/07\/Grande-Arraia-de-Araxa-pag-08-768x578.jpg 768w, http:\/\/blogdoarmindomaia.com.br\/wp-content\/uploads\/2024\/07\/Grande-Arraia-de-Araxa-pag-08-1536x1157.jpg 1536w, http:\/\/blogdoarmindomaia.com.br\/wp-content\/uploads\/2024\/07\/Grande-Arraia-de-Araxa-pag-08.jpg 1600w\" sizes=\"auto, (max-width: 1024px) 100vw, 1024px\" \/><\/figure>\n\n\n\n<figure class=\"wp-block-table\"><table><tbody><tr><td><em>Candidatos dever\u00e3o enviar v\u00eddeo com apresenta\u00e7\u00e3o at\u00e9 15 de julho<\/em> &nbsp; &nbsp; Uma tradi\u00e7\u00e3o do Grande Arrai\u00e1 de Arax\u00e1, o Concurso de Prosas e Causos Caipiras est\u00e1 com inscri\u00e7\u00f5es abertas e contar\u00e1 com premia\u00e7\u00e3o em dinheiro para os tr\u00eas melhores contadores inscritos. \u201cEsse concurso faz um resgate de uma das&nbsp;culturas mais t\u00edpicas do interior mineiro e abre espa\u00e7o para que a comunidade regional participe efetivamente, destacando talentos e valorizando quem guarda a hist\u00f3ria das tradi\u00e7\u00f5es juninas\u201d, ressalta Elisa Bai\u00e3o Mac\u00eado, presidente da Funda\u00e7\u00e3o Cultural Acia (Facia). &nbsp; Para participar, os interessados devem acessar o&nbsp;<em>Instagram<\/em>&nbsp;do Grande Arrai\u00e1 &#8211; @grandearraiaaraxa e preencher o formul\u00e1rio que est\u00e1 na descri\u00e7\u00e3o do perfil. O candidato tamb\u00e9m deve enviar \u00e0 organiza\u00e7\u00e3o, na mesma plataforma, um v\u00eddeo de at\u00e9 dois minutos contando causos caipiras. \u00c9 permitida a participa\u00e7\u00e3o de duplas (desde que seja enviado apenas um v\u00eddeo) e os candidatos podem escolher se estar\u00e3o caracterizados ou n\u00e3o.&nbsp;O prazo final para o cadastramento \u00e9 a pr\u00f3xima segunda-feira (15). &nbsp; Os v\u00eddeos recebidos ser\u00e3o avaliados por uma comiss\u00e3o composta por formadores de opini\u00e3o, organiza\u00e7\u00e3o e jurados da \u00e1rea art\u00edstica. Os tr\u00eas candidatos que tiverem as melhores notas em crit\u00e9rios como interpreta\u00e7\u00e3o, constru\u00e7\u00e3o da hist\u00f3ria e criatividade, receber\u00e3o o pr\u00eamio de R$ 500 cada. \u201cOs tr\u00eas classificados v\u00e3o&nbsp;contar seus causos no palco do Grande Arrai\u00e1 no dia 20 de julho e poder\u00e3o mostrar, assim, seu talento para toda a nossa comunidade\u201d, ressalta Elisa. &nbsp; <strong>O Grande Arrai\u00e1<\/strong> O Grande Arrai\u00e1 est\u00e1 de volta cheio de novidades. O evento ser\u00e1 realizado no Est\u00e1dio Municipal Fausto Alvim, nos dias 19 e 20 de julho. As atividades come\u00e7am \u00e0s 19h30 na sexta (19) e \u00e0s 16h no s\u00e1bado (20). Al\u00e9m de atra\u00e7\u00f5es musicais, haver\u00e1 concurso de causos, quadrilhas e as tradicionais comidas t\u00edpicas, que ser\u00e3o oferecidas em barraquinhas coordenadas por entidades sociais do munic\u00edpio. &nbsp; O Grande Arrai\u00e1 \u00e9 promovido pela Funda\u00e7\u00e3o Cultural Acia (Facia) e tem o patroc\u00ednio da CBMM e Bem Brasil, atrav\u00e9s da Lei Federal de Incentivo \u00e0 Cultura, do Minist\u00e9rio da Cultura, Governo Federal. Apoio: Associa\u00e7\u00e3o Comercial, Industrial de Turismo, Servi\u00e7os e Agroneg\u00f3cios de Arax\u00e1 (Acia). <strong>&nbsp;<\/strong> <strong>Servi\u00e7o:<\/strong> <strong>Grande Arrai\u00e1<\/strong> <strong>Data:&nbsp;<\/strong>19 e 20\/07 <strong>Local:&nbsp;<\/strong>Est\u00e1dio Fausto Alvim <strong>Informa\u00e7\u00f5es:<\/strong> @grandearraiaaraxa <a href=\"http:\/\/www.grandearraia.com.br\/\" target=\"_blank\" rel=\"noreferrer noopener\">www.grandearraia.com.br<\/a><\/td><\/tr><\/tbody><\/table><\/figure>\n","protected":false},"excerpt":{"rendered":"<p>Candidatos dever\u00e3o enviar v\u00eddeo com apresenta\u00e7\u00e3o at\u00e9 15 de julho &nbsp; &nbsp; Uma tradi\u00e7\u00e3o do Grande Arrai\u00e1 de Arax\u00e1, o<\/p>\n","protected":false},"author":2,"featured_media":7778,"comment_status":"open","ping_status":"open","sticky":false,"template":"","format":"standard","meta":{"footnotes":""},"categories":[9,11],"tags":[],"class_list":["post-7777","post","type-post","status-publish","format-standard","has-post-thumbnail","hentry","category-araxa","category-destaques"],"_links":{"self":[{"href":"http:\/\/blogdoarmindomaia.com.br\/index.php?rest_route=\/wp\/v2\/posts\/7777","targetHints":{"allow":["GET"]}}],"collection":[{"href":"http:\/\/blogdoarmindomaia.com.br\/index.php?rest_route=\/wp\/v2\/posts"}],"about":[{"href":"http:\/\/blogdoarmindomaia.com.br\/index.php?rest_route=\/wp\/v2\/types\/post"}],"author":[{"embeddable":true,"href":"http:\/\/blogdoarmindomaia.com.br\/index.php?rest_route=\/wp\/v2\/users\/2"}],"replies":[{"embeddable":true,"href":"http:\/\/blogdoarmindomaia.com.br\/index.php?rest_route=%2Fwp%2Fv2%2Fcomments&post=7777"}],"version-history":[{"count":1,"href":"http:\/\/blogdoarmindomaia.com.br\/index.php?rest_route=\/wp\/v2\/posts\/7777\/revisions"}],"predecessor-version":[{"id":7780,"href":"http:\/\/blogdoarmindomaia.com.br\/index.php?rest_route=\/wp\/v2\/posts\/7777\/revisions\/7780"}],"wp:featuredmedia":[{"embeddable":true,"href":"http:\/\/blogdoarmindomaia.com.br\/index.php?rest_route=\/wp\/v2\/media\/7778"}],"wp:attachment":[{"href":"http:\/\/blogdoarmindomaia.com.br\/index.php?rest_route=%2Fwp%2Fv2%2Fmedia&parent=7777"}],"wp:term":[{"taxonomy":"category","embeddable":true,"href":"http:\/\/blogdoarmindomaia.com.br\/index.php?rest_route=%2Fwp%2Fv2%2Fcategories&post=7777"},{"taxonomy":"post_tag","embeddable":true,"href":"http:\/\/blogdoarmindomaia.com.br\/index.php?rest_route=%2Fwp%2Fv2%2Ftags&post=7777"}],"curies":[{"name":"wp","href":"https:\/\/api.w.org\/{rel}","templated":true}]}}