{"id":7781,"date":"2024-07-11T14:54:30","date_gmt":"2024-07-11T17:54:30","guid":{"rendered":"http:\/\/blogdoarmindomaia.com.br\/?p=7781"},"modified":"2024-07-11T14:54:32","modified_gmt":"2024-07-11T17:54:32","slug":"bailarinos-de-araxa-sao-destaque-no-maior-festival-de-dancas-urbanas-da-america-latina","status":"publish","type":"post","link":"http:\/\/blogdoarmindomaia.com.br\/?p=7781","title":{"rendered":"Bailarinos de Arax\u00e1 s\u00e3o destaque no maior Festival de Dan\u00e7as Urbanas da Am\u00e9rica Latina\u00a0\u00a0"},"content":{"rendered":"\n<figure class=\"wp-block-image size-large is-style-default\"><img loading=\"lazy\" decoding=\"async\" width=\"1024\" height=\"768\" src=\"http:\/\/blogdoarmindomaia.com.br\/wp-content\/uploads\/2024\/07\/danca-2-1024x768.jpg\" alt=\"\" class=\"wp-image-7782\" srcset=\"http:\/\/blogdoarmindomaia.com.br\/wp-content\/uploads\/2024\/07\/danca-2-1024x768.jpg 1024w, http:\/\/blogdoarmindomaia.com.br\/wp-content\/uploads\/2024\/07\/danca-2-300x225.jpg 300w, http:\/\/blogdoarmindomaia.com.br\/wp-content\/uploads\/2024\/07\/danca-2-768x576.jpg 768w, http:\/\/blogdoarmindomaia.com.br\/wp-content\/uploads\/2024\/07\/danca-2.jpg 1280w\" sizes=\"auto, (max-width: 1024px) 100vw, 1024px\" \/><\/figure>\n\n\n\n<figure class=\"wp-block-image size-large is-style-default\"><img loading=\"lazy\" decoding=\"async\" width=\"1024\" height=\"470\" src=\"http:\/\/blogdoarmindomaia.com.br\/wp-content\/uploads\/2024\/07\/danca-1-1024x470.jpg\" alt=\"\" class=\"wp-image-7783\" srcset=\"http:\/\/blogdoarmindomaia.com.br\/wp-content\/uploads\/2024\/07\/danca-1-1024x470.jpg 1024w, http:\/\/blogdoarmindomaia.com.br\/wp-content\/uploads\/2024\/07\/danca-1-300x138.jpg 300w, http:\/\/blogdoarmindomaia.com.br\/wp-content\/uploads\/2024\/07\/danca-1-768x352.jpg 768w, http:\/\/blogdoarmindomaia.com.br\/wp-content\/uploads\/2024\/07\/danca-1-1536x704.jpg 1536w, http:\/\/blogdoarmindomaia.com.br\/wp-content\/uploads\/2024\/07\/danca-1.jpg 1581w\" sizes=\"auto, (max-width: 1024px) 100vw, 1024px\" \/><\/figure>\n\n\n\n<figure class=\"wp-block-image size-large is-style-default\"><img loading=\"lazy\" decoding=\"async\" width=\"1024\" height=\"485\" src=\"http:\/\/blogdoarmindomaia.com.br\/wp-content\/uploads\/2024\/07\/Bailarinos-de-Araxa-sao-destaques-no-maior-Festival-de-Dancas-Urbanas-pag-04-1024x485.jpg\" alt=\"\" class=\"wp-image-7784\" srcset=\"http:\/\/blogdoarmindomaia.com.br\/wp-content\/uploads\/2024\/07\/Bailarinos-de-Araxa-sao-destaques-no-maior-Festival-de-Dancas-Urbanas-pag-04-1024x485.jpg 1024w, http:\/\/blogdoarmindomaia.com.br\/wp-content\/uploads\/2024\/07\/Bailarinos-de-Araxa-sao-destaques-no-maior-Festival-de-Dancas-Urbanas-pag-04-300x142.jpg 300w, http:\/\/blogdoarmindomaia.com.br\/wp-content\/uploads\/2024\/07\/Bailarinos-de-Araxa-sao-destaques-no-maior-Festival-de-Dancas-Urbanas-pag-04-768x363.jpg 768w, http:\/\/blogdoarmindomaia.com.br\/wp-content\/uploads\/2024\/07\/Bailarinos-de-Araxa-sao-destaques-no-maior-Festival-de-Dancas-Urbanas-pag-04.jpg 1080w\" sizes=\"auto, (max-width: 1024px) 100vw, 1024px\" \/><\/figure>\n\n\n\n<p>A companhia de dan\u00e7a Styl Company representou Arax\u00e1 no FIH2, o maior festival de dan\u00e7as urbanas da Am\u00e9rica Latina, um consagrado Festival que acontece h\u00e1 21 anos. Neste ano, o evento &nbsp;ocorreu no Teatro Positivo em Curitiba nos dias 04 a 07 de julho.<\/p>\n\n\n\n<p>A Companhia de Dan\u00e7a Styl Company da core\u00f3grafa e bailarina araxaense Paula Nogueira, marcou presen\u00e7a pelo 3\u00ba ano consecutivo e neste ano levou 70 pessoas entre bailarinos, m\u00e3es, professores e equipe de apoio em um \u00f4nibus que saiu de Arax\u00e1 no dia 03 e retornou \u00e0 cidade no dia 08. Os 45 bailarinos araxaenses apresentaram para os 7220 espectadores no grande palco do Teatro Positivo, tr\u00eas coreografias em diferentes categorias, sendo as seguintes: J\u00fanior &#8211; All Star (j\u00fanior), O som do Batuque (S\u00eanior) e Umbra (Avan\u00e7ado).<\/p>\n","protected":false},"excerpt":{"rendered":"<p>A companhia de dan\u00e7a Styl Company representou Arax\u00e1 no FIH2, o maior festival de dan\u00e7as urbanas da Am\u00e9rica Latina, um<\/p>\n","protected":false},"author":2,"featured_media":7782,"comment_status":"open","ping_status":"open","sticky":false,"template":"","format":"standard","meta":{"footnotes":""},"categories":[9,5,11],"tags":[],"class_list":["post-7781","post","type-post","status-publish","format-standard","has-post-thumbnail","hentry","category-araxa","category-arte-e-cultura","category-destaques"],"_links":{"self":[{"href":"http:\/\/blogdoarmindomaia.com.br\/index.php?rest_route=\/wp\/v2\/posts\/7781","targetHints":{"allow":["GET"]}}],"collection":[{"href":"http:\/\/blogdoarmindomaia.com.br\/index.php?rest_route=\/wp\/v2\/posts"}],"about":[{"href":"http:\/\/blogdoarmindomaia.com.br\/index.php?rest_route=\/wp\/v2\/types\/post"}],"author":[{"embeddable":true,"href":"http:\/\/blogdoarmindomaia.com.br\/index.php?rest_route=\/wp\/v2\/users\/2"}],"replies":[{"embeddable":true,"href":"http:\/\/blogdoarmindomaia.com.br\/index.php?rest_route=%2Fwp%2Fv2%2Fcomments&post=7781"}],"version-history":[{"count":1,"href":"http:\/\/blogdoarmindomaia.com.br\/index.php?rest_route=\/wp\/v2\/posts\/7781\/revisions"}],"predecessor-version":[{"id":7785,"href":"http:\/\/blogdoarmindomaia.com.br\/index.php?rest_route=\/wp\/v2\/posts\/7781\/revisions\/7785"}],"wp:featuredmedia":[{"embeddable":true,"href":"http:\/\/blogdoarmindomaia.com.br\/index.php?rest_route=\/wp\/v2\/media\/7782"}],"wp:attachment":[{"href":"http:\/\/blogdoarmindomaia.com.br\/index.php?rest_route=%2Fwp%2Fv2%2Fmedia&parent=7781"}],"wp:term":[{"taxonomy":"category","embeddable":true,"href":"http:\/\/blogdoarmindomaia.com.br\/index.php?rest_route=%2Fwp%2Fv2%2Fcategories&post=7781"},{"taxonomy":"post_tag","embeddable":true,"href":"http:\/\/blogdoarmindomaia.com.br\/index.php?rest_route=%2Fwp%2Fv2%2Ftags&post=7781"}],"curies":[{"name":"wp","href":"https:\/\/api.w.org\/{rel}","templated":true}]}}