{"id":7790,"date":"2024-07-11T15:00:35","date_gmt":"2024-07-11T18:00:35","guid":{"rendered":"http:\/\/blogdoarmindomaia.com.br\/?p=7790"},"modified":"2024-07-11T15:00:38","modified_gmt":"2024-07-11T18:00:38","slug":"segunda-divisao-ganso-vai-estrear-contra-o-nacional-de-uberaba","status":"publish","type":"post","link":"http:\/\/blogdoarmindomaia.com.br\/?p=7790","title":{"rendered":"Segunda Divis\u00e3o: Ganso vai estrear contra o Nacional de Uberaba"},"content":{"rendered":"\n<figure class=\"wp-block-image size-full is-style-default\"><img loading=\"lazy\" decoding=\"async\" width=\"1024\" height=\"683\" src=\"http:\/\/blogdoarmindomaia.com.br\/wp-content\/uploads\/2024\/07\/Segunda-Divisao-esportes.jpg\" alt=\"\" class=\"wp-image-7791\" srcset=\"http:\/\/blogdoarmindomaia.com.br\/wp-content\/uploads\/2024\/07\/Segunda-Divisao-esportes.jpg 1024w, http:\/\/blogdoarmindomaia.com.br\/wp-content\/uploads\/2024\/07\/Segunda-Divisao-esportes-300x200.jpg 300w, http:\/\/blogdoarmindomaia.com.br\/wp-content\/uploads\/2024\/07\/Segunda-Divisao-esportes-768x512.jpg 768w\" sizes=\"auto, (max-width: 1024px) 100vw, 1024px\" \/><\/figure>\n\n\n\n<p>Ap\u00f3s definir novas datas para a edi\u00e7\u00e3o 2024 do Campeonato Mineiro da Segunda Divis\u00e3o, a Federa\u00e7\u00e3o Mineira de Futebol, tamb\u00e9m acertou\u00a0 a tabela de jogos e datas da competi\u00e7\u00e3o de acesso ao M\u00f3dulo Dois.\u00a0 A princ\u00edpio, o certame que iria ter in\u00edcio no dia 13 de agosto, foi adiado para 31 do mesmo m\u00eas. \u00a0Assim o Arax\u00e1 Esporte que faz parte do Grupo C, ao lado de: Paracatu, Uberaba, Nacional de Uberaba, Araguari e Ussube de Uberl\u00e2ndia, vai estrear na competi\u00e7\u00e3o contra o time do Nacional de\u00a0 Uberaba, dia 31 de agosto, as 15:30 horas no est\u00e1dio Fausto Alvim. \u00a0Nesta edi\u00e7\u00e3o s\u00e3o 17 equipes divididas em 3 grupos. A chave A com 5 times enquanto a chave B e C ter\u00e3o 6 equipes cada. Em disputa, al\u00e9m do t\u00edtulo, as duas vagas na decis\u00e3o que valer\u00e3o o acesso ao m\u00f3dulo 2 de 2025. De acordo com o regulamento somente atletas Sub-23 (30 no m\u00e1ximo) e amadores (20 no m\u00e1ximo) ser\u00e3o permitidos na disputa que ter\u00e1 a sua primeira fase regionalizada.<\/p>\n","protected":false},"excerpt":{"rendered":"<p>Ap\u00f3s definir novas datas para a edi\u00e7\u00e3o 2024 do Campeonato Mineiro da Segunda Divis\u00e3o, a Federa\u00e7\u00e3o Mineira de Futebol, tamb\u00e9m<\/p>\n","protected":false},"author":2,"featured_media":7791,"comment_status":"open","ping_status":"open","sticky":false,"template":"","format":"standard","meta":{"footnotes":""},"categories":[9,11,15],"tags":[],"class_list":["post-7790","post","type-post","status-publish","format-standard","has-post-thumbnail","hentry","category-araxa","category-destaques","category-esportes"],"_links":{"self":[{"href":"http:\/\/blogdoarmindomaia.com.br\/index.php?rest_route=\/wp\/v2\/posts\/7790","targetHints":{"allow":["GET"]}}],"collection":[{"href":"http:\/\/blogdoarmindomaia.com.br\/index.php?rest_route=\/wp\/v2\/posts"}],"about":[{"href":"http:\/\/blogdoarmindomaia.com.br\/index.php?rest_route=\/wp\/v2\/types\/post"}],"author":[{"embeddable":true,"href":"http:\/\/blogdoarmindomaia.com.br\/index.php?rest_route=\/wp\/v2\/users\/2"}],"replies":[{"embeddable":true,"href":"http:\/\/blogdoarmindomaia.com.br\/index.php?rest_route=%2Fwp%2Fv2%2Fcomments&post=7790"}],"version-history":[{"count":1,"href":"http:\/\/blogdoarmindomaia.com.br\/index.php?rest_route=\/wp\/v2\/posts\/7790\/revisions"}],"predecessor-version":[{"id":7792,"href":"http:\/\/blogdoarmindomaia.com.br\/index.php?rest_route=\/wp\/v2\/posts\/7790\/revisions\/7792"}],"wp:featuredmedia":[{"embeddable":true,"href":"http:\/\/blogdoarmindomaia.com.br\/index.php?rest_route=\/wp\/v2\/media\/7791"}],"wp:attachment":[{"href":"http:\/\/blogdoarmindomaia.com.br\/index.php?rest_route=%2Fwp%2Fv2%2Fmedia&parent=7790"}],"wp:term":[{"taxonomy":"category","embeddable":true,"href":"http:\/\/blogdoarmindomaia.com.br\/index.php?rest_route=%2Fwp%2Fv2%2Fcategories&post=7790"},{"taxonomy":"post_tag","embeddable":true,"href":"http:\/\/blogdoarmindomaia.com.br\/index.php?rest_route=%2Fwp%2Fv2%2Ftags&post=7790"}],"curies":[{"name":"wp","href":"https:\/\/api.w.org\/{rel}","templated":true}]}}