{"id":7799,"date":"2024-07-11T15:09:27","date_gmt":"2024-07-11T18:09:27","guid":{"rendered":"http:\/\/blogdoarmindomaia.com.br\/?p=7799"},"modified":"2024-07-11T15:09:29","modified_gmt":"2024-07-11T18:09:29","slug":"araxaense-criador-da-marca-cafe-do-cerrado-e-homenageado-pela-caccer","status":"publish","type":"post","link":"http:\/\/blogdoarmindomaia.com.br\/?p=7799","title":{"rendered":"Araxaense criador da marca \u201cCaf\u00e9 do Cerrado\u201d \u00e9 homenageado pela CACCER"},"content":{"rendered":"\n<figure class=\"wp-block-image size-large is-style-default\"><img loading=\"lazy\" decoding=\"async\" width=\"768\" height=\"1024\" src=\"http:\/\/blogdoarmindomaia.com.br\/wp-content\/uploads\/2024\/07\/bab6e124-fba2-4570-8ef1-0313160fff5f-768x1024.jpg\" alt=\"\" class=\"wp-image-7800\" srcset=\"http:\/\/blogdoarmindomaia.com.br\/wp-content\/uploads\/2024\/07\/bab6e124-fba2-4570-8ef1-0313160fff5f-768x1024.jpg 768w, http:\/\/blogdoarmindomaia.com.br\/wp-content\/uploads\/2024\/07\/bab6e124-fba2-4570-8ef1-0313160fff5f-225x300.jpg 225w, http:\/\/blogdoarmindomaia.com.br\/wp-content\/uploads\/2024\/07\/bab6e124-fba2-4570-8ef1-0313160fff5f-1152x1536.jpg 1152w, http:\/\/blogdoarmindomaia.com.br\/wp-content\/uploads\/2024\/07\/bab6e124-fba2-4570-8ef1-0313160fff5f.jpg 1200w\" sizes=\"auto, (max-width: 768px) 100vw, 768px\" \/><\/figure>\n\n\n\n<p><strong>Durante evento que comemorou os 50 anos do Caf\u00e9 do Cerrado, o CACCER &#8211;&nbsp; Conselho das Associa\u00e7\u00f5es dos Cafeicultores do Cerrado, homenagearam, por meio de uma reportagem especial, o saudoso produtor aeraxaense, Juarez Pereira Valle, falecido em 2007, ele<\/strong> foi o inventor e idealizador da marca \u201cCaf\u00e9 do Cerrado\u201d, foi tamb\u00e9m fundador e ex-presidente da Associa\u00e7\u00e3o de Cafeicultores de Arax\u00e1 e tamb\u00e9m fundador do CACCER \u2013 Conselho das Associa\u00e7\u00f5es dos Cafeicultores do Cerrado. Juarez foi o um dos pioneiros e grandes l\u00edderes do \u201cCaf\u00e9 do Cerrado\u201d, tendo executado o primeiro programa de marketing do CACCER, e ainda foi respons\u00e1vel pela nossa participa\u00e7\u00e3o na primeira feira internacional de caf\u00e9 em Boston EUA no ano 1993 e posteriormente em outras.<\/p>\n\n\n\n<p>Confira abaixo a reportagem do Livro Caf\u00e9 do Cerrado:<\/p>\n\n\n\n<p><strong>\u201c\u00c0 frente do tempo<\/strong><\/p>\n\n\n\n<p><strong>Juarez Pereira Valle<\/strong><\/p>\n\n\n\n<p>A consolida\u00e7\u00e3o de uma marca \u00e9 pavimentada por sucessos e obst\u00e1culos, uni\u00e3o e perseveran\u00e7a. O caf\u00e9 da RCM precisava de um s\u00edmbolo, que foi criado pelo cafeicultor de Arax\u00e1.<\/p>\n\n\n\n<p>No caso do Caf\u00e9 do Cerrado Mineiro, um passo fundamental foi dado em 1993, a partir de um insight genial do saudoso Juarez Pereira Valle, fundador e ex-presidente da extinta Associa\u00e7\u00e3o de Cafeicultores de Arax\u00e1 e Regi\u00e3o (ACAR) e fundador do CACCER \u2013 Conselho das Associa\u00e7\u00f5es dos Cafeicultores do Cerrado.<\/p>\n\n\n\n<p>Antes de entrar no assunto, um adendo: este \u00e9 um \u201ccauso\u201d sempre lembrado nas rodas da gente do caf\u00e9 em Arax\u00e1, e revelado com jeito, \u201cquem conta um conto aumenta um ponto\u201d. A verdade, sempre posso contar aqui \u00e9 um apanhado das lembran\u00e7as de personagens que de maneira ou de outra, testemunharam os fatos.<\/p>\n\n\n\n<p><strong>Identidade da marca<\/strong><\/p>\n\n\n\n<p>Depois de ser formalizada como entidade representativa do setor, a Caccer precisava de um s\u00edmbolo que remetesse ao seu produto. Numa bela manh\u00e3, Juarez, uma pessoa \u201cextremamente criativa\u201d, na opini\u00e3o dos companheiros, teve a grande ideia para o s\u00edmbolo. \u201cEle levantou da cama e n\u00e3o dava certo, tentava de noite e nada\u201d, conta o produtor Aguinaldo Jos\u00e9 de Lima, outro pioneiro do Caccer. \u201cAt\u00e9 que um dia ele me ligou e, da nada, falou: \u2018Aguinaldo, EUREKA!!!\u201d<\/p>\n\n\n\n<hr class=\"wp-block-separator has-alpha-channel-opacity\"\/>\n\n\n\n<p><strong>Ideias criativas<\/strong><\/p>\n\n\n\n<p>Dizem alguns, como Aguinaldo, que a grande sacada de Juarez surgiu quando ele, ao se levantar de manh\u00e3, viu os pr\u00f3prios chinelos e os da mulher posicionados ao p\u00e9 da cama de uma forma que lembrava folhas de caf\u00e9. Outros garantem que a &#8220;vis\u00e3o&#8221; lhe veio quando amarrava os sapatos, sentado numa cadeira. Mero detalhe. O certo \u00e9 que Juarez desenhou a imagem numa guardanapo, saiu correndo de Arax\u00e1, onde morava, e foi para Patroc\u00ednio. \u201cChegou l\u00e1 em casa \u00e0s 10 horas da manh\u00e3, contando que fez o esbo\u00e7o enquanto tomava o caf\u00e9, para n\u00e3o perder a ideia\u201d, diz Aguinaldo.<\/p>\n\n\n\n<p>O cafeicultor Ronaldo Campos Borges, cooperado da Expocaccer, foi companheiro de Juarez na associa\u00e7\u00e3o de Arax\u00e1. \u201cEle era uma pessoa extraordin\u00e1ria, muito inteligente\u201d, diz e, em seguida, vai contando algumas hist\u00f3rias do amigo. \u201cJuarez levou o primeiro grupo de produtores do Cerrado para o exterior; em 1994, ele at\u00e9 participou dessa miss\u00e3o para um evento em Long Beach, na Calif\u00f3rnia. Ele que falava ingl\u00eas, ent\u00e3o ele que negociou a venda do nosso caf\u00e9,\u201d lembra. Juarez tamb\u00e9m foi o primeiro a trazer para a regi\u00e3o as primeiras colhedoras de caf\u00e9 Korvan, colhedoras de caf\u00e9 j\u00e1 usadas em lavouras havaianas, adequadas para a topografia dos cafezais do Cerrado Mineiro.<\/p>\n\n\n\n<p>Juarez era um homem sempre \u00e0 frente de seu tempo. Uma das mais criativas ideias dele n\u00e3o chegou a se concretizar, mas \u00e9 impressionante. Depois de conhecer a China, ele sonhava montar uma cafeteria na Pra\u00e7a da Paz Celestial de Pequim, um bairro democr\u00e1tico para o caf\u00e9 do Cerrado Mineiro no mundo. Corriam os anos 1990, e naquela \u00e9poca, ningu\u00e9m imaginaria que a China se tornaria a pot\u00eancia econ\u00f4mica que \u00e9 hoje. \u201cOlha a vis\u00e3o que ele tinha!\u201d, finaliza Ronaldo Borges.\u201d<\/p>\n","protected":false},"excerpt":{"rendered":"<p>Durante evento que comemorou os 50 anos do Caf\u00e9 do Cerrado, o CACCER &#8211;&nbsp; Conselho das Associa\u00e7\u00f5es dos Cafeicultores do<\/p>\n","protected":false},"author":2,"featured_media":7800,"comment_status":"open","ping_status":"open","sticky":false,"template":"","format":"standard","meta":{"footnotes":""},"categories":[9,11],"tags":[],"class_list":["post-7799","post","type-post","status-publish","format-standard","has-post-thumbnail","hentry","category-araxa","category-destaques"],"_links":{"self":[{"href":"http:\/\/blogdoarmindomaia.com.br\/index.php?rest_route=\/wp\/v2\/posts\/7799","targetHints":{"allow":["GET"]}}],"collection":[{"href":"http:\/\/blogdoarmindomaia.com.br\/index.php?rest_route=\/wp\/v2\/posts"}],"about":[{"href":"http:\/\/blogdoarmindomaia.com.br\/index.php?rest_route=\/wp\/v2\/types\/post"}],"author":[{"embeddable":true,"href":"http:\/\/blogdoarmindomaia.com.br\/index.php?rest_route=\/wp\/v2\/users\/2"}],"replies":[{"embeddable":true,"href":"http:\/\/blogdoarmindomaia.com.br\/index.php?rest_route=%2Fwp%2Fv2%2Fcomments&post=7799"}],"version-history":[{"count":1,"href":"http:\/\/blogdoarmindomaia.com.br\/index.php?rest_route=\/wp\/v2\/posts\/7799\/revisions"}],"predecessor-version":[{"id":7801,"href":"http:\/\/blogdoarmindomaia.com.br\/index.php?rest_route=\/wp\/v2\/posts\/7799\/revisions\/7801"}],"wp:featuredmedia":[{"embeddable":true,"href":"http:\/\/blogdoarmindomaia.com.br\/index.php?rest_route=\/wp\/v2\/media\/7800"}],"wp:attachment":[{"href":"http:\/\/blogdoarmindomaia.com.br\/index.php?rest_route=%2Fwp%2Fv2%2Fmedia&parent=7799"}],"wp:term":[{"taxonomy":"category","embeddable":true,"href":"http:\/\/blogdoarmindomaia.com.br\/index.php?rest_route=%2Fwp%2Fv2%2Fcategories&post=7799"},{"taxonomy":"post_tag","embeddable":true,"href":"http:\/\/blogdoarmindomaia.com.br\/index.php?rest_route=%2Fwp%2Fv2%2Ftags&post=7799"}],"curies":[{"name":"wp","href":"https:\/\/api.w.org\/{rel}","templated":true}]}}