{"id":7803,"date":"2024-07-18T14:33:20","date_gmt":"2024-07-18T17:33:20","guid":{"rendered":"http:\/\/blogdoarmindomaia.com.br\/?p=7803"},"modified":"2024-07-18T14:41:41","modified_gmt":"2024-07-18T17:41:41","slug":"professor-marcao-porto-em-acao","status":"publish","type":"post","link":"http:\/\/blogdoarmindomaia.com.br\/?p=7803","title":{"rendered":"Professor Marc\u00e3o Porto em a\u00e7\u00e3o"},"content":{"rendered":"\n<figure class=\"wp-block-image size-large is-style-default\"><img loading=\"lazy\" decoding=\"async\" width=\"1019\" height=\"1024\" src=\"http:\/\/blogdoarmindomaia.com.br\/wp-content\/uploads\/2024\/07\/Professor-Marcao-na-Magnus-1019x1024.jpg\" alt=\"\" class=\"wp-image-7804\" srcset=\"http:\/\/blogdoarmindomaia.com.br\/wp-content\/uploads\/2024\/07\/Professor-Marcao-na-Magnus-1019x1024.jpg 1019w, http:\/\/blogdoarmindomaia.com.br\/wp-content\/uploads\/2024\/07\/Professor-Marcao-na-Magnus-300x300.jpg 300w, http:\/\/blogdoarmindomaia.com.br\/wp-content\/uploads\/2024\/07\/Professor-Marcao-na-Magnus-150x150.jpg 150w, http:\/\/blogdoarmindomaia.com.br\/wp-content\/uploads\/2024\/07\/Professor-Marcao-na-Magnus-768x772.jpg 768w, http:\/\/blogdoarmindomaia.com.br\/wp-content\/uploads\/2024\/07\/Professor-Marcao-na-Magnus.jpg 1274w\" sizes=\"auto, (max-width: 1019px) 100vw, 1019px\" \/><\/figure>\n\n\n\n<p>Quem acaba de retornar de mais um importante est\u00e1gio profissional no interior paulista \u00e9 o conceituado professor e educador f\u00edsico araxaense Marc\u00e3o Porto, que \u00e9 Coordenador da Escola de Futebol de base Chute Inicial de&nbsp; Arax\u00e1.&nbsp; Marc\u00e3o esteve no&nbsp; MAGNUS ACADEMY,&nbsp; que hoje \u00e9 considerado um dos&nbsp; maiores est\u00e1gios te\u00f3rico\/pr\u00e1tico do mundo. A prop\u00f3sito a equipe do Magnus de futsal de Sorocaba,&nbsp; \u00e9 tricampe\u00e3o mundial e atual campe\u00e3o da Libertadores . De acordo com o professor Marc\u00e3o, \u201c no est\u00e1gio s\u00e3o trabalhados e destacados,&nbsp; parte t\u00e9cnica, t\u00e1tica, gest\u00e3o, projetos, fisioterapia, capta\u00e7\u00e3o de patroc\u00ednio, lideran\u00e7a, entre outros assuntos.<\/p>\n","protected":false},"excerpt":{"rendered":"<p>Quem acaba de retornar de mais um importante est\u00e1gio profissional no interior paulista \u00e9 o conceituado professor e educador f\u00edsico<\/p>\n","protected":false},"author":2,"featured_media":7804,"comment_status":"open","ping_status":"open","sticky":false,"template":"","format":"standard","meta":{"footnotes":""},"categories":[9,11],"tags":[],"class_list":["post-7803","post","type-post","status-publish","format-standard","has-post-thumbnail","hentry","category-araxa","category-destaques"],"_links":{"self":[{"href":"http:\/\/blogdoarmindomaia.com.br\/index.php?rest_route=\/wp\/v2\/posts\/7803","targetHints":{"allow":["GET"]}}],"collection":[{"href":"http:\/\/blogdoarmindomaia.com.br\/index.php?rest_route=\/wp\/v2\/posts"}],"about":[{"href":"http:\/\/blogdoarmindomaia.com.br\/index.php?rest_route=\/wp\/v2\/types\/post"}],"author":[{"embeddable":true,"href":"http:\/\/blogdoarmindomaia.com.br\/index.php?rest_route=\/wp\/v2\/users\/2"}],"replies":[{"embeddable":true,"href":"http:\/\/blogdoarmindomaia.com.br\/index.php?rest_route=%2Fwp%2Fv2%2Fcomments&post=7803"}],"version-history":[{"count":2,"href":"http:\/\/blogdoarmindomaia.com.br\/index.php?rest_route=\/wp\/v2\/posts\/7803\/revisions"}],"predecessor-version":[{"id":7812,"href":"http:\/\/blogdoarmindomaia.com.br\/index.php?rest_route=\/wp\/v2\/posts\/7803\/revisions\/7812"}],"wp:featuredmedia":[{"embeddable":true,"href":"http:\/\/blogdoarmindomaia.com.br\/index.php?rest_route=\/wp\/v2\/media\/7804"}],"wp:attachment":[{"href":"http:\/\/blogdoarmindomaia.com.br\/index.php?rest_route=%2Fwp%2Fv2%2Fmedia&parent=7803"}],"wp:term":[{"taxonomy":"category","embeddable":true,"href":"http:\/\/blogdoarmindomaia.com.br\/index.php?rest_route=%2Fwp%2Fv2%2Fcategories&post=7803"},{"taxonomy":"post_tag","embeddable":true,"href":"http:\/\/blogdoarmindomaia.com.br\/index.php?rest_route=%2Fwp%2Fv2%2Ftags&post=7803"}],"curies":[{"name":"wp","href":"https:\/\/api.w.org\/{rel}","templated":true}]}}