{"id":781,"date":"2022-05-10T20:30:24","date_gmt":"2022-05-10T23:30:24","guid":{"rendered":"http:\/\/blogdoarmindomaia.com.br\/?p=781"},"modified":"2022-05-10T20:30:28","modified_gmt":"2022-05-10T23:30:28","slug":"populacao-conta-com-transporte-gratuito-para-o-fliaraxa-e-festival-saberes-e-sabores-no-barreiro","status":"publish","type":"post","link":"http:\/\/blogdoarmindomaia.com.br\/?p=781","title":{"rendered":"Popula\u00e7\u00e3o conta com transporte gratuito para o Fliarax\u00e1 e Festival Saberes e Sabores no Barreiro"},"content":{"rendered":"\n<figure class=\"wp-block-image size-full is-style-default\"><img loading=\"lazy\" decoding=\"async\" width=\"1024\" height=\"683\" src=\"http:\/\/blogdoarmindomaia.com.br\/wp-content\/uploads\/2022\/05\/Fliaraxa.jpeg\" alt=\"\" class=\"wp-image-782\" srcset=\"http:\/\/blogdoarmindomaia.com.br\/wp-content\/uploads\/2022\/05\/Fliaraxa.jpeg 1024w, http:\/\/blogdoarmindomaia.com.br\/wp-content\/uploads\/2022\/05\/Fliaraxa-300x200.jpeg 300w, http:\/\/blogdoarmindomaia.com.br\/wp-content\/uploads\/2022\/05\/Fliaraxa-768x512.jpeg 768w\" sizes=\"auto, (max-width: 1024px) 100vw, 1024px\" \/><\/figure>\n\n\n\n<p>Uma parceria entre a Prefeitura de Arax\u00e1 e a empresa Vera Cruz Transporte e Turismo, respons\u00e1vel pelo transporte p\u00fablico urbano em Arax\u00e1, vai disponibilizar uma linha gratuita para passageiros que desejam visitar dois importantes festivais na cidade que acontecem de quarta (11) a domingo (15).<\/p>\n\n\n\n<p>Um \u00f4nibus ficar\u00e1 \u00e0 disposi\u00e7\u00e3o para a linha Terminal Central \/ Est\u00e2ncia Hidromineral do Barreiro, em hor\u00e1rios pr\u00e9-definidos. Uma grande estrutura est\u00e1 sendo montada no Grande Hotel de Arax\u00e1 para receber o Festival Liter\u00e1rio de Arax\u00e1 (Fliarax\u00e1) e o Festival Saberes e Sabores.<\/p>\n\n\n\n<p>A parceria foi solicitada pela Prefeitura de Arax\u00e1, apoiadora oficial dos eventos, para facilitar o acesso da popula\u00e7\u00e3o aos festivais. A 10\u00ba edi\u00e7\u00e3o do Fliarax\u00e1 re\u00fane importantes escritores e intelectuais em L\u00edngua Portuguesa entre os 11 a 15 de maio em Arax\u00e1<\/p>\n\n\n\n<p>Considerado um dos maiores eventos do pa\u00eds, o Fliarax\u00e1 acontece em formato h\u00edbrido, com transmiss\u00f5es online e atividades presenciais em diversos lugares da cidade: Teatro Municipal Maximiliano Rocha, Parque do Cristo, Funda\u00e7\u00e3o Cultural Calmon Barreto e na Est\u00e2ncia Hidromineral do Barreiro, onde est\u00e1 sendo montada uma grande livraria, palco e espa\u00e7os de apresenta\u00e7\u00f5es liter\u00e1rias.<\/p>\n\n\n\n<p>J\u00e1 o Saberes e Sabores \u00e9 um dos mais tradicionais da cidade e re\u00fane cultura, gastronomia e lazer em um s\u00f3 lugar. O evento tamb\u00e9m acontece entre os dias 11 e 15 de maio, na Est\u00e2ncia Hidromineral do Barreiro em Arax\u00e1, e recebe 24 estandes e food trucks instalados no acesso \u00e0s Termas do Grande Hotel. \u00c9 poss\u00edvel ainda aprimorar a arte da gastronomia em oficinas que ser\u00e3o comandadas por chefs renomados.<\/p>\n\n\n\n<p>Pela primeira vez, o Festival Saberes e Sabores tamb\u00e9m realiza o Concurso de P\u00e3o de Queijo de Arax\u00e1. A competi\u00e7\u00e3o ser\u00e1 no s\u00e1bado (14) e promete surpreender. As inscri\u00e7\u00f5es online (<a href=\"https:\/\/bit.ly\/3LEx9gn\" target=\"_blank\" rel=\"noreferrer noopener\">https:\/\/bit.ly\/3LEx9gn<\/a>) s\u00e3o limitadas e terminam na quinta (12).<\/p>\n\n\n\n<p>De acordo com o secret\u00e1rio municipal de Desenvolvimento Econ\u00f4mico, Inova\u00e7\u00e3o e Turismo, Juliano Cesar, a parceria entre a Vera Cruz e o Munic\u00edpio tem como objetivo democratizar a participa\u00e7\u00e3o popular nos eventos e facilitar o acesso ao Barreiro. \u201cO Fliarax\u00e1 e o Saberes e Sabores s\u00e3o eventos que tem o apoio do Munic\u00edpio. E \u00e9 nossa obriga\u00e7\u00e3o e das empresas que s\u00e3o parceiras na constru\u00e7\u00e3o de uma cidade com mais qualidade de vida, oportunizar que um maior n\u00famero de pessoas possa participar dos eventos\u201d, destaca o secret\u00e1rio.<\/p>\n\n\n\n<p><strong>Cronograma transporte gratuito &#8211; Fliarax\u00e1 e Saberes e Sabores<\/strong><\/p>\n\n\n\n<p>Linha: Terminal Central \u2013 Barreiro \/ Barreiro \u2013 Terminal Central<\/p>\n\n\n\n<p><strong>11\/05 a 14\/05 (Quarta a S\u00e1bado)<\/strong><br>&#8211; Sa\u00edda do Terminal Central: 15h30; 16h30; 17h30; 19h30; 21h30<br>&#8211; Sa\u00edda do Barreiro: 16h; 17h; 18h; 20h; 22h; 23h<\/p>\n\n\n\n<p><strong>15\/05 (Domingo)<\/strong><br>&#8211; Sa\u00edda do Terminal Central: 09h30; 9h30; 11h30; 12h30; 13h30<br>&#8211; Sa\u00edda do Barreiro: 10h; 11h; 12h; 13h; 14h; 16h<\/p>\n","protected":false},"excerpt":{"rendered":"<p>Uma parceria entre a Prefeitura de Arax\u00e1 e a empresa Vera Cruz Transporte e Turismo, respons\u00e1vel pelo transporte p\u00fablico urbano<\/p>\n","protected":false},"author":2,"featured_media":782,"comment_status":"open","ping_status":"open","sticky":false,"template":"","format":"standard","meta":{"footnotes":""},"categories":[9,5],"tags":[],"class_list":["post-781","post","type-post","status-publish","format-standard","has-post-thumbnail","hentry","category-araxa","category-arte-e-cultura"],"_links":{"self":[{"href":"http:\/\/blogdoarmindomaia.com.br\/index.php?rest_route=\/wp\/v2\/posts\/781","targetHints":{"allow":["GET"]}}],"collection":[{"href":"http:\/\/blogdoarmindomaia.com.br\/index.php?rest_route=\/wp\/v2\/posts"}],"about":[{"href":"http:\/\/blogdoarmindomaia.com.br\/index.php?rest_route=\/wp\/v2\/types\/post"}],"author":[{"embeddable":true,"href":"http:\/\/blogdoarmindomaia.com.br\/index.php?rest_route=\/wp\/v2\/users\/2"}],"replies":[{"embeddable":true,"href":"http:\/\/blogdoarmindomaia.com.br\/index.php?rest_route=%2Fwp%2Fv2%2Fcomments&post=781"}],"version-history":[{"count":1,"href":"http:\/\/blogdoarmindomaia.com.br\/index.php?rest_route=\/wp\/v2\/posts\/781\/revisions"}],"predecessor-version":[{"id":783,"href":"http:\/\/blogdoarmindomaia.com.br\/index.php?rest_route=\/wp\/v2\/posts\/781\/revisions\/783"}],"wp:featuredmedia":[{"embeddable":true,"href":"http:\/\/blogdoarmindomaia.com.br\/index.php?rest_route=\/wp\/v2\/media\/782"}],"wp:attachment":[{"href":"http:\/\/blogdoarmindomaia.com.br\/index.php?rest_route=%2Fwp%2Fv2%2Fmedia&parent=781"}],"wp:term":[{"taxonomy":"category","embeddable":true,"href":"http:\/\/blogdoarmindomaia.com.br\/index.php?rest_route=%2Fwp%2Fv2%2Fcategories&post=781"},{"taxonomy":"post_tag","embeddable":true,"href":"http:\/\/blogdoarmindomaia.com.br\/index.php?rest_route=%2Fwp%2Fv2%2Ftags&post=781"}],"curies":[{"name":"wp","href":"https:\/\/api.w.org\/{rel}","templated":true}]}}