{"id":7821,"date":"2024-07-25T14:49:29","date_gmt":"2024-07-25T17:49:29","guid":{"rendered":"http:\/\/blogdoarmindomaia.com.br\/?p=7821"},"modified":"2024-07-25T14:49:31","modified_gmt":"2024-07-25T17:49:31","slug":"ate-domingo-araxa-recebe-o-encontro-nacional-de-ultraleves","status":"publish","type":"post","link":"http:\/\/blogdoarmindomaia.com.br\/?p=7821","title":{"rendered":"At\u00e9 domingo Arax\u00e1 recebe o Encontro Nacional de Ultraleves\u00a0"},"content":{"rendered":"\n<figure class=\"wp-block-image size-full\"><img loading=\"lazy\" decoding=\"async\" width=\"1024\" height=\"683\" src=\"http:\/\/blogdoarmindomaia.com.br\/wp-content\/uploads\/2024\/07\/encontro-rv003.jpg\" alt=\"\" class=\"wp-image-7822\" srcset=\"http:\/\/blogdoarmindomaia.com.br\/wp-content\/uploads\/2024\/07\/encontro-rv003.jpg 1024w, http:\/\/blogdoarmindomaia.com.br\/wp-content\/uploads\/2024\/07\/encontro-rv003-300x200.jpg 300w, http:\/\/blogdoarmindomaia.com.br\/wp-content\/uploads\/2024\/07\/encontro-rv003-768x512.jpg 768w\" sizes=\"auto, (max-width: 1024px) 100vw, 1024px\" \/><\/figure>\n\n\n\n<p>O ENU \u00e9 um tradicional encontro de ultraleves, pilotos e propriet\u00e1rios que ocorre todos os anos. A primeira edi\u00e7\u00e3o ocorreu em Porto Seguro, na Bahia, em 2001. O evento atrai pilotos de todo o Brasil, que voam at\u00e9 o local do evento e participam de uma s\u00e9rie de atividades. Este ano mais de 80 aeronaves de pequeno porte participam da edi\u00e7\u00e3o 2024 do Encontro Nacional de Avia\u00e7\u00e3o Leve, que acontece em Arax\u00e1 e vai at\u00e9 o pr\u00f3ximo domingo, dia 28 de julho, tendo como palco das aeronaves, o Aeroporto Municipal Romeu Zema.&nbsp; O evento &nbsp;\u00e9 promovido pela ABUL \u2013 Associa\u00e7\u00e3o Brasileira de Pilotos de Aeronaves Leves.<\/p>\n\n\n\n<figure class=\"wp-block-image size-full\"><img loading=\"lazy\" decoding=\"async\" width=\"720\" height=\"882\" src=\"http:\/\/blogdoarmindomaia.com.br\/wp-content\/uploads\/2024\/07\/Dr.-Avenor-Montandon.jpg\" alt=\"\" class=\"wp-image-7823\" srcset=\"http:\/\/blogdoarmindomaia.com.br\/wp-content\/uploads\/2024\/07\/Dr.-Avenor-Montandon.jpg 720w, http:\/\/blogdoarmindomaia.com.br\/wp-content\/uploads\/2024\/07\/Dr.-Avenor-Montandon-245x300.jpg 245w\" sizes=\"auto, (max-width: 720px) 100vw, 720px\" \/><\/figure>\n\n\n\n<p>A reportagem do Jornal Intera\u00e7\u00e3o conversou com o Conselheiro da ABUL, o m\u00e9dico araxaense Avenor Montandon, que \u00e9 um dos representantes da Associa\u00e7\u00e3o em Arax\u00e1 e est\u00e1 diretamente ligado \u00e0 organiza\u00e7\u00e3o do evento nacional. Piloto experiente e um amante da avia\u00e7\u00e3o, Dr. Avenor participa ativamente&nbsp; da ABUL, a mais de 30 anoas.<\/p>\n\n\n\n<p>Segundo, \u201c este \u00e9 um evento renomado&nbsp; e n\u00f3s de Arax\u00e1 devemos nos sentir honrados em sediar um encontro deste tamanho.&nbsp; Arax\u00e1 concorreu para sediar o encontro com as cidades de S\u00e3o Louren\u00e7o,&nbsp; Bras\u00edlia, Paranagu\u00e1, Lins, Paranava\u00ed e Franca\u201d.<\/p>\n\n\n\n<p>Ele ainda disse que, \u201c esse &nbsp;Encontro Nacional de Ultraleves \u00e9 um evento que re\u00fane pilotos, entusiastas e fabricantes de aeronaves ultraleves de todo o pa\u00eds. O objetivo do encontro \u00e9 promover a troca de conhecimentos, a intera\u00e7\u00e3o entre os participantes e o est\u00edmulo \u00e0 pr\u00e1tica da avia\u00e7\u00e3o esportiva. Durante o evento, ser\u00e3o realizadas diversas atividades, como exposi\u00e7\u00f5es de aeronaves, voos de demonstra\u00e7\u00e3o, palestras e workshops. Os participantes ter\u00e3o a oportunidade de conhecer de perto as \u00faltimas novidades do mercado de ultraleves e aprender com profissionais renomados da \u00e1rea\u201d.&nbsp;&nbsp;<\/p>\n\n\n\n<p>O m\u00e9dico fez quest\u00e3o de afirmar que, \u201c teremos por volta de 80 avi\u00f5es aqui neste encontro. S\u00e3o pilotos de v\u00e1rias regi\u00f5es do Brasil. Um evento que tamb\u00e9m busca a confraterniza\u00e7\u00e3o e a troca de experi\u00eancias.&nbsp; E \u00e9 aberto ao p\u00fablico. S\u00f3 que com respeitos as normas, com&nbsp; organiza\u00e7\u00e3o e seguindo as&nbsp; regras de seguran\u00e7a\u201d. Finalizando, Dr. Avenor revelou que, \u201c certamente teremos uns tr\u00eas&nbsp; avi\u00f5es da segunda guerra mundial aqui no evento. S\u00e3o avi\u00f5es das d\u00e9cadas de 30 e 40. E para a alegria da popula\u00e7\u00e3o local, teremos duas atividades que poder\u00e3o ser acompanhadas pelas pessoas. A primeira atra\u00e7\u00e3o ser\u00e1 uma revoada dos avi\u00f5es de Arax\u00e1 at\u00e9 a cidade de Nova Ponte, na sexta feira, na hora do almo\u00e7o. E a segunda atividade ser\u00e1 uma apresenta\u00e7\u00e3o acrob\u00e1tica de avi\u00f5es de uma equipe de Belo Horizonte especializada em acrobacias do g\u00eanero, da esquadrilha da fuma\u00e7a, no s\u00e1bado as 14 horas no Aeroporto Romeu Zema&nbsp; .\u201d<\/p>\n","protected":false},"excerpt":{"rendered":"<p>O ENU \u00e9 um tradicional encontro de ultraleves, pilotos e propriet\u00e1rios que ocorre todos os anos. A primeira edi\u00e7\u00e3o ocorreu<\/p>\n","protected":false},"author":2,"featured_media":7822,"comment_status":"open","ping_status":"open","sticky":false,"template":"","format":"standard","meta":{"footnotes":""},"categories":[9,11],"tags":[],"class_list":["post-7821","post","type-post","status-publish","format-standard","has-post-thumbnail","hentry","category-araxa","category-destaques"],"_links":{"self":[{"href":"http:\/\/blogdoarmindomaia.com.br\/index.php?rest_route=\/wp\/v2\/posts\/7821","targetHints":{"allow":["GET"]}}],"collection":[{"href":"http:\/\/blogdoarmindomaia.com.br\/index.php?rest_route=\/wp\/v2\/posts"}],"about":[{"href":"http:\/\/blogdoarmindomaia.com.br\/index.php?rest_route=\/wp\/v2\/types\/post"}],"author":[{"embeddable":true,"href":"http:\/\/blogdoarmindomaia.com.br\/index.php?rest_route=\/wp\/v2\/users\/2"}],"replies":[{"embeddable":true,"href":"http:\/\/blogdoarmindomaia.com.br\/index.php?rest_route=%2Fwp%2Fv2%2Fcomments&post=7821"}],"version-history":[{"count":1,"href":"http:\/\/blogdoarmindomaia.com.br\/index.php?rest_route=\/wp\/v2\/posts\/7821\/revisions"}],"predecessor-version":[{"id":7824,"href":"http:\/\/blogdoarmindomaia.com.br\/index.php?rest_route=\/wp\/v2\/posts\/7821\/revisions\/7824"}],"wp:featuredmedia":[{"embeddable":true,"href":"http:\/\/blogdoarmindomaia.com.br\/index.php?rest_route=\/wp\/v2\/media\/7822"}],"wp:attachment":[{"href":"http:\/\/blogdoarmindomaia.com.br\/index.php?rest_route=%2Fwp%2Fv2%2Fmedia&parent=7821"}],"wp:term":[{"taxonomy":"category","embeddable":true,"href":"http:\/\/blogdoarmindomaia.com.br\/index.php?rest_route=%2Fwp%2Fv2%2Fcategories&post=7821"},{"taxonomy":"post_tag","embeddable":true,"href":"http:\/\/blogdoarmindomaia.com.br\/index.php?rest_route=%2Fwp%2Fv2%2Ftags&post=7821"}],"curies":[{"name":"wp","href":"https:\/\/api.w.org\/{rel}","templated":true}]}}