{"id":7845,"date":"2024-08-16T10:59:46","date_gmt":"2024-08-16T13:59:46","guid":{"rendered":"http:\/\/blogdoarmindomaia.com.br\/?p=7845"},"modified":"2024-08-16T10:59:48","modified_gmt":"2024-08-16T13:59:48","slug":"festa-de-sao-geraldo-comeca-nesta-sexta-16-com-programacao-especial","status":"publish","type":"post","link":"http:\/\/blogdoarmindomaia.com.br\/?p=7845","title":{"rendered":"Festa de S\u00e3o Geraldo come\u00e7a nesta sexta (16) com programa\u00e7\u00e3o especial"},"content":{"rendered":"\n<figure class=\"wp-block-image size-full\"><img loading=\"lazy\" decoding=\"async\" width=\"1000\" height=\"667\" src=\"http:\/\/blogdoarmindomaia.com.br\/wp-content\/uploads\/2024\/08\/Festa-de-Sao-Geraldo-comeca-nesta-sexta-16-com-programacao-especial-pag-06.jpeg\" alt=\"\" class=\"wp-image-7846\" srcset=\"http:\/\/blogdoarmindomaia.com.br\/wp-content\/uploads\/2024\/08\/Festa-de-Sao-Geraldo-comeca-nesta-sexta-16-com-programacao-especial-pag-06.jpeg 1000w, http:\/\/blogdoarmindomaia.com.br\/wp-content\/uploads\/2024\/08\/Festa-de-Sao-Geraldo-comeca-nesta-sexta-16-com-programacao-especial-pag-06-300x200.jpeg 300w, http:\/\/blogdoarmindomaia.com.br\/wp-content\/uploads\/2024\/08\/Festa-de-Sao-Geraldo-comeca-nesta-sexta-16-com-programacao-especial-pag-06-768x512.jpeg 768w\" sizes=\"auto, (max-width: 1000px) 100vw, 1000px\" \/><\/figure>\n\n\n\n<p><em>Al\u00e9m das celebra\u00e7\u00f5es, os fi\u00e9is poder\u00e3o participar da tradicional quermesse, que ser\u00e1 realizada logo ap\u00f3s as missas<\/em><\/p>\n\n\n\n<p>A comunidade de Arax\u00e1 se prepara para celebrar mais uma edi\u00e7\u00e3o da tradicional Festa de S\u00e3o Geraldo, que acontecer\u00e1 entre os dias 16 e 25 de agosto na par\u00f3quia que leva o nome do Santo. S\u00e3o Geraldo \u00e9 o protetor das gr\u00e1vidas, das mulheres que enfrentam dificuldades para engravidar e das pessoas injustamente acusadas.<\/p>\n\n\n\n<p>Segundo o Padre S\u00e9rgio M\u00e1rcio de Oliveira, p\u00e1roco da Par\u00f3quia de S\u00e3o Geraldo, a festa \u00e9&nbsp;uma oportunidade para os devotos renovarem sua f\u00e9 e se reunirem em momentos de ora\u00e7\u00e3o e confraterniza\u00e7\u00e3o.&nbsp;\u201cA Festa de S\u00e3o Geraldo \u00e9 uma ocasi\u00e3o especial para fortalecer os la\u00e7os de f\u00e9 e comunidade, e todos est\u00e3o convidados a participar desses momentos de devo\u00e7\u00e3o e alegria. N\u00e3o deixe de se programar e prestigiar a par\u00f3quia, contribuindo para manter viva essa tradi\u00e7\u00e3o t\u00e3o importante para os araxaenses\u201d, diz.<\/p>\n\n\n\n<p>A programa\u00e7\u00e3o religiosa come\u00e7a todos os dias com o Santo Ter\u00e7o \u00e0s 18h30, seguido da celebra\u00e7\u00e3o da Santa Missa \u00e0s 19h. Al\u00e9m das celebra\u00e7\u00f5es, os fi\u00e9is poder\u00e3o participar de uma quermesse, que ser\u00e1 realizada logo ap\u00f3s as missas. \u201cFizemos uma reforma na \u00e1rea externa da Igreja, ent\u00e3o, esta tamb\u00e9m ser\u00e1 uma oportunidade de todos conhecerem nosso novo espa\u00e7o que trar\u00e1 mais conforto e seguran\u00e7a a quem participa da festa\u201d, comenta o padre.<\/p>\n\n\n\n<p><strong>Programa\u00e7\u00e3o dos celebrantes e atra\u00e7\u00f5es musicais:<\/strong><\/p>\n\n\n\n<ul class=\"wp-block-list\">\n<li><strong>16 de Agosto:<\/strong>\u00a0Pe. J\u00falio (Par\u00f3quia S\u00e3o Pedro, Uberl\u00e2ndia) | Atra\u00e7\u00e3o: Rezenha<\/li>\n\n\n\n<li><strong>17 de Agosto:<\/strong>\u00a0Pe. Rinaldo (Par\u00f3quia Santos Reis, Arax\u00e1) | Atra\u00e7\u00e3o: Arax\u00e1s<\/li>\n\n\n\n<li><strong>18 de Agosto:<\/strong>\u00a0Pe. S\u00e9rgio (P\u00e1roco) | Atra\u00e7\u00e3o: Denissamba<\/li>\n\n\n\n<li><strong>19 de Agosto:<\/strong>\u00a0Pe. Vanderlei (Par\u00f3quia Sagrada Fam\u00edlia, Arax\u00e1) | Atra\u00e7\u00e3o: Bagagem<\/li>\n\n\n\n<li><strong>20 de Agosto:<\/strong>\u00a0Pe. Geovani (Par\u00f3quia M\u00e3e Rainha, Arax\u00e1) | Atra\u00e7\u00e3o: Samba Quente<\/li>\n\n\n\n<li><strong>21 de Agosto:<\/strong>\u00a0Pe. Jonathan (Par\u00f3quia S\u00e3o Domingos, Arax\u00e1) | Atra\u00e7\u00e3o: Dalila Severo<\/li>\n\n\n\n<li><strong>22 de Agosto:<\/strong>\u00a0Pe. Arthur (Par\u00f3quia N. S. do Carmo, Monte Carmelo) | Atra\u00e7\u00e3o: Jos\u00e9 Neto e Giovani<\/li>\n\n\n\n<li><strong>23 de Agosto:<\/strong>\u00a0Pe. Otair (Par\u00f3quia S\u00e3o Jos\u00e9 Oper\u00e1rio, Ponte Alta) | Atra\u00e7\u00e3o: Xote Brasil<\/li>\n\n\n\n<li><strong>24 de Agosto:<\/strong>\u00a0Pe. Dario (Par\u00f3quia S\u00e3o Sebasti\u00e3o, Arax\u00e1) | Atra\u00e7\u00e3o: 100% Chinelinho<\/li>\n\n\n\n<li><strong>25 de Agosto:<\/strong>\u00a0Pe. S\u00e9rgio (P\u00e1roco) | Atra\u00e7\u00e3o: 4Preto Samba<\/li>\n<\/ul>\n","protected":false},"excerpt":{"rendered":"<p>Al\u00e9m das celebra\u00e7\u00f5es, os fi\u00e9is poder\u00e3o participar da tradicional quermesse, que ser\u00e1 realizada logo ap\u00f3s as missas A comunidade de<\/p>\n","protected":false},"author":2,"featured_media":7846,"comment_status":"open","ping_status":"open","sticky":false,"template":"","format":"standard","meta":{"footnotes":""},"categories":[9,11],"tags":[],"class_list":["post-7845","post","type-post","status-publish","format-standard","has-post-thumbnail","hentry","category-araxa","category-destaques"],"_links":{"self":[{"href":"http:\/\/blogdoarmindomaia.com.br\/index.php?rest_route=\/wp\/v2\/posts\/7845","targetHints":{"allow":["GET"]}}],"collection":[{"href":"http:\/\/blogdoarmindomaia.com.br\/index.php?rest_route=\/wp\/v2\/posts"}],"about":[{"href":"http:\/\/blogdoarmindomaia.com.br\/index.php?rest_route=\/wp\/v2\/types\/post"}],"author":[{"embeddable":true,"href":"http:\/\/blogdoarmindomaia.com.br\/index.php?rest_route=\/wp\/v2\/users\/2"}],"replies":[{"embeddable":true,"href":"http:\/\/blogdoarmindomaia.com.br\/index.php?rest_route=%2Fwp%2Fv2%2Fcomments&post=7845"}],"version-history":[{"count":1,"href":"http:\/\/blogdoarmindomaia.com.br\/index.php?rest_route=\/wp\/v2\/posts\/7845\/revisions"}],"predecessor-version":[{"id":7847,"href":"http:\/\/blogdoarmindomaia.com.br\/index.php?rest_route=\/wp\/v2\/posts\/7845\/revisions\/7847"}],"wp:featuredmedia":[{"embeddable":true,"href":"http:\/\/blogdoarmindomaia.com.br\/index.php?rest_route=\/wp\/v2\/media\/7846"}],"wp:attachment":[{"href":"http:\/\/blogdoarmindomaia.com.br\/index.php?rest_route=%2Fwp%2Fv2%2Fmedia&parent=7845"}],"wp:term":[{"taxonomy":"category","embeddable":true,"href":"http:\/\/blogdoarmindomaia.com.br\/index.php?rest_route=%2Fwp%2Fv2%2Fcategories&post=7845"},{"taxonomy":"post_tag","embeddable":true,"href":"http:\/\/blogdoarmindomaia.com.br\/index.php?rest_route=%2Fwp%2Fv2%2Ftags&post=7845"}],"curies":[{"name":"wp","href":"https:\/\/api.w.org\/{rel}","templated":true}]}}