{"id":7869,"date":"2024-09-19T10:44:34","date_gmt":"2024-09-19T13:44:34","guid":{"rendered":"http:\/\/blogdoarmindomaia.com.br\/?p=7869"},"modified":"2024-09-19T10:44:36","modified_gmt":"2024-09-19T13:44:36","slug":"baile-legado-musical-uma-tradicao-para-atravessar-geracoes","status":"publish","type":"post","link":"http:\/\/blogdoarmindomaia.com.br\/?p=7869","title":{"rendered":"Baile Legado Musical: Uma tradi\u00e7\u00e3o para atravessar gera\u00e7\u00f5es!"},"content":{"rendered":"\n<p><\/p>\n\n\n\n<figure class=\"wp-block-image size-large\"><img loading=\"lazy\" decoding=\"async\" width=\"1024\" height=\"222\" src=\"http:\/\/blogdoarmindomaia.com.br\/wp-content\/uploads\/2024\/09\/Baile-Legado-Musical-Uma-tradicao-para-atravessar-geracoes-pag-05-1024x222.jpg\" alt=\"\" class=\"wp-image-7870\" srcset=\"http:\/\/blogdoarmindomaia.com.br\/wp-content\/uploads\/2024\/09\/Baile-Legado-Musical-Uma-tradicao-para-atravessar-geracoes-pag-05-1024x222.jpg 1024w, http:\/\/blogdoarmindomaia.com.br\/wp-content\/uploads\/2024\/09\/Baile-Legado-Musical-Uma-tradicao-para-atravessar-geracoes-pag-05-300x65.jpg 300w, http:\/\/blogdoarmindomaia.com.br\/wp-content\/uploads\/2024\/09\/Baile-Legado-Musical-Uma-tradicao-para-atravessar-geracoes-pag-05-768x166.jpg 768w, http:\/\/blogdoarmindomaia.com.br\/wp-content\/uploads\/2024\/09\/Baile-Legado-Musical-Uma-tradicao-para-atravessar-geracoes-pag-05.jpg 1280w\" sizes=\"auto, (max-width: 1024px) 100vw, 1024px\" \/><\/figure>\n\n\n\n<p>O legado \u00e9 uma heran\u00e7a passada de gera\u00e7\u00e3o em gera\u00e7\u00e3o, uma mensagem que transcende o tempo, fortalecendo fam\u00edlias e preservando tradi\u00e7\u00f5es. \u00c9 uma marca que permanece e se consolida ao longo dos anos. E ningu\u00e9m entende mais de legado do que essa turma!<\/p>\n\n\n\n<p>A arte, especialmente atrav\u00e9s da m\u00fasica, mant\u00e9m vivas as tradi\u00e7\u00f5es, seja no v\u00ednculo entre artistas e seus espectadores, seja dentro das pr\u00f3prias fam\u00edlias. E foi assim, imersos na m\u00fasica desde a inf\u00e2ncia, que os integrantes do Grupo Samba Quente passaram a levar essa tradi\u00e7\u00e3o familiar para os palcos, emocionando plateias por onde passam.<\/p>\n\n\n\n<p>Essa hist\u00f3ria musical come\u00e7ou com os av\u00f3s Vicente e Luzia, que eram coristas na igreja, se apresentavam em serenatas e transmitiram aos filhos e netos o amor pela m\u00fasica. Hoje, essa paix\u00e3o vive nos filhos e netos, incluindo Waltinho, Marcinho e Germano, filhos de Walter e Pep\u00ea, filho de Vander, ambos integrantes de &#8220;Os Arach\u00e1s&#8221;, tradicional grupo de samba da cidade. A tradi\u00e7\u00e3o continua com Michelle e J\u00e9ssica, filha e neta de Walter, que tamb\u00e9m seguiram carreiras musicais. E n\u00e3o para por a\u00ed! O grupo Bagagem, com Caio, primo dos integrantes do Samba Quente, tamb\u00e9m carrega esse legado musical. \u00c9 ou n\u00e3o \u00e9 uma heran\u00e7a de talento?<\/p>\n\n\n\n<p>Foi ao observar tanto talento em uma mesma fam\u00edlia que surgiu a ideia de realizar um show conjunto, um momento especial para celebrar o amor pela m\u00fasica no palco, com os f\u00e3s.<\/p>\n\n\n\n<p>No pr\u00f3ximo s\u00e1bado, dia 21 de setembro, o Baile Legado Musical ser\u00e1 realizado no Clube Girassol e promete ser um evento inesquec\u00edvel para quem aprecia boa m\u00fasica e divers\u00e3o! O show reunir\u00e1 os grupos Samba Quente, Os Arach\u00e1s, Bagagem Music, al\u00e9m de apresenta\u00e7\u00f5es de Michele e Rog\u00e9lio e J\u00e9ssica de Paulo.<\/p>\n\n\n\n<p>Garanta j\u00e1 sua mesa pelo telefone (34) 99820-1170! Venha fazer parte deste legado que conecta cora\u00e7\u00f5es e atravessa gera\u00e7\u00f5es<\/p>\n","protected":false},"excerpt":{"rendered":"<p>O legado \u00e9 uma heran\u00e7a passada de gera\u00e7\u00e3o em gera\u00e7\u00e3o, uma mensagem que transcende o tempo, fortalecendo fam\u00edlias e preservando<\/p>\n","protected":false},"author":2,"featured_media":0,"comment_status":"open","ping_status":"open","sticky":false,"template":"","format":"standard","meta":{"footnotes":""},"categories":[1],"tags":[],"class_list":["post-7869","post","type-post","status-publish","format-standard","hentry","category-sem-categoria"],"_links":{"self":[{"href":"http:\/\/blogdoarmindomaia.com.br\/index.php?rest_route=\/wp\/v2\/posts\/7869","targetHints":{"allow":["GET"]}}],"collection":[{"href":"http:\/\/blogdoarmindomaia.com.br\/index.php?rest_route=\/wp\/v2\/posts"}],"about":[{"href":"http:\/\/blogdoarmindomaia.com.br\/index.php?rest_route=\/wp\/v2\/types\/post"}],"author":[{"embeddable":true,"href":"http:\/\/blogdoarmindomaia.com.br\/index.php?rest_route=\/wp\/v2\/users\/2"}],"replies":[{"embeddable":true,"href":"http:\/\/blogdoarmindomaia.com.br\/index.php?rest_route=%2Fwp%2Fv2%2Fcomments&post=7869"}],"version-history":[{"count":1,"href":"http:\/\/blogdoarmindomaia.com.br\/index.php?rest_route=\/wp\/v2\/posts\/7869\/revisions"}],"predecessor-version":[{"id":7871,"href":"http:\/\/blogdoarmindomaia.com.br\/index.php?rest_route=\/wp\/v2\/posts\/7869\/revisions\/7871"}],"wp:attachment":[{"href":"http:\/\/blogdoarmindomaia.com.br\/index.php?rest_route=%2Fwp%2Fv2%2Fmedia&parent=7869"}],"wp:term":[{"taxonomy":"category","embeddable":true,"href":"http:\/\/blogdoarmindomaia.com.br\/index.php?rest_route=%2Fwp%2Fv2%2Fcategories&post=7869"},{"taxonomy":"post_tag","embeddable":true,"href":"http:\/\/blogdoarmindomaia.com.br\/index.php?rest_route=%2Fwp%2Fv2%2Ftags&post=7869"}],"curies":[{"name":"wp","href":"https:\/\/api.w.org\/{rel}","templated":true}]}}