{"id":788,"date":"2022-05-10T20:34:47","date_gmt":"2022-05-10T23:34:47","guid":{"rendered":"http:\/\/blogdoarmindomaia.com.br\/?p=788"},"modified":"2022-05-10T20:34:50","modified_gmt":"2022-05-10T23:34:50","slug":"vacinacao-covid-19-na-quarta-feira-em-araxa","status":"publish","type":"post","link":"http:\/\/blogdoarmindomaia.com.br\/?p=788","title":{"rendered":"Vacina\u00e7\u00e3o Covid-19 na quarta-feira em Arax\u00e1\u00a0"},"content":{"rendered":"\n<figure class=\"wp-block-image size-full is-style-default\"><img loading=\"lazy\" decoding=\"async\" width=\"1024\" height=\"683\" src=\"http:\/\/blogdoarmindomaia.com.br\/wp-content\/uploads\/2022\/05\/Vacinacao-11.05.22.jpg\" alt=\"\" class=\"wp-image-789\" srcset=\"http:\/\/blogdoarmindomaia.com.br\/wp-content\/uploads\/2022\/05\/Vacinacao-11.05.22.jpg 1024w, http:\/\/blogdoarmindomaia.com.br\/wp-content\/uploads\/2022\/05\/Vacinacao-11.05.22-300x200.jpg 300w, http:\/\/blogdoarmindomaia.com.br\/wp-content\/uploads\/2022\/05\/Vacinacao-11.05.22-768x512.jpg 768w\" sizes=\"auto, (max-width: 1024px) 100vw, 1024px\" \/><\/figure>\n\n\n\n<p>A Prefeitura de Arax\u00e1 realiza a aplica\u00e7\u00e3o da 3\u00aa dose (refor\u00e7o) em pessoas a partir de 18 anos (18+) nesta quarta-feira (11), no Sesc, das 8h \u00e0s 16h. A imuniza\u00e7\u00e3o \u00e9 destinada a pessoas que receberam a 2\u00aa dose da vacina em um intervalo m\u00ednimo de 4 meses entre as aplica\u00e7\u00f5es.<\/p>\n\n\n\n<p>O cronograma no Sesc tamb\u00e9m abrange a repescagem da 1\u00aa dose da vacina contra a Covid-19 para pessoas a partir de 12 anos com e sem comorbidades (adolescentes, adultos e idosos), e a aplica\u00e7\u00e3o da 2\u00aa dose das vacinas CoronaVac, AstraZeneca e Pfizer para pessoas a partir de 12 anos, de acordo com agendamento no Cart\u00e3o de Vacina ou doses em atraso.<\/p>\n\n\n\n<p>Vale lembrar que o uso da m\u00e1scara de prote\u00e7\u00e3o continua sendo obrigat\u00f3rio em locais que ofere\u00e7am servi\u00e7os de sa\u00fade, como postos de vacina\u00e7\u00e3o.<\/p>\n\n\n\n<p>\u00c9 imprescind\u00edvel a apresenta\u00e7\u00e3o do cart\u00e3o de vacina e o xerox de um documento pessoal com<br>CPF.<\/p>\n\n\n\n<p><strong>Imuniza\u00e7\u00e3o na Unisa<\/strong><\/p>\n\n\n\n<p>A Prefeitura de Arax\u00e1 realiza a aplica\u00e7\u00e3o da 2\u00aa dose da vacina contra a Covid- 19 em crian\u00e7as de 5 a 11 anos conforme agendamento no Cart\u00e3o de Vacina. A imuniza\u00e7\u00e3o acontece na quarta-feira (11), na Unisa, das 8h \u00e0s 16h.<br>O cronograma tamb\u00e9m contempla a repescagem da 1\u00aa dose da vacina contra a Covid-19 para crian\u00e7as de 5 a 11 anos sem comorbidades e a imuniza\u00e7\u00e3o de crian\u00e7as de 5 a 11 anos com comorbidades ou defici\u00eancia permanente.<\/p>\n\n\n\n<p>Para receber o imunizante contra a Covid-19, a crian\u00e7a n\u00e3o pode ter recebido qualquer tipo de vacina nos \u00faltimos 15 dias e \u00e9 imprescind\u00edvel a apresenta\u00e7\u00e3o do Cart\u00e3o de Vacina e o xerox do documento pessoal com CPF ou cart\u00e3o SUS.<\/p>\n\n\n\n<p>Vale lembrar que o uso da m\u00e1scara de prote\u00e7\u00e3o continua sendo obrigat\u00f3rio em locais que ofere\u00e7am servi\u00e7os de sa\u00fade, como postos de vacina\u00e7\u00e3o.<\/p>\n\n\n\n<p>O cronograma completo e documenta\u00e7\u00e3o necess\u00e1ria est\u00e3o dispon\u00edveis no site (<a href=\"http:\/\/www.araxavacina.com.br\/cronograma\" target=\"_blank\" rel=\"noreferrer noopener\">www.araxavacina.com.br\/cronograma<\/a>).<\/p>\n","protected":false},"excerpt":{"rendered":"<p>A Prefeitura de Arax\u00e1 realiza a aplica\u00e7\u00e3o da 3\u00aa dose (refor\u00e7o) em pessoas a partir de 18 anos (18+) nesta<\/p>\n","protected":false},"author":2,"featured_media":789,"comment_status":"open","ping_status":"open","sticky":false,"template":"","format":"standard","meta":{"footnotes":""},"categories":[9,29],"tags":[],"class_list":["post-788","post","type-post","status-publish","format-standard","has-post-thumbnail","hentry","category-araxa","category-saude"],"_links":{"self":[{"href":"http:\/\/blogdoarmindomaia.com.br\/index.php?rest_route=\/wp\/v2\/posts\/788","targetHints":{"allow":["GET"]}}],"collection":[{"href":"http:\/\/blogdoarmindomaia.com.br\/index.php?rest_route=\/wp\/v2\/posts"}],"about":[{"href":"http:\/\/blogdoarmindomaia.com.br\/index.php?rest_route=\/wp\/v2\/types\/post"}],"author":[{"embeddable":true,"href":"http:\/\/blogdoarmindomaia.com.br\/index.php?rest_route=\/wp\/v2\/users\/2"}],"replies":[{"embeddable":true,"href":"http:\/\/blogdoarmindomaia.com.br\/index.php?rest_route=%2Fwp%2Fv2%2Fcomments&post=788"}],"version-history":[{"count":1,"href":"http:\/\/blogdoarmindomaia.com.br\/index.php?rest_route=\/wp\/v2\/posts\/788\/revisions"}],"predecessor-version":[{"id":790,"href":"http:\/\/blogdoarmindomaia.com.br\/index.php?rest_route=\/wp\/v2\/posts\/788\/revisions\/790"}],"wp:featuredmedia":[{"embeddable":true,"href":"http:\/\/blogdoarmindomaia.com.br\/index.php?rest_route=\/wp\/v2\/media\/789"}],"wp:attachment":[{"href":"http:\/\/blogdoarmindomaia.com.br\/index.php?rest_route=%2Fwp%2Fv2%2Fmedia&parent=788"}],"wp:term":[{"taxonomy":"category","embeddable":true,"href":"http:\/\/blogdoarmindomaia.com.br\/index.php?rest_route=%2Fwp%2Fv2%2Fcategories&post=788"},{"taxonomy":"post_tag","embeddable":true,"href":"http:\/\/blogdoarmindomaia.com.br\/index.php?rest_route=%2Fwp%2Fv2%2Ftags&post=788"}],"curies":[{"name":"wp","href":"https:\/\/api.w.org\/{rel}","templated":true}]}}