{"id":7883,"date":"2024-10-03T10:31:01","date_gmt":"2024-10-03T13:31:01","guid":{"rendered":"http:\/\/blogdoarmindomaia.com.br\/?p=7883"},"modified":"2024-10-03T10:31:03","modified_gmt":"2024-10-03T13:31:03","slug":"araxa-escolhe-no-proximo-domingo-06-o-novo-prefeito-e-15-vereadores","status":"publish","type":"post","link":"http:\/\/blogdoarmindomaia.com.br\/?p=7883","title":{"rendered":"Arax\u00e1 escolhe no pr\u00f3ximo domingo (06), o novo prefeito e 15 vereadores"},"content":{"rendered":"\n<figure class=\"wp-block-image size-large\"><img loading=\"lazy\" decoding=\"async\" width=\"1024\" height=\"358\" src=\"http:\/\/blogdoarmindomaia.com.br\/wp-content\/uploads\/2024\/10\/candidatos-1024x358.jpg\" alt=\"\" class=\"wp-image-7884\" srcset=\"http:\/\/blogdoarmindomaia.com.br\/wp-content\/uploads\/2024\/10\/candidatos-1024x358.jpg 1024w, http:\/\/blogdoarmindomaia.com.br\/wp-content\/uploads\/2024\/10\/candidatos-300x105.jpg 300w, http:\/\/blogdoarmindomaia.com.br\/wp-content\/uploads\/2024\/10\/candidatos-768x269.jpg 768w, http:\/\/blogdoarmindomaia.com.br\/wp-content\/uploads\/2024\/10\/candidatos-1536x537.jpg 1536w, http:\/\/blogdoarmindomaia.com.br\/wp-content\/uploads\/2024\/10\/candidatos-2048x716.jpg 2048w\" sizes=\"auto, (max-width: 1024px) 100vw, 1024px\" \/><\/figure>\n\n\n\n<p>Contagem regressiva! Faltam tres dias para a vota\u00e7\u00e3o em primeiro turno nas elei\u00e7\u00f5es municipais de 2024, pleito que ser\u00e1 realizado em todos os 5.569 munic\u00edpios brasileiros. O primeiro turno da elei\u00e7\u00e3o municipal, que ter\u00e1 vota\u00e7\u00e3o para os cargos de prefeito e vice-prefeito, al\u00e9m de vereadores, est\u00e1 marcado para o pr\u00f3ximo dia 6 de outubro.<\/p>\n\n\n\n<p>A Constitui\u00e7\u00e3o Federal e a&nbsp;<a href=\"https:\/\/www.tse.jus.br\/legislacao\/compilada\/res\/2024\/resolucao-no-23-734-de-27-de-fevereiro-de-2024\" target=\"_blank\" rel=\"noreferrer noopener\"><strong>Resolu\u00e7\u00e3o TSE 23.734\/2024<\/strong><\/a>&nbsp;determinam que somente os munic\u00edpios com mais de 200 mil eleitores aptos a votar poder\u00e3o ter o segundo turno para o cargo do poder executivo local.<\/p>\n\n\n\n<p>Desta forma, nos munic\u00edpios com menos de 200 mil pessoas aptas a votar, ser\u00e3o eleitos ao cargo de prefeito aqueles que obtiverem a maior quantidade de votos v\u00e1lidos no 1\u00ba turno, no dia 6 de outubro.&nbsp;Nos munic\u00edpios onde houver segundo turno, os eleitores poder\u00e3o ir novamente \u00e0s urnas no \u00faltimo domingo de outubro, dia 27, conforme o resultado das vota\u00e7\u00f5es em primeiro turno. Com exce\u00e7\u00e3o do Distrito Federal, as demais 26 capitais brasileiras t\u00eam a possibilidade de realiza\u00e7\u00e3o do segundo turno.<\/p>\n\n\n\n<p>O Brasil tem 155,9 milh\u00f5es de pessoas aptas a votar no pleito deste ano. S\u00e3o Paulo (SP), Rio de Janeiro (RJ) e Belo Horizonte (MG) s\u00e3o os tr\u00eas munic\u00edpios com o maior n\u00famero de votantes, com 9,3 milh\u00f5es, 5 milh\u00f5es e 1,9 milh\u00e3o de pessoas, respectivamente.&nbsp;&nbsp;<\/p>\n\n\n\n<p>As elei\u00e7\u00f5es em Arax\u00e1<\/p>\n\n\n\n<p>De acordo com dados oficiais da Justi\u00e7a Eleitoral, o munic\u00edpio de Arax\u00e1, tem aptos a votar nestas elei\u00e7\u00f5es; <strong>81.77 eleitores. A zona eleitoral de Arax\u00e1 \u00e9 composta por 249 se\u00e7\u00f5es eleitorais, distribu\u00eddas em v\u00e1rios setores do munic\u00edpio, inclusive no distrito rural de Itaipu. A vota\u00e7\u00e3o ser\u00e1 realizada entre 8 horas da manh\u00e3 e 5 horas da tarde.<\/strong><\/p>\n\n\n\n<p><strong>Os candidatos \u00e0 prefeito de Arax\u00e1<\/strong><\/p>\n\n\n\n<p><strong>Este ano quatro candidatos disputam o cargo majorit\u00e1rio para a prefeitura de Arax\u00e1. Pela ordem alfab\u00e9tica de registro dos nomes:<\/strong><\/p>\n\n\n\n<p><strong>&nbsp;Dr. Zidane \u2013 Ricardo Assis Gianvechio (Republicanos) tem 52 anos<br><br>Eduardo Maia \u2013 Eduardo de Souza Maia \u2013 Federa\u00e7\u00e3o Brasil da Esperan\u00e7a (FE Brasil formada por PT, PC do B e PV) tem 51 anos&nbsp;<br><br>L\u00eddia Jord\u00e3o \u2013 L\u00eddia Maria de Oliveira Rocha da Cunha (PRD) \u2013 Coliga\u00e7\u00e3o Amor Por Arax\u00e1 tem 68 anos&nbsp;<br><br>Robson Magela \u2013 Rubens Magela da Silva (CIDADANIA) \u2013 Coliga\u00e7\u00e3o Juntos Por Arax\u00e1 tem 48 anos&nbsp;<\/strong><\/p>\n\n\n\n<p><strong>Os respectivos candidatos \u00e0 vice prefeitos, s\u00e3o:<\/strong><\/p>\n\n\n\n<p><strong>Bosco J\u00fanior \u2013 Jo\u00e3o Bosco J\u00fanior (PL) \u2013 Coliga\u00e7\u00e3o Juntos Por Arax\u00e1 tem 32 anos&nbsp;<\/strong><strong>Manoel Stefani \u2013 36 anos Partido Republicanos<br><br>Marquinho Relojoeiro (PT) \u2013 Eur\u00edpedes Marcos Pedro \u2013 Federa\u00e7\u00e3o Brasil da Esperan\u00e7a (FE Brasil formada por PT, PC do B e PV) tem 56 anos&nbsp;<br><br>Mauro Chaves \u2013 Mauro da Silveira Chaves (PSD) \u2013 Coliga\u00e7\u00e3o Amor Por Arax\u00e1 tem 57 anos&nbsp;<\/strong><\/p>\n","protected":false},"excerpt":{"rendered":"<p>Contagem regressiva! Faltam tres dias para a vota\u00e7\u00e3o em primeiro turno nas elei\u00e7\u00f5es municipais de 2024, pleito que ser\u00e1 realizado<\/p>\n","protected":false},"author":2,"featured_media":7884,"comment_status":"open","ping_status":"open","sticky":false,"template":"","format":"standard","meta":{"footnotes":""},"categories":[9,11],"tags":[],"class_list":["post-7883","post","type-post","status-publish","format-standard","has-post-thumbnail","hentry","category-araxa","category-destaques"],"_links":{"self":[{"href":"http:\/\/blogdoarmindomaia.com.br\/index.php?rest_route=\/wp\/v2\/posts\/7883","targetHints":{"allow":["GET"]}}],"collection":[{"href":"http:\/\/blogdoarmindomaia.com.br\/index.php?rest_route=\/wp\/v2\/posts"}],"about":[{"href":"http:\/\/blogdoarmindomaia.com.br\/index.php?rest_route=\/wp\/v2\/types\/post"}],"author":[{"embeddable":true,"href":"http:\/\/blogdoarmindomaia.com.br\/index.php?rest_route=\/wp\/v2\/users\/2"}],"replies":[{"embeddable":true,"href":"http:\/\/blogdoarmindomaia.com.br\/index.php?rest_route=%2Fwp%2Fv2%2Fcomments&post=7883"}],"version-history":[{"count":1,"href":"http:\/\/blogdoarmindomaia.com.br\/index.php?rest_route=\/wp\/v2\/posts\/7883\/revisions"}],"predecessor-version":[{"id":7885,"href":"http:\/\/blogdoarmindomaia.com.br\/index.php?rest_route=\/wp\/v2\/posts\/7883\/revisions\/7885"}],"wp:featuredmedia":[{"embeddable":true,"href":"http:\/\/blogdoarmindomaia.com.br\/index.php?rest_route=\/wp\/v2\/media\/7884"}],"wp:attachment":[{"href":"http:\/\/blogdoarmindomaia.com.br\/index.php?rest_route=%2Fwp%2Fv2%2Fmedia&parent=7883"}],"wp:term":[{"taxonomy":"category","embeddable":true,"href":"http:\/\/blogdoarmindomaia.com.br\/index.php?rest_route=%2Fwp%2Fv2%2Fcategories&post=7883"},{"taxonomy":"post_tag","embeddable":true,"href":"http:\/\/blogdoarmindomaia.com.br\/index.php?rest_route=%2Fwp%2Fv2%2Ftags&post=7883"}],"curies":[{"name":"wp","href":"https:\/\/api.w.org\/{rel}","templated":true}]}}