{"id":7899,"date":"2024-10-10T13:53:27","date_gmt":"2024-10-10T16:53:27","guid":{"rendered":"http:\/\/blogdoarmindomaia.com.br\/?p=7899"},"modified":"2024-10-10T13:53:29","modified_gmt":"2024-10-10T16:53:29","slug":"eleicoes-municipais-na-regiao","status":"publish","type":"post","link":"http:\/\/blogdoarmindomaia.com.br\/?p=7899","title":{"rendered":"Elei\u00e7\u00f5es Municipais na regi\u00e3o"},"content":{"rendered":"\n<figure class=\"wp-block-image size-large\"><img loading=\"lazy\" decoding=\"async\" width=\"1024\" height=\"695\" src=\"http:\/\/blogdoarmindomaia.com.br\/wp-content\/uploads\/2024\/10\/Sem-titulo-1-1024x695.jpg\" alt=\"\" class=\"wp-image-7900\" srcset=\"http:\/\/blogdoarmindomaia.com.br\/wp-content\/uploads\/2024\/10\/Sem-titulo-1-1024x695.jpg 1024w, http:\/\/blogdoarmindomaia.com.br\/wp-content\/uploads\/2024\/10\/Sem-titulo-1-300x204.jpg 300w, http:\/\/blogdoarmindomaia.com.br\/wp-content\/uploads\/2024\/10\/Sem-titulo-1-768x521.jpg 768w, http:\/\/blogdoarmindomaia.com.br\/wp-content\/uploads\/2024\/10\/Sem-titulo-1-1536x1042.jpg 1536w, http:\/\/blogdoarmindomaia.com.br\/wp-content\/uploads\/2024\/10\/Sem-titulo-1.jpg 1729w\" sizes=\"auto, (max-width: 1024px) 100vw, 1024px\" \/><\/figure>\n\n\n\n<p>Confira os eleitos para o executivo e c\u00e2maras das principais cidades da regi\u00e3o do Tri\u00e2ngulo Mineiro e Alto Parana\u00edba:<\/p>\n\n\n\n<p>Tapira&nbsp;&nbsp;&nbsp;&nbsp;&nbsp;&nbsp;&nbsp;&nbsp;&nbsp;&nbsp;&nbsp;&nbsp;&nbsp;&nbsp;&nbsp;&nbsp;&nbsp;&nbsp;&nbsp;&nbsp;&nbsp;&nbsp;&nbsp;&nbsp;&nbsp;&nbsp;&nbsp;&nbsp;&nbsp;&nbsp;&nbsp;&nbsp;&nbsp;&nbsp;&nbsp;&nbsp;&nbsp;&nbsp;&nbsp;&nbsp;&nbsp;&nbsp;&nbsp;<\/p>\n\n\n\n<p>No munic\u00edpio de Tapira, Maura do Barroso, do MDB, foi reeleita prefeita com&nbsp; teve 2.207 votos, 50,19% dos votos v\u00e1lidos (dados a todos os candidatos). Em segundo lugar ficou Afonso (PSD): 2.190 votos, 49,81% dos votos v\u00e1lidos.<\/p>\n\n\n\n<p>&nbsp;A pr\u00f3xima C\u00e2mara de Tapira ficou assim constitu\u00edda:<\/p>\n\n\n\n<figure class=\"wp-block-table\"><table class=\"has-fixed-layout\"><tbody><tr><td>Kaka<\/td><td>MDB<\/td><td>15610<\/td><td>365<\/td><\/tr><tr><td>Ana Paula<\/td><td>PSD<\/td><td>55565<\/td><td>331<\/td><\/tr><tr><td>Guilherme do Jamil<\/td><td>AVANTE<\/td><td>70456<\/td><td>261<\/td><\/tr><tr><td>Neylson<\/td><td>AVANTE<\/td><td>70777<\/td><td>221<\/td><\/tr><tr><td>&nbsp;<\/td><td>&nbsp;<\/td><td>&nbsp;<\/td><td>&nbsp;<\/td><\/tr><tr><td>Duda do Cairo<\/td><td>PSD<\/td><td>55000<\/td><td>201<\/td><\/tr><tr><td>Juninho das Palmeiras<\/td><td>PL<\/td><td>22100<\/td><td>198<\/td><\/tr><tr><td>\u00cdndio<\/td><td>AVANTE<\/td><td>70123<\/td><td>181<\/td><\/tr><tr><td>Elizeu Louren\u00e7o<\/td><td>PL<\/td><td>22123<\/td><td>174<\/td><\/tr><tr><td>Elaine Peres<\/td><td>AVANTE<\/td><td>70100<\/td><td>169<\/td><\/tr><tr><td>Leandra Goulart<\/td><td>MDB<\/td><td>15123<\/td><td>160<\/td><\/tr><\/tbody><\/table><\/figure>\n\n\n\n<p>Fonte: TSE<\/p>\n\n\n\n<p>Perdizes<\/p>\n\n\n\n<ul class=\"wp-block-list\">\n<li>No munic\u00edpio de Perdizes, Fernandinho, do PSD, foi eleito prefeito, com \u00a07.078 votos, 65,51% dos votos v\u00e1lidos. Em segundo lugar ficou, Alexandre Perdigueira (PP): 3.727 votos, 34,49% dos votos v\u00e1lidos.<\/li>\n<\/ul>\n\n\n\n<p>&nbsp;A pr\u00f3xima C\u00e2mara de Perdizes ficou assim constitu\u00edda:<\/p>\n\n\n\n<figure class=\"wp-block-table\"><table class=\"has-fixed-layout\"><tbody><tr><td><strong>Nome de urna<\/strong><\/td><td><strong>Partido<\/strong><\/td><td><strong>N\u00famero de urna<\/strong><\/td><td><strong>Votos<\/strong><\/td><\/tr><tr><td>Leonardo Flores<\/td><td>PSD<\/td><td>55611<\/td><td>780<\/td><\/tr><tr><td>Lucas do Cerrado<\/td><td>PMB<\/td><td>35100<\/td><td>553<\/td><\/tr><tr><td>Vin\u00edcius<\/td><td>UNI\u00c3O<\/td><td>44800<\/td><td>511<\/td><\/tr><tr><td>Valderico<\/td><td>PSD<\/td><td>55500<\/td><td>448<\/td><\/tr><tr><td>Sandro do Sal\u00e3o<\/td><td>PSD<\/td><td>55555<\/td><td>421<\/td><\/tr><tr><td>Dudu do Lava Jato<\/td><td>UNI\u00c3O<\/td><td>44000<\/td><td>388<\/td><\/tr><tr><td>Orlando J\u00fanior<\/td><td>PL<\/td><td>22800<\/td><td>370<\/td><\/tr><tr><td>Sabino da Macega<\/td><td>PDT<\/td><td>12123<\/td><td>343<\/td><\/tr><tr><td>Keven Balahalls<\/td><td>PMB<\/td><td>35200<\/td><td>325<\/td><\/tr><tr><td>Silvinho Ptc<\/td><td>AGIR<\/td><td>36123<\/td><td>298<\/td><\/tr><\/tbody><\/table><\/figure>\n\n\n\n<p>Fonte: TSE<\/p>\n\n\n\n<p>Ibi\u00e1&nbsp;&nbsp;&nbsp;&nbsp;&nbsp;&nbsp;&nbsp;&nbsp;&nbsp;&nbsp;&nbsp;&nbsp;&nbsp;&nbsp;&nbsp;&nbsp;&nbsp;&nbsp;&nbsp;&nbsp;&nbsp;&nbsp;&nbsp;&nbsp;&nbsp;&nbsp;&nbsp;&nbsp;&nbsp;&nbsp;<\/p>\n\n\n\n<ul class=\"wp-block-list\">\n<li>No munic\u00edpio de Ibi\u00e1, Gillianno Mam\u00e3o (PSD), foi eleito prefeito com 6.521 votos, 51,25% dos votos v\u00e1lidos. Em segundo ficou Roger Jeguinho (PSDB): 5.263 votos, 41,37% dos votos v\u00e1lidos e em terceiro, ficou Rodrigo do Taquinho (MDB): 939 votos, 7,38% dos votos v\u00e1lidos.<\/li>\n\n\n\n<li>\u00a0<\/li>\n\n\n\n<li>\u00a0<\/li>\n\n\n\n<li>\u00a0<\/li>\n\n\n\n<li>A pr\u00f3xima C\u00e2mara de Ibi\u00e1 ficou assim constitu\u00edda:<\/li>\n<\/ul>\n\n\n\n<figure class=\"wp-block-table\"><table class=\"has-fixed-layout\"><tbody><tr><td><strong>Nome de urna<\/strong><\/td><td><strong>Partido<\/strong><\/td><td><strong>N\u00famero de urna<\/strong><\/td><td><strong>Votos<\/strong><\/td><\/tr><tr><td>Paulinho Jiboia<\/td><td>PSDB<\/td><td>45680<\/td><td>734<\/td><\/tr><tr><td>Allan do Nute<\/td><td>PDT<\/td><td>12000<\/td><td>503<\/td><\/tr><tr><td>Taninha da Sa\u00fade<\/td><td>PDT<\/td><td>12345<\/td><td>497<\/td><\/tr><tr><td>Fernando Arthur Fernandinho<\/td><td>PSDB<\/td><td>45555<\/td><td>442<\/td><\/tr><tr><td>Andr\u00e9 Ribeiro<\/td><td>PSDB<\/td><td>45100<\/td><td>364<\/td><\/tr><tr><td>Iltinho<\/td><td>PDT<\/td><td>12789<\/td><td>342<\/td><\/tr><tr><td>Baianinho das Calhas<\/td><td>PT<\/td><td>13120<\/td><td>308<\/td><\/tr><tr><td>Neto do Bartinho<\/td><td>MDB<\/td><td>15123<\/td><td>305<\/td><\/tr><tr><td>Adriano do Tequinho<\/td><td>PSD<\/td><td>55123<\/td><td>298<\/td><\/tr><tr><td>Fernandinho da Tia Neusa<\/td><td>PSDB<\/td><td>45666<\/td><td>296<\/td><\/tr><\/tbody><\/table><\/figure>\n\n\n\n<p>Fonte: TSE<\/p>\n","protected":false},"excerpt":{"rendered":"<p>Confira os eleitos para o executivo e c\u00e2maras das principais cidades da regi\u00e3o do Tri\u00e2ngulo Mineiro e Alto Parana\u00edba: Tapira&nbsp;&nbsp;&nbsp;&nbsp;&nbsp;&nbsp;&nbsp;&nbsp;&nbsp;&nbsp;&nbsp;&nbsp;&nbsp;&nbsp;&nbsp;&nbsp;&nbsp;&nbsp;&nbsp;&nbsp;&nbsp;&nbsp;&nbsp;&nbsp;&nbsp;&nbsp;&nbsp;&nbsp;&nbsp;&nbsp;&nbsp;&nbsp;&nbsp;&nbsp;&nbsp;&nbsp;&nbsp;&nbsp;&nbsp;&nbsp;&nbsp;&nbsp;&nbsp;<\/p>\n","protected":false},"author":2,"featured_media":7900,"comment_status":"open","ping_status":"open","sticky":false,"template":"","format":"standard","meta":{"footnotes":""},"categories":[9,11,14],"tags":[],"class_list":["post-7899","post","type-post","status-publish","format-standard","has-post-thumbnail","hentry","category-araxa","category-destaques","category-eleicoes"],"_links":{"self":[{"href":"http:\/\/blogdoarmindomaia.com.br\/index.php?rest_route=\/wp\/v2\/posts\/7899","targetHints":{"allow":["GET"]}}],"collection":[{"href":"http:\/\/blogdoarmindomaia.com.br\/index.php?rest_route=\/wp\/v2\/posts"}],"about":[{"href":"http:\/\/blogdoarmindomaia.com.br\/index.php?rest_route=\/wp\/v2\/types\/post"}],"author":[{"embeddable":true,"href":"http:\/\/blogdoarmindomaia.com.br\/index.php?rest_route=\/wp\/v2\/users\/2"}],"replies":[{"embeddable":true,"href":"http:\/\/blogdoarmindomaia.com.br\/index.php?rest_route=%2Fwp%2Fv2%2Fcomments&post=7899"}],"version-history":[{"count":1,"href":"http:\/\/blogdoarmindomaia.com.br\/index.php?rest_route=\/wp\/v2\/posts\/7899\/revisions"}],"predecessor-version":[{"id":7901,"href":"http:\/\/blogdoarmindomaia.com.br\/index.php?rest_route=\/wp\/v2\/posts\/7899\/revisions\/7901"}],"wp:featuredmedia":[{"embeddable":true,"href":"http:\/\/blogdoarmindomaia.com.br\/index.php?rest_route=\/wp\/v2\/media\/7900"}],"wp:attachment":[{"href":"http:\/\/blogdoarmindomaia.com.br\/index.php?rest_route=%2Fwp%2Fv2%2Fmedia&parent=7899"}],"wp:term":[{"taxonomy":"category","embeddable":true,"href":"http:\/\/blogdoarmindomaia.com.br\/index.php?rest_route=%2Fwp%2Fv2%2Fcategories&post=7899"},{"taxonomy":"post_tag","embeddable":true,"href":"http:\/\/blogdoarmindomaia.com.br\/index.php?rest_route=%2Fwp%2Fv2%2Ftags&post=7899"}],"curies":[{"name":"wp","href":"https:\/\/api.w.org\/{rel}","templated":true}]}}