{"id":7914,"date":"2024-10-15T16:15:07","date_gmt":"2024-10-15T19:15:07","guid":{"rendered":"http:\/\/blogdoarmindomaia.com.br\/?p=7914"},"modified":"2024-10-15T16:15:09","modified_gmt":"2024-10-15T19:15:09","slug":"araxa-vai-sediar-o-23o-encontro-da-hotelaria","status":"publish","type":"post","link":"http:\/\/blogdoarmindomaia.com.br\/?p=7914","title":{"rendered":"Arax\u00e1 vai sediar o 23\u00ba Encontro da Hotelaria"},"content":{"rendered":"\n<p><\/p>\n\n\n\n<figure class=\"wp-block-image size-full\"><img loading=\"lazy\" decoding=\"async\" width=\"1024\" height=\"767\" src=\"http:\/\/blogdoarmindomaia.com.br\/wp-content\/uploads\/2024\/10\/Araxa-vai-sediar-o-23o-Encontro-da-Hotelaria-pag-09.jpg\" alt=\"\" class=\"wp-image-7915\" srcset=\"http:\/\/blogdoarmindomaia.com.br\/wp-content\/uploads\/2024\/10\/Araxa-vai-sediar-o-23o-Encontro-da-Hotelaria-pag-09.jpg 1024w, http:\/\/blogdoarmindomaia.com.br\/wp-content\/uploads\/2024\/10\/Araxa-vai-sediar-o-23o-Encontro-da-Hotelaria-pag-09-300x225.jpg 300w, http:\/\/blogdoarmindomaia.com.br\/wp-content\/uploads\/2024\/10\/Araxa-vai-sediar-o-23o-Encontro-da-Hotelaria-pag-09-768x575.jpg 768w\" sizes=\"auto, (max-width: 1024px) 100vw, 1024px\" \/><\/figure>\n\n\n\n<p>Acontecer\u00e1 nos pr\u00f3ximos dias 1 e 2 de novembro em Arax\u00e1 o aguardado,&nbsp;<strong>ENCONTRO DA HOTELARIA<\/strong>, um dos \u00fanicos eventos itinerantes da hotelaria brasileira. Promovido pela Federa\u00e7\u00e3o Brasileira de Hospedagem e Alimenta\u00e7\u00e3o \u2013 FBHA, nesta edi\u00e7\u00e3o contar\u00e1 com o patroc\u00ednio da Confedera\u00e7\u00e3o Nacional do Com\u00e9rcio de Bens, Servi\u00e7os e Turismo \u2013 CNC, e apoio do Sindcom\u00e9rcio de Arax\u00e1, Fecom\u00e9rcio-MG, Sesc Senac, Associa\u00e7\u00e3o Comercial de Arax\u00e1, IGR Circuito Tur\u00edstico Nascentes das Gerais e Canastra e da Prefeitura de Arax\u00e1.<\/p>\n\n\n\n<p>Ap\u00f3s percorrer quinze cidades mineiras: Belo Horizonte, Caxambu, Po\u00e7os de Caldas, Juiz de Fora, Ouro Preto, Montes Claros, Governador Valadares, Capit\u00f3lio, Uberl\u00e2ndia, Monte Verde, Confins-BHAirport, Tiradentes, Brumadinho, Pouso Alegre e Sete Lagoas al\u00e9m de duas edi\u00e7\u00f5es virtuais realizadas em 2020 devido a pandemia, Arax\u00e1 foi a cidade escolhida para o evento deste ano. O evento teve sua primeira edi\u00e7\u00e3o em 2006 no Minascentro em Belo Horizonte a partir do ent\u00e3o Arrai\u00e1tur idealizado e realizado com habitual primor por Marcos Val\u00e9rio Rocha, coordenador do escrit\u00f3rio regional FBHA em Minas Gerais. \u201c<em>Realizar a vig\u00e9sima terceira edi\u00e7\u00e3o em Arax\u00e1, tem uma grande relev\u00e2ncia, dada a import\u00e2ncia do seu patrim\u00f4nio natural, tur\u00edstico, cultural e econ\u00f4mico. Uma das principais cidades de Minas Gerais. Polo de desenvolvimento e de oportunidades para bons neg\u00f3cios\u201d.&nbsp;<\/em>Destaca Marcos Val\u00e9rio.<\/p>\n\n\n\n<p>O evento tem como principais objetivos desde seus prim\u00f3rdios, analisar cen\u00e1rios atuais, compartilhar procedimentos operacionais e divulgar as principais tend\u00eancias do mercado. Ao longo de todas as suas edi\u00e7\u00f5es contou com a participa\u00e7\u00e3o de palestrantes de reconhecida experi\u00eancia e conhecimento, que contribuem para o desenvolvimento do setor al\u00e9m de favorecer a realiza\u00e7\u00e3o de novos neg\u00f3cios atrelados a uma mostra de produtos e servi\u00e7os, com permanente participa\u00e7\u00e3o das mais importantes empresas fornecedoras do segmento hoteleiro. No primeiro o encontro vai acontecer no Grande Hotel&nbsp; do Barreiro e no segundo dia, no Sesc Arax\u00e1.<\/p>\n","protected":false},"excerpt":{"rendered":"<p>Acontecer\u00e1 nos pr\u00f3ximos dias 1 e 2 de novembro em Arax\u00e1 o aguardado,&nbsp;ENCONTRO DA HOTELARIA, um dos \u00fanicos eventos itinerantes<\/p>\n","protected":false},"author":2,"featured_media":7915,"comment_status":"open","ping_status":"open","sticky":false,"template":"","format":"standard","meta":{"footnotes":""},"categories":[9,11],"tags":[],"class_list":["post-7914","post","type-post","status-publish","format-standard","has-post-thumbnail","hentry","category-araxa","category-destaques"],"_links":{"self":[{"href":"http:\/\/blogdoarmindomaia.com.br\/index.php?rest_route=\/wp\/v2\/posts\/7914","targetHints":{"allow":["GET"]}}],"collection":[{"href":"http:\/\/blogdoarmindomaia.com.br\/index.php?rest_route=\/wp\/v2\/posts"}],"about":[{"href":"http:\/\/blogdoarmindomaia.com.br\/index.php?rest_route=\/wp\/v2\/types\/post"}],"author":[{"embeddable":true,"href":"http:\/\/blogdoarmindomaia.com.br\/index.php?rest_route=\/wp\/v2\/users\/2"}],"replies":[{"embeddable":true,"href":"http:\/\/blogdoarmindomaia.com.br\/index.php?rest_route=%2Fwp%2Fv2%2Fcomments&post=7914"}],"version-history":[{"count":1,"href":"http:\/\/blogdoarmindomaia.com.br\/index.php?rest_route=\/wp\/v2\/posts\/7914\/revisions"}],"predecessor-version":[{"id":7916,"href":"http:\/\/blogdoarmindomaia.com.br\/index.php?rest_route=\/wp\/v2\/posts\/7914\/revisions\/7916"}],"wp:featuredmedia":[{"embeddable":true,"href":"http:\/\/blogdoarmindomaia.com.br\/index.php?rest_route=\/wp\/v2\/media\/7915"}],"wp:attachment":[{"href":"http:\/\/blogdoarmindomaia.com.br\/index.php?rest_route=%2Fwp%2Fv2%2Fmedia&parent=7914"}],"wp:term":[{"taxonomy":"category","embeddable":true,"href":"http:\/\/blogdoarmindomaia.com.br\/index.php?rest_route=%2Fwp%2Fv2%2Fcategories&post=7914"},{"taxonomy":"post_tag","embeddable":true,"href":"http:\/\/blogdoarmindomaia.com.br\/index.php?rest_route=%2Fwp%2Fv2%2Ftags&post=7914"}],"curies":[{"name":"wp","href":"https:\/\/api.w.org\/{rel}","templated":true}]}}