{"id":7920,"date":"2024-10-17T15:29:36","date_gmt":"2024-10-17T18:29:36","guid":{"rendered":"http:\/\/blogdoarmindomaia.com.br\/?p=7920"},"modified":"2024-10-17T15:29:39","modified_gmt":"2024-10-17T18:29:39","slug":"outubro-rosa-unimed-araxa-doa-exames-de-mamografia-para-mulheres-em-vulnerabilidade-social","status":"publish","type":"post","link":"http:\/\/blogdoarmindomaia.com.br\/?p=7920","title":{"rendered":"Outubro Rosa: Unimed Arax\u00e1 doa exames de mamografia para mulheres em vulnerabilidade social"},"content":{"rendered":"\n<figure class=\"wp-block-image size-full\"><img loading=\"lazy\" decoding=\"async\" width=\"945\" height=\"374\" src=\"http:\/\/blogdoarmindomaia.com.br\/wp-content\/uploads\/2024\/10\/Outubro-Rosa-Unimed-Araxa-doa-exames-de-mamografia-pag-8A.jpg\" alt=\"\" class=\"wp-image-7921\" srcset=\"http:\/\/blogdoarmindomaia.com.br\/wp-content\/uploads\/2024\/10\/Outubro-Rosa-Unimed-Araxa-doa-exames-de-mamografia-pag-8A.jpg 945w, http:\/\/blogdoarmindomaia.com.br\/wp-content\/uploads\/2024\/10\/Outubro-Rosa-Unimed-Araxa-doa-exames-de-mamografia-pag-8A-300x119.jpg 300w, http:\/\/blogdoarmindomaia.com.br\/wp-content\/uploads\/2024\/10\/Outubro-Rosa-Unimed-Araxa-doa-exames-de-mamografia-pag-8A-768x304.jpg 768w\" sizes=\"auto, (max-width: 945px) 100vw, 945px\" \/><\/figure>\n\n\n\n<figure class=\"wp-block-image size-large\"><img loading=\"lazy\" decoding=\"async\" width=\"1024\" height=\"683\" src=\"http:\/\/blogdoarmindomaia.com.br\/wp-content\/uploads\/2024\/10\/Equipe-da-Unimed-Araxa-1024x683.jpg\" alt=\"\" class=\"wp-image-7922\" srcset=\"http:\/\/blogdoarmindomaia.com.br\/wp-content\/uploads\/2024\/10\/Equipe-da-Unimed-Araxa-1024x683.jpg 1024w, http:\/\/blogdoarmindomaia.com.br\/wp-content\/uploads\/2024\/10\/Equipe-da-Unimed-Araxa-300x200.jpg 300w, http:\/\/blogdoarmindomaia.com.br\/wp-content\/uploads\/2024\/10\/Equipe-da-Unimed-Araxa-768x512.jpg 768w, http:\/\/blogdoarmindomaia.com.br\/wp-content\/uploads\/2024\/10\/Equipe-da-Unimed-Araxa-1536x1024.jpg 1536w, http:\/\/blogdoarmindomaia.com.br\/wp-content\/uploads\/2024\/10\/Equipe-da-Unimed-Araxa-2048x1365.jpg 2048w\" sizes=\"auto, (max-width: 1024px) 100vw, 1024px\" \/><\/figure>\n\n\n\n<figure class=\"wp-block-table\"><table class=\"has-fixed-layout\"><tbody><tr><td>Tem fotos <em>A\u00e7\u00e3o ser\u00e1 realizada em parceria com entidades sociais e integra s\u00e9rie de atividades propostas pela operadora para marcar a data<\/em> <em>&nbsp;<\/em> A Unimed Arax\u00e1 vai doar 60 exames de mamografia para mulheres em vulnerabilidade social durante o m\u00eas de outubro. A a\u00e7\u00e3o integra as atividades propostas pela operadora de planos de sa\u00fade durante o Outubro Rosa. &nbsp; Os exames ser\u00e3o disponibilizados por meio de entidades. S\u00e3o parceiras da a\u00e7\u00e3o a Ampara, a Associa\u00e7\u00e3o do C\u00e2ncer e a Associa\u00e7\u00e3o do Amor. \u201cEste \u00e9 o terceiro ano consecutivo que somos agraciados com esta doa\u00e7\u00e3o. N\u00f3s que trabalhamos com as pessoas em tratamento, sabemos o quanto \u00e9 essencial o diagn\u00f3stico precoce. Distribuiremos essas mamografias entre os membros das fam\u00edlias atendidas pela associa\u00e7\u00e3o e tenho certeza de que este ser\u00e1 um incentivo para que todas essas mulheres se cuidem e se conscientizem sobre a import\u00e2ncia da preven\u00e7\u00e3o\u201d, diz a presidente da Associa\u00e7\u00e3o do Amor, Lucia Helena Aparecida. &nbsp; O an\u00fancio das a\u00e7\u00f5es da Unimed Arax\u00e1 em comemora\u00e7\u00e3o ao Outubro Rosa foi feito durante uma coletiva de imprensa nesta quarta-feira (16). O evento contou com a participa\u00e7\u00e3o da diretoria da cooperativa, Dr. Rubens Assun\u00e7\u00e3o de Oliveira, Dr. \u00c2ngelo S\u00e9rgio Bittencourt e Dra. Yvely Bernardete Yunes Akel; al\u00e9m de m\u00e9dicos cooperados e representantes das entidades beneficiadas. \u201cEntendemos que faz parte do nosso papel social abrir as portas deste servi\u00e7o no m\u00eas de outubro a quem mais precisa, com o respaldo de entidades que entendem muito sobre essa realidade. Temos a certeza de que este \u00e9 um servi\u00e7o que salva vidas e, por isso, prestamos com muita felicidade\u201d, ressalta a diretoria. &nbsp; A diretoria anunciou ainda aos jornalistas presentes que a Unimed Arax\u00e1 tamb\u00e9m far\u00e1 nesse per\u00edodo um ciclo de palestras de conscientiza\u00e7\u00e3o e incentivar\u00e1 benefici\u00e1rias a tamb\u00e9m realizarem o exame de mamografia. \u201cNeste per\u00edodo teremos a isen\u00e7\u00e3o da taxa de coparticipa\u00e7\u00e3o para benefici\u00e1rias Unimed Arax\u00e1 neste servi\u00e7o\u201d, complementa. &nbsp; <strong>Outubro Rosa<\/strong> O m\u00eas de outubro \u00e9 marcado pela intensifica\u00e7\u00e3o de informa\u00e7\u00f5es quanto \u00e0 preven\u00e7\u00e3o e ao diagn\u00f3stico precoce do c\u00e2ncer de mama. Segundo o m\u00e9dico Gabriel de Oliveira Sim\u00f5es, oncologista cl\u00ednico e respons\u00e1vel t\u00e9cnico pelo Centro Oncol\u00f3gico da Unimed Arax\u00e1, o Outubro Rosa \u00e9 uma a\u00e7\u00e3o mundial que visa aumentar a conscientiza\u00e7\u00e3o e preven\u00e7\u00e3o do c\u00e2ncer de mama. \u201cO c\u00e2ncer de mama tem uma incid\u00eancia no mundo de cerca de 2,3 milh\u00f5es de casos estimados; no Brasil, para 2024, a previs\u00e3o, segundo o Instituto Nacional do C\u00e2ncer (INCA), \u00e9 que quase 74 mil mulheres recebam o diagn\u00f3stico. De forma geral, uma em cada oito mulheres est\u00e1 sob o risco de ter essa doen\u00e7a ao longo da vida\u201d, comenta. &nbsp; Para o m\u00e9dico, diante de uma doen\u00e7a com ocorr\u00eancia t\u00e3o frequente \u00e9 de suma import\u00e2ncia a realiza\u00e7\u00e3o de a\u00e7\u00f5es que fomentem o diagn\u00f3stico precoce e informa\u00e7\u00f5es de qualidade sobre o c\u00e2ncer de mama. As chances de cura do c\u00e2ncer de mama s\u00e3o maiores se fizer o diagn\u00f3stico precoce. Posto isso, no m\u00eas de outubro, orienta-se que a mulher relembre a import\u00e2ncia da realiza\u00e7\u00e3o de mamografias a partir dos 40 anos de idade e fa\u00e7a avalia\u00e7\u00e3o individualizada com os m\u00e9dicos assistentes para verificar a necessidade de um acompanhamento mais intensivo ou n\u00e3o, a depender do risco particular de cada caso\u201d, explica. &nbsp;<\/td><\/tr><\/tbody><\/table><\/figure>\n","protected":false},"excerpt":{"rendered":"<p>Tem fotos A\u00e7\u00e3o ser\u00e1 realizada em parceria com entidades sociais e integra s\u00e9rie de atividades propostas pela operadora para marcar<\/p>\n","protected":false},"author":2,"featured_media":7921,"comment_status":"open","ping_status":"open","sticky":false,"template":"","format":"standard","meta":{"footnotes":""},"categories":[9,29],"tags":[],"class_list":["post-7920","post","type-post","status-publish","format-standard","has-post-thumbnail","hentry","category-araxa","category-saude"],"_links":{"self":[{"href":"http:\/\/blogdoarmindomaia.com.br\/index.php?rest_route=\/wp\/v2\/posts\/7920","targetHints":{"allow":["GET"]}}],"collection":[{"href":"http:\/\/blogdoarmindomaia.com.br\/index.php?rest_route=\/wp\/v2\/posts"}],"about":[{"href":"http:\/\/blogdoarmindomaia.com.br\/index.php?rest_route=\/wp\/v2\/types\/post"}],"author":[{"embeddable":true,"href":"http:\/\/blogdoarmindomaia.com.br\/index.php?rest_route=\/wp\/v2\/users\/2"}],"replies":[{"embeddable":true,"href":"http:\/\/blogdoarmindomaia.com.br\/index.php?rest_route=%2Fwp%2Fv2%2Fcomments&post=7920"}],"version-history":[{"count":1,"href":"http:\/\/blogdoarmindomaia.com.br\/index.php?rest_route=\/wp\/v2\/posts\/7920\/revisions"}],"predecessor-version":[{"id":7923,"href":"http:\/\/blogdoarmindomaia.com.br\/index.php?rest_route=\/wp\/v2\/posts\/7920\/revisions\/7923"}],"wp:featuredmedia":[{"embeddable":true,"href":"http:\/\/blogdoarmindomaia.com.br\/index.php?rest_route=\/wp\/v2\/media\/7921"}],"wp:attachment":[{"href":"http:\/\/blogdoarmindomaia.com.br\/index.php?rest_route=%2Fwp%2Fv2%2Fmedia&parent=7920"}],"wp:term":[{"taxonomy":"category","embeddable":true,"href":"http:\/\/blogdoarmindomaia.com.br\/index.php?rest_route=%2Fwp%2Fv2%2Fcategories&post=7920"},{"taxonomy":"post_tag","embeddable":true,"href":"http:\/\/blogdoarmindomaia.com.br\/index.php?rest_route=%2Fwp%2Fv2%2Ftags&post=7920"}],"curies":[{"name":"wp","href":"https:\/\/api.w.org\/{rel}","templated":true}]}}