{"id":7933,"date":"2024-10-23T16:00:30","date_gmt":"2024-10-23T19:00:30","guid":{"rendered":"http:\/\/blogdoarmindomaia.com.br\/?p=7933"},"modified":"2024-10-23T16:00:32","modified_gmt":"2024-10-23T19:00:32","slug":"cerimonia-de-entrega-do-premio-cbmm-de-ciencia-e-tecnologia-2024-celebra-o-poder-transformador-da-inovacao","status":"publish","type":"post","link":"http:\/\/blogdoarmindomaia.com.br\/?p=7933","title":{"rendered":"Cerim\u00f4nia de entrega do Pr\u00eamio CBMM de Ci\u00eancia e Tecnologia 2024 celebra o poder transformador da inova\u00e7\u00e3o"},"content":{"rendered":"\n<figure class=\"wp-block-image size-large\"><img loading=\"lazy\" decoding=\"async\" width=\"1024\" height=\"683\" src=\"http:\/\/blogdoarmindomaia.com.br\/wp-content\/uploads\/2024\/10\/Ricardo-Lima-e-Marcelo-Amato-1024x683.jpeg\" alt=\"\" class=\"wp-image-7934\" srcset=\"http:\/\/blogdoarmindomaia.com.br\/wp-content\/uploads\/2024\/10\/Ricardo-Lima-e-Marcelo-Amato-1024x683.jpeg 1024w, http:\/\/blogdoarmindomaia.com.br\/wp-content\/uploads\/2024\/10\/Ricardo-Lima-e-Marcelo-Amato-300x200.jpeg 300w, http:\/\/blogdoarmindomaia.com.br\/wp-content\/uploads\/2024\/10\/Ricardo-Lima-e-Marcelo-Amato-768x512.jpeg 768w, http:\/\/blogdoarmindomaia.com.br\/wp-content\/uploads\/2024\/10\/Ricardo-Lima-e-Marcelo-Amato-1536x1024.jpeg 1536w, http:\/\/blogdoarmindomaia.com.br\/wp-content\/uploads\/2024\/10\/Ricardo-Lima-e-Marcelo-Amato-2048x1365.jpeg 2048w\" sizes=\"auto, (max-width: 1024px) 100vw, 1024px\" \/><\/figure>\n\n\n\n<figure class=\"wp-block-image size-large\"><img loading=\"lazy\" decoding=\"async\" width=\"1024\" height=\"683\" src=\"http:\/\/blogdoarmindomaia.com.br\/wp-content\/uploads\/2024\/10\/Ricardo-Lima-e-Marcos-Pimenta-1024x683.jpeg\" alt=\"\" class=\"wp-image-7935\" srcset=\"http:\/\/blogdoarmindomaia.com.br\/wp-content\/uploads\/2024\/10\/Ricardo-Lima-e-Marcos-Pimenta-1024x683.jpeg 1024w, http:\/\/blogdoarmindomaia.com.br\/wp-content\/uploads\/2024\/10\/Ricardo-Lima-e-Marcos-Pimenta-300x200.jpeg 300w, http:\/\/blogdoarmindomaia.com.br\/wp-content\/uploads\/2024\/10\/Ricardo-Lima-e-Marcos-Pimenta-768x512.jpeg 768w, http:\/\/blogdoarmindomaia.com.br\/wp-content\/uploads\/2024\/10\/Ricardo-Lima-e-Marcos-Pimenta-1536x1024.jpeg 1536w, http:\/\/blogdoarmindomaia.com.br\/wp-content\/uploads\/2024\/10\/Ricardo-Lima-e-Marcos-Pimenta-2048x1365.jpeg 2048w\" sizes=\"auto, (max-width: 1024px) 100vw, 1024px\" \/><\/figure>\n\n\n\n<p><em>Os professores Marcos Pimenta e Marcelo Amato foram os homenageados da 6\u00aa edi\u00e7\u00e3o de uma das maiores premia\u00e7\u00f5es cient\u00edficas e tecnol\u00f3gicas do Brasil<\/em><\/p>\n\n\n\n<p><strong>23 de outubro de 2024 \u2013<\/strong>&nbsp;A CBMM, empresa brasileira l\u00edder mundial na produ\u00e7\u00e3o e comercializa\u00e7\u00e3o de produtos de Ni\u00f3bio, realizou na noite dessa ter\u00e7a-feira (22\/10) a cerim\u00f4nia de premia\u00e7\u00e3o da sexta edi\u00e7\u00e3o do Pr\u00eamio CBMM de Ci\u00eancia e Tecnologia. O evento, que contou com a apresenta\u00e7\u00e3o do Grupo Metais &amp; Percuss\u00e3o da Orquestra Filarm\u00f4nica de Minas Gerais, ocorreu na Sala Minas Gerais, em Belo Horizonte. Os dois vencedores, escolhidos entre 2.448 inscritos em 2024 &#8211; n\u00famero recorde, foram homenageados pelo legado e contribui\u00e7\u00e3o para o desenvolvimento cient\u00edfico e tecnol\u00f3gico em suas \u00e1reas de atua\u00e7\u00e3o.<\/p>\n\n\n\n<p>O professor doutor da UFMG, Marcos Pimenta, venceu na categoria Ci\u00eancia com o trabalho desenvolvido na cria\u00e7\u00e3o e coordena\u00e7\u00e3o do Laborat\u00f3rio Raman, dedicado a encontrar respostas sobre materiais que est\u00e3o transformando a computa\u00e7\u00e3o. O doutor em medicina, Marcelo Amato, foi o vencedor na categoria Tecnologia, com sua dedica\u00e7\u00e3o a descobrir e aprimorar instrumentos e monitores \u00e0 beira-leito, com o objetivo de reduzir a mortalidade em pacientes intubados e aperfei\u00e7oar o trabalho nas Unidades de Tratamento Intensivo.<\/p>\n\n\n\n<p>Durante a cerim\u00f4nia, Ricardo Lima, CEO da CBMM, destacou o car\u00e1ter coletivo do desenvolvimento cient\u00edfico e tecnol\u00f3gico e sua import\u00e2ncia para a gera\u00e7\u00e3o de valor e melhorias na vida das pessoas e da sociedade. \u201cEstimular e promover a pesquisa brasileira \u00e9 essencial para ampliarmos o papel do pa\u00eds como um agente de mudan\u00e7a, seja em escala nacional ou mundial. As abordagens criativas e inteligentes que os vencedores desta noite encontraram para enfrentar desafios e desenvolver solu\u00e7\u00f5es inovadoras refor\u00e7am nossa confian\u00e7a no poder transformador da ci\u00eancia e da tecnologia\u201d, afirmou.<\/p>\n\n\n\n<p>Consolidado como uma das mais importantes premia\u00e7\u00f5es do pa\u00eds, o pr\u00eamio CBMM de Ci\u00eancia e Tecnologia valoriza e reconhece profissionais que, por meio de pesquisas e desenvolvimentos tecnol\u00f3gicos, impactam o Brasil e o mundo. Em suas edi\u00e7\u00f5es anteriores j\u00e1 premiou iniciativas inovadoras nas \u00e1reas de matem\u00e1tica, farmacologia, medicina, telecomunica\u00e7\u00f5es e intelig\u00eancia artificial.<\/p>\n\n\n\n<p><strong>Sobre os vencedores<\/strong><\/p>\n\n\n\n<p>Marcos Pimenta, vencedor na categoria Ci\u00eancias, \u00e9 graduado e mestre em F\u00edsica pela UFMG, com doutorado pela Universit\u00e9 d\u2019Orl\u00e9ans, na Fran\u00e7a, e p\u00f3s-doutorado no Massachusetts Institute of Technology (MIT). \u00c9 criador do Laborat\u00f3rio de Espectroscopia Raman, na UFMG, um espa\u00e7o dedicado a encontrar respostas sobre materiais que est\u00e3o transformando a eletr\u00f4nica e a computa\u00e7\u00e3o.<\/p>\n\n\n\n<p>Junto a colegas de outras \u00e1reas, Marcos se dedicou ainda \u00e0 escrita da cole\u00e7\u00e3o de livros \u201cEnergia, Mat\u00e9ria e Vida\u201d, que traduz o conhecimento cient\u00edfico para alunos do ensino m\u00e9dio, tornando o assunto mais palat\u00e1vel, acess\u00edvel e incentivando a descoberta da ci\u00eancia pelos jovens.<\/p>\n\n\n\n<p>Lembrando de todos que o acompanharam nessa trajet\u00f3ria, Marcos Pimenta prestou homenagem a todos os professores da educa\u00e7\u00e3o b\u00e1sica do Brasil, afirmando que s\u00e3o os profissionais com os piores sal\u00e1rios do pa\u00eds. \u201cSonho com o dia em que os professores ter\u00e3o seus trabalhos devidamente reconhecidos, como ocorre nos pa\u00edses mais desenvolvidos, onde nossa profiss\u00e3o \u00e9 respeitada por ser o alicerce da sociedade\u201d, disse Marcos, agradecendo \u00e0 comiss\u00e3o julgadora do Pr\u00eamio pela indica\u00e7\u00e3o, destacando o alto n\u00edvel dos demais indicados.<\/p>\n\n\n\n<p>Marcelo Amato, vencedor na categoria Tecnologia, \u00e9 doutor em Medicina pela Universidade de S\u00e3o Paulo e atual chefe da UTI-Respirat\u00f3ria do INCOR-Hospital das Cl\u00ednicas. Seus estudos foram dedicados a descobrir e aprimorar instrumentos e monitores \u00e0 beira leito, com o objetivo de reduzir a mortalidade em pacientes intubados e aperfei\u00e7oar o trabalho nas Unidades de Tratamento Intensivo.<\/p>\n\n\n\n<p>De 1995 a 2005, uma s\u00e9rie de trabalhos publicados por ele e seus colegas de laborat\u00f3rio mudaram o paradigma da ventila\u00e7\u00e3o mec\u00e2nica ao redor do mundo, demonstrando que a estrat\u00e9gia utilizada entre os anos 70 e 90 causava inflama\u00e7\u00e3o oculta do tecido pulmonar, duplicando a mortalidade dos pacientes.<\/p>\n\n\n\n<p>Diante desse cen\u00e1rio, ele desenvolveu a Tomografia por Imped\u00e2ncia El\u00e9trica, uma tecnologia que permite uma ventila\u00e7\u00e3o pulmonar mais protetora, n\u00e3o-invasiva e isenta de radia\u00e7\u00e3o ionizante.<\/p>\n\n\n\n<p>O equipamento foi inteiramente desenvolvido no Brasil e j\u00e1 \u00e9 exportado para 28 pa\u00edses, com aprova\u00e7\u00e3o do FDA (Food and Drug Administration), ag\u00eancia federal do Departamento de Sa\u00fade e Servi\u00e7os Humanos dos Estados Unidos.<\/p>\n\n\n\n<p>\u201cEspero demais que este tom\u00f3grafo possa ajudar a avan\u00e7ar nosso conhecimento e ainda mitigar o sofrimento de v\u00e1rios pacientes. Para isso, continuarei precisando do trabalho em equipe e de institui\u00e7\u00f5es fant\u00e1sticas como essa, disse Marcelo Amato. O vencedor da categoria Tecnologia completou: \u201cA \u00e9poca ruidosa que estamos vivendo requer atitudes mais extremas. A verdade n\u00e3o \u00e9 mais suficiente. Sempre \u00e9 poss\u00edvel e \u00e9 importante gastar energia em projetos e organiza\u00e7\u00f5es que maximizam a chance de a verdade prevalecer\u201d.<\/p>\n\n\n\n<p><strong>Sobre o Pr\u00eamio CBMM<\/strong><\/p>\n\n\n\n<p>Criado em 2019, com o objetivo de reconhecer o legado de profissionais que contribuem significativamente para o desenvolvimento do Brasil, o Pr\u00eamio CBMM de Ci\u00eancia e Tecnologia oferece 500 mil reais a dois vencedores. Para concorrer, os pesquisadores se inscrevem voluntariamente ou s\u00e3o indicados por institui\u00e7\u00f5es, empresas e profissionais renomados nas \u00e1reas de Ci\u00eancia e Tecnologia. Uma comiss\u00e3o julgadora totalmente independente, constitu\u00edda por renomados profissionais e representantes da academia, avalia as iniciativas e seleciona os vencedores. As seis edi\u00e7\u00f5es do Pr\u00eamio somam mais de 4.200 inscritos de todo o pa\u00eds.&nbsp;<\/p>\n\n\n\n<p>Mais informa\u00e7\u00f5es em:&nbsp;&nbsp;<a href=\"http:\/\/premiocbmm.com.br\/\" target=\"_blank\" rel=\"noreferrer noopener\">PremioCBMM.com.br<\/a><\/p>\n\n\n\n<p><strong>Sobre a CBMM\u202f<\/strong><\/p>\n\n\n\n<p>L\u00edder mundial na produ\u00e7\u00e3o e comercializa\u00e7\u00e3o de produtos industrializados de Ni\u00f3bio, a CBMM possui mais de 500 clientes, em mais de 50 pa\u00edses. Sediada no Brasil, com escrit\u00f3rios regionais na China, Holanda, Singapura, Su\u00ed\u00e7a e Estados Unidos, a companhia fornece tecnologia aos setores de infraestrutura, mobilidade, aeroespacial, sa\u00fade e energia.&nbsp;Desde a sua funda\u00e7\u00e3o, a CBMM desenvolve projetos no Brasil e em diversos pa\u00edses do mundo para fomentar a ado\u00e7\u00e3o da tecnologia do Ni\u00f3bio por diversas ind\u00fastrias.&nbsp;&nbsp;Para suportar seus planos de crescimento por meio da diversifica\u00e7\u00e3o, a empresa tem uma atua\u00e7\u00e3o focada na pesquisa e desenvolvimento de novas aplica\u00e7\u00f5es. Nos \u00faltimos 5 anos, a CBMM firmou parcerias e realizou investimentos estrat\u00e9gicos em empresas e startups visando novos desenvolvimentos em materiais com Ni\u00f3bio para baterias de \u00edons de l\u00edtio. Para mais informa\u00e7\u00f5es, visite o&nbsp;<a href=\"https:\/\/cbmm.com\/pt\/Media-Center\" target=\"_blank\" rel=\"noreferrer noopener\">media center<\/a>.<\/p>\n","protected":false},"excerpt":{"rendered":"<p>Os professores Marcos Pimenta e Marcelo Amato foram os homenageados da 6\u00aa edi\u00e7\u00e3o de uma das maiores premia\u00e7\u00f5es cient\u00edficas e<\/p>\n","protected":false},"author":2,"featured_media":7935,"comment_status":"open","ping_status":"open","sticky":false,"template":"","format":"standard","meta":{"footnotes":""},"categories":[9,11],"tags":[],"class_list":["post-7933","post","type-post","status-publish","format-standard","has-post-thumbnail","hentry","category-araxa","category-destaques"],"_links":{"self":[{"href":"http:\/\/blogdoarmindomaia.com.br\/index.php?rest_route=\/wp\/v2\/posts\/7933","targetHints":{"allow":["GET"]}}],"collection":[{"href":"http:\/\/blogdoarmindomaia.com.br\/index.php?rest_route=\/wp\/v2\/posts"}],"about":[{"href":"http:\/\/blogdoarmindomaia.com.br\/index.php?rest_route=\/wp\/v2\/types\/post"}],"author":[{"embeddable":true,"href":"http:\/\/blogdoarmindomaia.com.br\/index.php?rest_route=\/wp\/v2\/users\/2"}],"replies":[{"embeddable":true,"href":"http:\/\/blogdoarmindomaia.com.br\/index.php?rest_route=%2Fwp%2Fv2%2Fcomments&post=7933"}],"version-history":[{"count":1,"href":"http:\/\/blogdoarmindomaia.com.br\/index.php?rest_route=\/wp\/v2\/posts\/7933\/revisions"}],"predecessor-version":[{"id":7936,"href":"http:\/\/blogdoarmindomaia.com.br\/index.php?rest_route=\/wp\/v2\/posts\/7933\/revisions\/7936"}],"wp:featuredmedia":[{"embeddable":true,"href":"http:\/\/blogdoarmindomaia.com.br\/index.php?rest_route=\/wp\/v2\/media\/7935"}],"wp:attachment":[{"href":"http:\/\/blogdoarmindomaia.com.br\/index.php?rest_route=%2Fwp%2Fv2%2Fmedia&parent=7933"}],"wp:term":[{"taxonomy":"category","embeddable":true,"href":"http:\/\/blogdoarmindomaia.com.br\/index.php?rest_route=%2Fwp%2Fv2%2Fcategories&post=7933"},{"taxonomy":"post_tag","embeddable":true,"href":"http:\/\/blogdoarmindomaia.com.br\/index.php?rest_route=%2Fwp%2Fv2%2Ftags&post=7933"}],"curies":[{"name":"wp","href":"https:\/\/api.w.org\/{rel}","templated":true}]}}