{"id":7993,"date":"2024-11-13T15:47:29","date_gmt":"2024-11-13T18:47:29","guid":{"rendered":"http:\/\/blogdoarmindomaia.com.br\/?p=7993"},"modified":"2024-11-13T15:47:31","modified_gmt":"2024-11-13T18:47:31","slug":"prefeitura-de-araxa-convoca-mais-258-aprovados-em-concurso-da-educacao","status":"publish","type":"post","link":"http:\/\/blogdoarmindomaia.com.br\/?p=7993","title":{"rendered":"Prefeitura de Arax\u00e1 convoca mais 258 aprovados em Concurso da Educa\u00e7\u00e3o"},"content":{"rendered":"\n<figure class=\"wp-block-image size-full\"><img loading=\"lazy\" decoding=\"async\" width=\"1024\" height=\"683\" src=\"http:\/\/blogdoarmindomaia.com.br\/wp-content\/uploads\/2024\/11\/Prefeitura-de-Araxa-convoca-mais-258-aprovados-em-Concurso-da-Educacao-pag-06.jpeg\" alt=\"\" class=\"wp-image-7994\" srcset=\"http:\/\/blogdoarmindomaia.com.br\/wp-content\/uploads\/2024\/11\/Prefeitura-de-Araxa-convoca-mais-258-aprovados-em-Concurso-da-Educacao-pag-06.jpeg 1024w, http:\/\/blogdoarmindomaia.com.br\/wp-content\/uploads\/2024\/11\/Prefeitura-de-Araxa-convoca-mais-258-aprovados-em-Concurso-da-Educacao-pag-06-300x200.jpeg 300w, http:\/\/blogdoarmindomaia.com.br\/wp-content\/uploads\/2024\/11\/Prefeitura-de-Araxa-convoca-mais-258-aprovados-em-Concurso-da-Educacao-pag-06-768x512.jpeg 768w\" sizes=\"auto, (max-width: 1024px) 100vw, 1024px\" \/><\/figure>\n\n\n\n<p>A Prefeitura de Arax\u00e1 anunciou, por meio do Di\u00e1rio Oficial do Munic\u00edpio (e-Doma), a convoca\u00e7\u00e3o de mais 258 aprovados no Concurso P\u00fablico da Secretaria Municipal de Educa\u00e7\u00e3o (n\u00ba 001\/2023). A chamada abrange profissionais de 15 diferentes cargos, que dever\u00e3o assumir suas fun\u00e7\u00f5es na rede municipal de ensino. (<a href=\"https:\/\/tinyurl.com\/3jhuv7a5\" target=\"_blank\" rel=\"noreferrer noopener\">https:\/\/tinyurl.com\/3jhuv7a5<\/a>)<br><br>Os novos servidores tomar\u00e3o posse em uma cerim\u00f4nia marcada para o dia 7 de janeiro de 2025, no gabinete do Prefeito. Antes disso, entre os dias 2 e 13 de dezembro de 2024, os candidatos convocados dever\u00e3o realizar os exames m\u00e9dicos exigidos e agendar o exame admissional na Prevemt (Medicina do Trabalho). A entrega da documenta\u00e7\u00e3o ser\u00e1 realizada no setor de Recursos Humanos da Prefeitura de Arax\u00e1, localizado na Rua Oleg\u00e1rio Maciel, 306, no Centro, de segunda a sexta-feira, das 14h \u00e0s 18h. A lista completa de documentos necess\u00e1rios pode ser consultada no edital do concurso.<br><br>Desde janeiro de 2024, a Prefeitura de Arax\u00e1 j\u00e1 empossou 548 profissionais aprovados no concurso da Educa\u00e7\u00e3o. De acordo com o prefeito, Robson Magela, essa medida refor\u00e7a o compromisso da administra\u00e7\u00e3o em assegurar a convoca\u00e7\u00e3o e nomea\u00e7\u00e3o dos servidores aprovados. \u201cEssa \u00e9 uma etapa importante para efetivar os profissionais que foram aprovados no concurso p\u00fablico, uma a\u00e7\u00e3o que garante uma educa\u00e7\u00e3o de qualidade e estabilidade para nossos alunos e professores,\u201d diz.<br><br>A secret\u00e1ria de Educa\u00e7\u00e3o, Zulma Moreira, ressalta que, embora no cronograma inicial tivesse previsto as convoca\u00e7\u00f5es para junho, ajustes se tornaram necess\u00e1rios em fun\u00e7\u00e3o do ano letivo. \u201cConforme combinado, estamos realizando as convoca\u00e7\u00f5es agora, assegurando que a rede municipal comece o pr\u00f3ximo ano preparada,\u201d afirma.<\/p>\n","protected":false},"excerpt":{"rendered":"<p>A Prefeitura de Arax\u00e1 anunciou, por meio do Di\u00e1rio Oficial do Munic\u00edpio (e-Doma), a convoca\u00e7\u00e3o de mais 258 aprovados no<\/p>\n","protected":false},"author":2,"featured_media":7994,"comment_status":"open","ping_status":"open","sticky":false,"template":"","format":"standard","meta":{"footnotes":""},"categories":[9,11],"tags":[],"class_list":["post-7993","post","type-post","status-publish","format-standard","has-post-thumbnail","hentry","category-araxa","category-destaques"],"_links":{"self":[{"href":"http:\/\/blogdoarmindomaia.com.br\/index.php?rest_route=\/wp\/v2\/posts\/7993","targetHints":{"allow":["GET"]}}],"collection":[{"href":"http:\/\/blogdoarmindomaia.com.br\/index.php?rest_route=\/wp\/v2\/posts"}],"about":[{"href":"http:\/\/blogdoarmindomaia.com.br\/index.php?rest_route=\/wp\/v2\/types\/post"}],"author":[{"embeddable":true,"href":"http:\/\/blogdoarmindomaia.com.br\/index.php?rest_route=\/wp\/v2\/users\/2"}],"replies":[{"embeddable":true,"href":"http:\/\/blogdoarmindomaia.com.br\/index.php?rest_route=%2Fwp%2Fv2%2Fcomments&post=7993"}],"version-history":[{"count":1,"href":"http:\/\/blogdoarmindomaia.com.br\/index.php?rest_route=\/wp\/v2\/posts\/7993\/revisions"}],"predecessor-version":[{"id":7995,"href":"http:\/\/blogdoarmindomaia.com.br\/index.php?rest_route=\/wp\/v2\/posts\/7993\/revisions\/7995"}],"wp:featuredmedia":[{"embeddable":true,"href":"http:\/\/blogdoarmindomaia.com.br\/index.php?rest_route=\/wp\/v2\/media\/7994"}],"wp:attachment":[{"href":"http:\/\/blogdoarmindomaia.com.br\/index.php?rest_route=%2Fwp%2Fv2%2Fmedia&parent=7993"}],"wp:term":[{"taxonomy":"category","embeddable":true,"href":"http:\/\/blogdoarmindomaia.com.br\/index.php?rest_route=%2Fwp%2Fv2%2Fcategories&post=7993"},{"taxonomy":"post_tag","embeddable":true,"href":"http:\/\/blogdoarmindomaia.com.br\/index.php?rest_route=%2Fwp%2Fv2%2Ftags&post=7993"}],"curies":[{"name":"wp","href":"https:\/\/api.w.org\/{rel}","templated":true}]}}