{"id":8002,"date":"2024-11-21T14:28:43","date_gmt":"2024-11-21T17:28:43","guid":{"rendered":"http:\/\/blogdoarmindomaia.com.br\/?p=8002"},"modified":"2024-11-21T14:28:45","modified_gmt":"2024-11-21T17:28:45","slug":"debora-de-melo-vale-e-reeleita-presidente-da-33a-subsecao-da-oab-mg-araxa","status":"publish","type":"post","link":"http:\/\/blogdoarmindomaia.com.br\/?p=8002","title":{"rendered":"D\u00e9bora de Melo Vale \u00e9 reeleita presidente da 33\u00aa Subse\u00e7\u00e3o da OAB\/MG \u2013 Arax\u00e1"},"content":{"rendered":"\n<p><\/p>\n\n\n\n<figure class=\"wp-block-image size-large\"><img loading=\"lazy\" decoding=\"async\" width=\"1024\" height=\"682\" src=\"http:\/\/blogdoarmindomaia.com.br\/wp-content\/uploads\/2024\/11\/Debora-de-Melo-Vale-e-reeleita-presidente-da-33a-Subsecao-da-OAB-\u2013-Araxa-pag-06-1024x682.jpg\" alt=\"\" class=\"wp-image-8003\" srcset=\"http:\/\/blogdoarmindomaia.com.br\/wp-content\/uploads\/2024\/11\/Debora-de-Melo-Vale-e-reeleita-presidente-da-33a-Subsecao-da-OAB-\u2013-Araxa-pag-06-1024x682.jpg 1024w, http:\/\/blogdoarmindomaia.com.br\/wp-content\/uploads\/2024\/11\/Debora-de-Melo-Vale-e-reeleita-presidente-da-33a-Subsecao-da-OAB-\u2013-Araxa-pag-06-300x200.jpg 300w, http:\/\/blogdoarmindomaia.com.br\/wp-content\/uploads\/2024\/11\/Debora-de-Melo-Vale-e-reeleita-presidente-da-33a-Subsecao-da-OAB-\u2013-Araxa-pag-06-768x512.jpg 768w, http:\/\/blogdoarmindomaia.com.br\/wp-content\/uploads\/2024\/11\/Debora-de-Melo-Vale-e-reeleita-presidente-da-33a-Subsecao-da-OAB-\u2013-Araxa-pag-06-1536x1023.jpg 1536w, http:\/\/blogdoarmindomaia.com.br\/wp-content\/uploads\/2024\/11\/Debora-de-Melo-Vale-e-reeleita-presidente-da-33a-Subsecao-da-OAB-\u2013-Araxa-pag-06.jpg 1600w\" sizes=\"auto, (max-width: 1024px) 100vw, 1024px\" \/><\/figure>\n\n\n\n<p>A Chapa \u201cUnidos para Avan\u00e7ar\u201d, conquistou a vit\u00f3ria nas elei\u00e7\u00f5es da 33\u00aa Subse\u00e7\u00e3o da OAB\/MG \u2013 Arax\u00e1 com 302 votos ( de Arax\u00e1, Tapira e Perdizes) com um percentual de 77,24% dos votos v\u00e1lidos reafirmando o compromisso com a defesa dos direitos das advogadas e dos advogados, a promo\u00e7\u00e3o da justi\u00e7a e a moderniza\u00e7\u00e3o da advocacia. Esta elei\u00e7\u00e3o marcou um momento significativo na hist\u00f3ria da Ordem dos Advogados do Brasil &#8211; Seccional de Minas Gerais, sendo a primeira realizada de forma online. O resultado \u00e9 um marco importante para a institui\u00e7\u00e3o, refletindo a confian\u00e7a da classe na proposta de um trabalho mais unido, \u00e9tico e inovador. Com um time de profissionais comprometidos, a nova gest\u00e3o para o tri\u00eanio 2025\/2027 comandada pela Presidente, Dra. D\u00e9bora de Melo Vale, conta com William de Ara\u00fajo Rodrigues (Vice-presidente), Heligiane Cleice Pereira (Secret\u00e1ria Geral), Bruno Barbosa Borges (Secret\u00e1rio Adjunto), M\u00edriam Tereza Teixeira Ara\u00fajo Santiago (Tesoureira). Conselheiros: Daniel Vinicius Rosa, George dos Santos Pinheiro, J\u00e2nia Maria da Silva, Johnny Theodoro R. da Silva, Mariana Candini Bastos e Patr\u00edcia \u00c2ngela Barbosa. A nova Gest\u00e3o promete trabalhar incansavelmente para fortalecer ainda mais a OAB em suas diversas frentes, promover o aprimoramento constante da profiss\u00e3o e a defesa incans\u00e1vel das prerrogativas dos advogados e advogadas inscritas na Subse\u00e7\u00e3o. \u201cA vit\u00f3ria representa, acima de tudo, a confian\u00e7a dos colegas em um projeto voltado para o futuro da advocacia e para a constru\u00e7\u00e3o de um sistema jur\u00eddico mais justo e acess\u00edvel para todos. Queremos uma advocacia forte, unida e transformadora\u201d, destaca a presidente, reeleita.<\/p>\n\n\n\n<p>D\u00e9bora de Melo Vale, professora e advogada atuante na \u00e1rea civil h\u00e1 mais de 25 anos.<\/p>\n\n\n\n<p>\u00c9 apaixonada pela profiss\u00e3o e pela fam\u00edlia.<\/p>\n\n\n\n<p>O que faz o(a) presidente da OAB?<\/p>\n\n\n\n<p>O presidente da OAB coordena e dirige as atividades da organiza\u00e7\u00e3o, desenvolve rela\u00e7\u00f5es institucionais com \u00f3rg\u00e3os dos poderes Executivo, Legislativo e Judici\u00e1rio al\u00e9m, de institui\u00e7\u00f5es sociais e de ensino e defende os interesses da advocacia. O presidente tamb\u00e9m representa a advocacia em eventos e atividades oficiais, convoca e preside reuni\u00f5es, dentre outras fun\u00e7\u00f5es. Na OAB os presidentes, vice-presidentes e outros cargos da diretoria n\u00e3o recebem sal\u00e1rio nem subs\u00eddios para os cargos de diretoria, ou seja, s\u00e3o volunt\u00e1rios. Seccional de Minas Gerais da Ordem dos Advogados do Brasil (OAB-MG)<\/p>\n\n\n\n<p>Gustavo Chalfun foi eleito, presidente da Seccional de Minas Gerais da Ordem dos Advogados do Brasil (OAB-MG) para o tri\u00eanio&nbsp; 2025\/2027 e conquistou a vit\u00f3ria com 37.755 votos, correspondendo a 61,15% dos votos v\u00e1lidos. Os n\u00fameros representam a maior vota\u00e7\u00e3o dos 92 anos da seccional mineira.<\/p>\n\n\n\n<p>.<\/p>\n","protected":false},"excerpt":{"rendered":"<p>A Chapa \u201cUnidos para Avan\u00e7ar\u201d, conquistou a vit\u00f3ria nas elei\u00e7\u00f5es da 33\u00aa Subse\u00e7\u00e3o da OAB\/MG \u2013 Arax\u00e1 com 302 votos<\/p>\n","protected":false},"author":2,"featured_media":8003,"comment_status":"open","ping_status":"open","sticky":false,"template":"","format":"standard","meta":{"footnotes":""},"categories":[9,11],"tags":[],"class_list":["post-8002","post","type-post","status-publish","format-standard","has-post-thumbnail","hentry","category-araxa","category-destaques"],"_links":{"self":[{"href":"http:\/\/blogdoarmindomaia.com.br\/index.php?rest_route=\/wp\/v2\/posts\/8002","targetHints":{"allow":["GET"]}}],"collection":[{"href":"http:\/\/blogdoarmindomaia.com.br\/index.php?rest_route=\/wp\/v2\/posts"}],"about":[{"href":"http:\/\/blogdoarmindomaia.com.br\/index.php?rest_route=\/wp\/v2\/types\/post"}],"author":[{"embeddable":true,"href":"http:\/\/blogdoarmindomaia.com.br\/index.php?rest_route=\/wp\/v2\/users\/2"}],"replies":[{"embeddable":true,"href":"http:\/\/blogdoarmindomaia.com.br\/index.php?rest_route=%2Fwp%2Fv2%2Fcomments&post=8002"}],"version-history":[{"count":1,"href":"http:\/\/blogdoarmindomaia.com.br\/index.php?rest_route=\/wp\/v2\/posts\/8002\/revisions"}],"predecessor-version":[{"id":8004,"href":"http:\/\/blogdoarmindomaia.com.br\/index.php?rest_route=\/wp\/v2\/posts\/8002\/revisions\/8004"}],"wp:featuredmedia":[{"embeddable":true,"href":"http:\/\/blogdoarmindomaia.com.br\/index.php?rest_route=\/wp\/v2\/media\/8003"}],"wp:attachment":[{"href":"http:\/\/blogdoarmindomaia.com.br\/index.php?rest_route=%2Fwp%2Fv2%2Fmedia&parent=8002"}],"wp:term":[{"taxonomy":"category","embeddable":true,"href":"http:\/\/blogdoarmindomaia.com.br\/index.php?rest_route=%2Fwp%2Fv2%2Fcategories&post=8002"},{"taxonomy":"post_tag","embeddable":true,"href":"http:\/\/blogdoarmindomaia.com.br\/index.php?rest_route=%2Fwp%2Fv2%2Ftags&post=8002"}],"curies":[{"name":"wp","href":"https:\/\/api.w.org\/{rel}","templated":true}]}}