{"id":8005,"date":"2024-11-21T14:34:28","date_gmt":"2024-11-21T17:34:28","guid":{"rendered":"http:\/\/blogdoarmindomaia.com.br\/?p=8005"},"modified":"2024-11-21T14:34:30","modified_gmt":"2024-11-21T17:34:30","slug":"cdk-apresenta-o-18o-festival-de-danca-peter-pan-e-a-terra-do-nunca","status":"publish","type":"post","link":"http:\/\/blogdoarmindomaia.com.br\/?p=8005","title":{"rendered":"CDK apresenta o 18\u00ba Festival de Dan\u00e7a: Peter Pan e a Terra do Nunca"},"content":{"rendered":"\n<figure class=\"wp-block-image size-large\"><img loading=\"lazy\" decoding=\"async\" width=\"1024\" height=\"1024\" src=\"http:\/\/blogdoarmindomaia.com.br\/wp-content\/uploads\/2024\/11\/CDK-apresenta-o-18o-Festival-de-Danca-Peter-Pan-e-a-Terra-do-Nunca-pag-08-1-1024x1024.jpg\" alt=\"\" class=\"wp-image-8007\" srcset=\"http:\/\/blogdoarmindomaia.com.br\/wp-content\/uploads\/2024\/11\/CDK-apresenta-o-18o-Festival-de-Danca-Peter-Pan-e-a-Terra-do-Nunca-pag-08-1-1024x1024.jpg 1024w, http:\/\/blogdoarmindomaia.com.br\/wp-content\/uploads\/2024\/11\/CDK-apresenta-o-18o-Festival-de-Danca-Peter-Pan-e-a-Terra-do-Nunca-pag-08-1-300x300.jpg 300w, http:\/\/blogdoarmindomaia.com.br\/wp-content\/uploads\/2024\/11\/CDK-apresenta-o-18o-Festival-de-Danca-Peter-Pan-e-a-Terra-do-Nunca-pag-08-1-150x150.jpg 150w, http:\/\/blogdoarmindomaia.com.br\/wp-content\/uploads\/2024\/11\/CDK-apresenta-o-18o-Festival-de-Danca-Peter-Pan-e-a-Terra-do-Nunca-pag-08-1-768x768.jpg 768w, http:\/\/blogdoarmindomaia.com.br\/wp-content\/uploads\/2024\/11\/CDK-apresenta-o-18o-Festival-de-Danca-Peter-Pan-e-a-Terra-do-Nunca-pag-08-1.jpg 1080w\" sizes=\"auto, (max-width: 1024px) 100vw, 1024px\" \/><\/figure>\n\n\n\n<figure class=\"wp-block-image size-large\"><img loading=\"lazy\" decoding=\"async\" width=\"1024\" height=\"682\" src=\"http:\/\/blogdoarmindomaia.com.br\/wp-content\/uploads\/2024\/11\/CDK-apresenta-o-18o-Festival-de-Danca-Peter-Pan-e-a-Terra-do-Nunca-pag-08-1024x682.jpg\" alt=\"\" class=\"wp-image-8006\" srcset=\"http:\/\/blogdoarmindomaia.com.br\/wp-content\/uploads\/2024\/11\/CDK-apresenta-o-18o-Festival-de-Danca-Peter-Pan-e-a-Terra-do-Nunca-pag-08-1024x682.jpg 1024w, http:\/\/blogdoarmindomaia.com.br\/wp-content\/uploads\/2024\/11\/CDK-apresenta-o-18o-Festival-de-Danca-Peter-Pan-e-a-Terra-do-Nunca-pag-08-300x200.jpg 300w, http:\/\/blogdoarmindomaia.com.br\/wp-content\/uploads\/2024\/11\/CDK-apresenta-o-18o-Festival-de-Danca-Peter-Pan-e-a-Terra-do-Nunca-pag-08-768x512.jpg 768w, http:\/\/blogdoarmindomaia.com.br\/wp-content\/uploads\/2024\/11\/CDK-apresenta-o-18o-Festival-de-Danca-Peter-Pan-e-a-Terra-do-Nunca-pag-08-1536x1023.jpg 1536w, http:\/\/blogdoarmindomaia.com.br\/wp-content\/uploads\/2024\/11\/CDK-apresenta-o-18o-Festival-de-Danca-Peter-Pan-e-a-Terra-do-Nunca-pag-08.jpg 1600w\" sizes=\"auto, (max-width: 1024px) 100vw, 1024px\" \/><\/figure>\n\n\n\n<p>Dando continuidade \u00e0 tradi\u00e7\u00e3o de encantamento e express\u00e3o art\u00edstica, o Centro de Dan\u00e7as Kathak (CDK) convida o p\u00fablico de Arax\u00e1 e regi\u00e3o para o seu 18\u00ba Festival de Dan\u00e7a, que acontecer\u00e1 nos dias 30 de novembro e 1\u00ba de dezembro de 2024 no Teatro CBMM. Inspirado no m\u00e1gico universo de &#8220;Peter Pan e a Terra do Nunca&#8221;, o evento traz uma programa\u00e7\u00e3o repleta de emo\u00e7\u00f5es, reunindo cerca de 240 alunos de diferentes idades para apresenta\u00e7\u00f5es diversificadas que prometem encantar toda a fam\u00edlia.<\/p>\n\n\n\n<p><strong>Inova\u00e7\u00f5es que Elevam o Espet\u00e1culo<br><\/strong>Ap\u00f3s o sucesso do festival &#8220;Cinderella\u2019s&#8221; em 2023, onde pain\u00e9is de LED trouxeram um cen\u00e1rio din\u00e2mico e imersivo ao palco, o CDK continua inovando. Este ano, al\u00e9m dos pain\u00e9is de LED que exibem imagens e v\u00eddeos que enriquecem a narrativa e complementam as performances dos dan\u00e7arinos, o festival conta com uma novidade ainda mais ousada: o voo c\u00eanico. Pela primeira vez em Arax\u00e1, personagens ic\u00f4nicos de Peter Pan voar\u00e3o sobre o palco em todas as sess\u00f5es, criando uma experi\u00eancia m\u00e1gica e in\u00e9dita para o p\u00fablico. O CDK \u00e9 a primeira escola de dan\u00e7a da regi\u00e3o a utilizar essa t\u00e9cnica inovadora, garantindo um espet\u00e1culo que ficar\u00e1 marcado na mem\u00f3ria dos espectadores.<\/p>\n\n\n\n<p><strong>Uma Noite M\u00e1gica para Todas as Idades<br><\/strong>Com cinco apresenta\u00e7\u00f5es ao longo de dois dias, o p\u00fablico poder\u00e1 embarcar em uma jornada pelos encantos da Terra do Nunca, atrav\u00e9s de coreografias que exploram bal\u00e9 cl\u00e1ssico, jazz dance, dan\u00e7as urbanas e sapateado. Dividido em diferentes hor\u00e1rios e modalidades, o festival oferece um espet\u00e1culo especial para cada gosto e faixa et\u00e1ria.<\/p>\n\n\n\n<p><strong>Um Festival Interativo e Inclusivo<br><\/strong>O Teatro CBMM, localizado em Arax\u00e1, receber\u00e1 o evento com sua estrutura moderna e adaptada para garantir a acessibilidade de todos os visitantes. Al\u00e9m das apresenta\u00e7\u00f5es, o festival contar\u00e1 com uma s\u00e9rie de atra\u00e7\u00f5es pensadas para enriquecer a experi\u00eancia do p\u00fablico. Entre as \u00e1reas tem\u00e1ticas, os visitantes encontrar\u00e3o o &#8220;Esconderijo dos Garotos Perdidos&#8221; (playground) para as crian\u00e7as e a &#8220;Ba\u00eda das Sereias&#8221; (stand de roupas e acess\u00f3rios), al\u00e9m de uma pra\u00e7a de alimenta\u00e7\u00e3o variada, cabine de fotos e um espa\u00e7o interativo para recarga de celulares.<\/p>\n\n\n\n<p><strong>Programa\u00e7\u00e3o Completa e Variedade de Estilos<br><\/strong>A programa\u00e7\u00e3o do festival \u00e9 uma celebra\u00e7\u00e3o da dan\u00e7a em suas diversas formas, com cada espet\u00e1culo trazendo uma abordagem \u00fanica do mundo de Peter Pan:<\/p>\n\n\n\n<p>Para mais informa\u00e7\u00f5es, ingressos ou parceria com o festival, entre em contato com a equipe do Centro de Dan\u00e7as Kathak pelo telefone (34) 9 8849-3513 ou siga o perfil @centrocdk no Instagram.<\/p>\n","protected":false},"excerpt":{"rendered":"<p>Dando continuidade \u00e0 tradi\u00e7\u00e3o de encantamento e express\u00e3o art\u00edstica, o Centro de Dan\u00e7as Kathak (CDK) convida o p\u00fablico de Arax\u00e1<\/p>\n","protected":false},"author":2,"featured_media":8007,"comment_status":"open","ping_status":"open","sticky":false,"template":"","format":"standard","meta":{"footnotes":""},"categories":[9,5,11],"tags":[],"class_list":["post-8005","post","type-post","status-publish","format-standard","has-post-thumbnail","hentry","category-araxa","category-arte-e-cultura","category-destaques"],"_links":{"self":[{"href":"http:\/\/blogdoarmindomaia.com.br\/index.php?rest_route=\/wp\/v2\/posts\/8005","targetHints":{"allow":["GET"]}}],"collection":[{"href":"http:\/\/blogdoarmindomaia.com.br\/index.php?rest_route=\/wp\/v2\/posts"}],"about":[{"href":"http:\/\/blogdoarmindomaia.com.br\/index.php?rest_route=\/wp\/v2\/types\/post"}],"author":[{"embeddable":true,"href":"http:\/\/blogdoarmindomaia.com.br\/index.php?rest_route=\/wp\/v2\/users\/2"}],"replies":[{"embeddable":true,"href":"http:\/\/blogdoarmindomaia.com.br\/index.php?rest_route=%2Fwp%2Fv2%2Fcomments&post=8005"}],"version-history":[{"count":1,"href":"http:\/\/blogdoarmindomaia.com.br\/index.php?rest_route=\/wp\/v2\/posts\/8005\/revisions"}],"predecessor-version":[{"id":8008,"href":"http:\/\/blogdoarmindomaia.com.br\/index.php?rest_route=\/wp\/v2\/posts\/8005\/revisions\/8008"}],"wp:featuredmedia":[{"embeddable":true,"href":"http:\/\/blogdoarmindomaia.com.br\/index.php?rest_route=\/wp\/v2\/media\/8007"}],"wp:attachment":[{"href":"http:\/\/blogdoarmindomaia.com.br\/index.php?rest_route=%2Fwp%2Fv2%2Fmedia&parent=8005"}],"wp:term":[{"taxonomy":"category","embeddable":true,"href":"http:\/\/blogdoarmindomaia.com.br\/index.php?rest_route=%2Fwp%2Fv2%2Fcategories&post=8005"},{"taxonomy":"post_tag","embeddable":true,"href":"http:\/\/blogdoarmindomaia.com.br\/index.php?rest_route=%2Fwp%2Fv2%2Ftags&post=8005"}],"curies":[{"name":"wp","href":"https:\/\/api.w.org\/{rel}","templated":true}]}}