{"id":8017,"date":"2024-11-27T11:31:52","date_gmt":"2024-11-27T14:31:52","guid":{"rendered":"http:\/\/blogdoarmindomaia.com.br\/?p=8017"},"modified":"2024-11-27T11:31:54","modified_gmt":"2024-11-27T14:31:54","slug":"comercio-de-araxa-tera-horario-especial-de-natal-a-partir-do-dia-11","status":"publish","type":"post","link":"http:\/\/blogdoarmindomaia.com.br\/?p=8017","title":{"rendered":"Comercio de Arax\u00e1 ter\u00e1 hor\u00e1rio especial de natal a partir do dia 11"},"content":{"rendered":"\n<figure class=\"wp-block-image size-full\"><img loading=\"lazy\" decoding=\"async\" width=\"708\" height=\"460\" src=\"http:\/\/blogdoarmindomaia.com.br\/wp-content\/uploads\/2024\/11\/Comercio-de-Araxa-tera-horario-especial-de-natal-a-partir-do-dia-11-pag-09.jpg\" alt=\"\" class=\"wp-image-8018\" srcset=\"http:\/\/blogdoarmindomaia.com.br\/wp-content\/uploads\/2024\/11\/Comercio-de-Araxa-tera-horario-especial-de-natal-a-partir-do-dia-11-pag-09.jpg 708w, http:\/\/blogdoarmindomaia.com.br\/wp-content\/uploads\/2024\/11\/Comercio-de-Araxa-tera-horario-especial-de-natal-a-partir-do-dia-11-pag-09-300x195.jpg 300w\" sizes=\"auto, (max-width: 708px) 100vw, 708px\" \/><\/figure>\n\n\n\n<p>A dire\u00e7\u00e3o do Sindicom\u00e9rcio de Arax\u00e1, j\u00e1 divulgou o hor\u00e1rio especial do com\u00e9rcio de Arax\u00e1 para o per\u00edodo natalino. A expectativa, \u00e9 que com a ilumina\u00e7\u00e3o de natal nas principais vias e pra\u00e7as do centro da cidade, onde se concentra a maior parte das lojas e servi\u00e7os; \u00e9 que os neg\u00f3cios e vendas possam superar o que foi apurado no mesmo per\u00edodo do ano passado. J\u00e1 com todas as negocia\u00e7\u00f5es acertadas entre os sindicatos patronal e dos empregados no comercio, o hor\u00e1rio especial\u00a0 de natal do com\u00e9rcio em Arax\u00e1, ter\u00e1 in\u00edcio no dia 11 de dezembro. Confira:<\/p>\n\n\n\n<figure class=\"wp-block-image size-large\"><img loading=\"lazy\" decoding=\"async\" width=\"1024\" height=\"1024\" src=\"http:\/\/blogdoarmindomaia.com.br\/wp-content\/uploads\/2024\/11\/Tabela-de-horario-1024x1024.jpg\" alt=\"\" class=\"wp-image-8019\" srcset=\"http:\/\/blogdoarmindomaia.com.br\/wp-content\/uploads\/2024\/11\/Tabela-de-horario-1024x1024.jpg 1024w, http:\/\/blogdoarmindomaia.com.br\/wp-content\/uploads\/2024\/11\/Tabela-de-horario-300x300.jpg 300w, http:\/\/blogdoarmindomaia.com.br\/wp-content\/uploads\/2024\/11\/Tabela-de-horario-150x150.jpg 150w, http:\/\/blogdoarmindomaia.com.br\/wp-content\/uploads\/2024\/11\/Tabela-de-horario-768x768.jpg 768w, http:\/\/blogdoarmindomaia.com.br\/wp-content\/uploads\/2024\/11\/Tabela-de-horario.jpg 1080w\" sizes=\"auto, (max-width: 1024px) 100vw, 1024px\" \/><\/figure>\n","protected":false},"excerpt":{"rendered":"<p>A dire\u00e7\u00e3o do Sindicom\u00e9rcio de Arax\u00e1, j\u00e1 divulgou o hor\u00e1rio especial do com\u00e9rcio de Arax\u00e1 para o per\u00edodo natalino. A<\/p>\n","protected":false},"author":2,"featured_media":8018,"comment_status":"open","ping_status":"open","sticky":false,"template":"","format":"standard","meta":{"footnotes":""},"categories":[9,11],"tags":[],"class_list":["post-8017","post","type-post","status-publish","format-standard","has-post-thumbnail","hentry","category-araxa","category-destaques"],"_links":{"self":[{"href":"http:\/\/blogdoarmindomaia.com.br\/index.php?rest_route=\/wp\/v2\/posts\/8017","targetHints":{"allow":["GET"]}}],"collection":[{"href":"http:\/\/blogdoarmindomaia.com.br\/index.php?rest_route=\/wp\/v2\/posts"}],"about":[{"href":"http:\/\/blogdoarmindomaia.com.br\/index.php?rest_route=\/wp\/v2\/types\/post"}],"author":[{"embeddable":true,"href":"http:\/\/blogdoarmindomaia.com.br\/index.php?rest_route=\/wp\/v2\/users\/2"}],"replies":[{"embeddable":true,"href":"http:\/\/blogdoarmindomaia.com.br\/index.php?rest_route=%2Fwp%2Fv2%2Fcomments&post=8017"}],"version-history":[{"count":1,"href":"http:\/\/blogdoarmindomaia.com.br\/index.php?rest_route=\/wp\/v2\/posts\/8017\/revisions"}],"predecessor-version":[{"id":8020,"href":"http:\/\/blogdoarmindomaia.com.br\/index.php?rest_route=\/wp\/v2\/posts\/8017\/revisions\/8020"}],"wp:featuredmedia":[{"embeddable":true,"href":"http:\/\/blogdoarmindomaia.com.br\/index.php?rest_route=\/wp\/v2\/media\/8018"}],"wp:attachment":[{"href":"http:\/\/blogdoarmindomaia.com.br\/index.php?rest_route=%2Fwp%2Fv2%2Fmedia&parent=8017"}],"wp:term":[{"taxonomy":"category","embeddable":true,"href":"http:\/\/blogdoarmindomaia.com.br\/index.php?rest_route=%2Fwp%2Fv2%2Fcategories&post=8017"},{"taxonomy":"post_tag","embeddable":true,"href":"http:\/\/blogdoarmindomaia.com.br\/index.php?rest_route=%2Fwp%2Fv2%2Ftags&post=8017"}],"curies":[{"name":"wp","href":"https:\/\/api.w.org\/{rel}","templated":true}]}}