{"id":8021,"date":"2024-11-27T17:03:46","date_gmt":"2024-11-27T20:03:46","guid":{"rendered":"http:\/\/blogdoarmindomaia.com.br\/?p=8021"},"modified":"2024-11-27T17:03:48","modified_gmt":"2024-11-27T20:03:48","slug":"robson-vai-a-brasilia-em-busca-de-recursos-para-canalizacao-de-corrego-e-construcao-de-hospital","status":"publish","type":"post","link":"http:\/\/blogdoarmindomaia.com.br\/?p=8021","title":{"rendered":"Robson vai \u00e0 Bras\u00edlia em busca de recursos para canaliza\u00e7\u00e3o de C\u00f3rrego e constru\u00e7\u00e3o de Hospital"},"content":{"rendered":"\n<figure class=\"wp-block-image size-large\"><img loading=\"lazy\" decoding=\"async\" width=\"1024\" height=\"576\" src=\"http:\/\/blogdoarmindomaia.com.br\/wp-content\/uploads\/2024\/11\/Robson-vai-a-Brasilia-em-busca-de-recursos-para-canalizacao-de-Corrego-pag-15-1024x576.jpeg\" alt=\"\" class=\"wp-image-8022\" srcset=\"http:\/\/blogdoarmindomaia.com.br\/wp-content\/uploads\/2024\/11\/Robson-vai-a-Brasilia-em-busca-de-recursos-para-canalizacao-de-Corrego-pag-15-1024x576.jpeg 1024w, http:\/\/blogdoarmindomaia.com.br\/wp-content\/uploads\/2024\/11\/Robson-vai-a-Brasilia-em-busca-de-recursos-para-canalizacao-de-Corrego-pag-15-300x169.jpeg 300w, http:\/\/blogdoarmindomaia.com.br\/wp-content\/uploads\/2024\/11\/Robson-vai-a-Brasilia-em-busca-de-recursos-para-canalizacao-de-Corrego-pag-15-768x432.jpeg 768w, http:\/\/blogdoarmindomaia.com.br\/wp-content\/uploads\/2024\/11\/Robson-vai-a-Brasilia-em-busca-de-recursos-para-canalizacao-de-Corrego-pag-15-1536x864.jpeg 1536w, http:\/\/blogdoarmindomaia.com.br\/wp-content\/uploads\/2024\/11\/Robson-vai-a-Brasilia-em-busca-de-recursos-para-canalizacao-de-Corrego-pag-15.jpeg 1600w\" sizes=\"auto, (max-width: 1024px) 100vw, 1024px\" \/><\/figure>\n\n\n\n<p>O prefeito de Arax\u00e1, Robson Magela, est\u00e1 nesta semana em Bras\u00edlia em busca de recursos para importantes projetos do munic\u00edpio. A agenda incluiu reuni\u00f5es no Minist\u00e9rio das Cidades, no Minist\u00e9rio da Sa\u00fade e na C\u00e2mara dos Deputados (com o deputado federal M\u00e1rio Heringer), onde foram apresentadas demandas relacionadas \u00e0 canaliza\u00e7\u00e3o do C\u00f3rrego Grande e \u00e0 constru\u00e7\u00e3o do Hospital Municipal. \u00a0A canaliza\u00e7\u00e3o do C\u00f3rrego Grande \u00e9 uma obra essencial para a infraestrutura da cidade. No total, s\u00e3o necess\u00e1rios 3,1 km de interven\u00e7\u00e3o, sendo que a primeira etapa, com extens\u00e3o de 800 metros, j\u00e1 est\u00e1 garantida. O recurso de R$ 32.314.699,62, oriundo do Novo PAC \u2013 Cidades Sustent\u00e1veis e Resilientes, \u00a0ser\u00e1 utilizado para a fase inicial. O prefeito quer viabilizar o mais r\u00e1pido poss\u00edvel a libera\u00e7\u00e3o dos recursos para o in\u00edcio das obras. \u00a0 Outro destaque da agenda \u00e9 a busca por verbas para a constru\u00e7\u00e3o do Hospital Municipal. O projeto prev\u00ea uma estrutura de 22 mil m\u00b2 e 200 leitos, localizada pr\u00f3xima \u00e0 Unidade de Pronto Atendimento (UPA), no bairro Vila Jardim. A nova unidade \u00e9 vista como uma solu\u00e7\u00e3o para ampliar a capacidade de atendimento em sa\u00fade no munic\u00edpio, suprindo a crescente demanda da popula\u00e7\u00e3o.<\/p>\n","protected":false},"excerpt":{"rendered":"<p>O prefeito de Arax\u00e1, Robson Magela, est\u00e1 nesta semana em Bras\u00edlia em busca de recursos para importantes projetos do munic\u00edpio.<\/p>\n","protected":false},"author":2,"featured_media":8022,"comment_status":"open","ping_status":"open","sticky":false,"template":"","format":"standard","meta":{"footnotes":""},"categories":[9,11],"tags":[],"class_list":["post-8021","post","type-post","status-publish","format-standard","has-post-thumbnail","hentry","category-araxa","category-destaques"],"_links":{"self":[{"href":"http:\/\/blogdoarmindomaia.com.br\/index.php?rest_route=\/wp\/v2\/posts\/8021","targetHints":{"allow":["GET"]}}],"collection":[{"href":"http:\/\/blogdoarmindomaia.com.br\/index.php?rest_route=\/wp\/v2\/posts"}],"about":[{"href":"http:\/\/blogdoarmindomaia.com.br\/index.php?rest_route=\/wp\/v2\/types\/post"}],"author":[{"embeddable":true,"href":"http:\/\/blogdoarmindomaia.com.br\/index.php?rest_route=\/wp\/v2\/users\/2"}],"replies":[{"embeddable":true,"href":"http:\/\/blogdoarmindomaia.com.br\/index.php?rest_route=%2Fwp%2Fv2%2Fcomments&post=8021"}],"version-history":[{"count":1,"href":"http:\/\/blogdoarmindomaia.com.br\/index.php?rest_route=\/wp\/v2\/posts\/8021\/revisions"}],"predecessor-version":[{"id":8023,"href":"http:\/\/blogdoarmindomaia.com.br\/index.php?rest_route=\/wp\/v2\/posts\/8021\/revisions\/8023"}],"wp:featuredmedia":[{"embeddable":true,"href":"http:\/\/blogdoarmindomaia.com.br\/index.php?rest_route=\/wp\/v2\/media\/8022"}],"wp:attachment":[{"href":"http:\/\/blogdoarmindomaia.com.br\/index.php?rest_route=%2Fwp%2Fv2%2Fmedia&parent=8021"}],"wp:term":[{"taxonomy":"category","embeddable":true,"href":"http:\/\/blogdoarmindomaia.com.br\/index.php?rest_route=%2Fwp%2Fv2%2Fcategories&post=8021"},{"taxonomy":"post_tag","embeddable":true,"href":"http:\/\/blogdoarmindomaia.com.br\/index.php?rest_route=%2Fwp%2Fv2%2Ftags&post=8021"}],"curies":[{"name":"wp","href":"https:\/\/api.w.org\/{rel}","templated":true}]}}