{"id":8041,"date":"2024-12-06T23:31:52","date_gmt":"2024-12-07T02:31:52","guid":{"rendered":"http:\/\/blogdoarmindomaia.com.br\/?p=8041"},"modified":"2024-12-06T23:31:55","modified_gmt":"2024-12-07T02:31:55","slug":"governo-de-minas-e-prefeitura-de-araxa-celebram-o-titulo-de-patrimonio-cultural-imaterial-da-humanidade-dos-modos-de-fazer-o-queijo-minas-artesanal","status":"publish","type":"post","link":"http:\/\/blogdoarmindomaia.com.br\/?p=8041","title":{"rendered":"Governo de Minas e Prefeitura de Arax\u00e1 celebram o t\u00edtulo de Patrim\u00f4nio Cultural Imaterial da Humanidade dos Modos de Fazer o Queijo Minas Artesanal"},"content":{"rendered":"\n<figure class=\"wp-block-image size-full\"><img loading=\"lazy\" decoding=\"async\" width=\"255\" height=\"197\" src=\"http:\/\/blogdoarmindomaia.com.br\/wp-content\/uploads\/2024\/12\/QUEIJO-5.jpeg\" alt=\"\" class=\"wp-image-8042\"\/><\/figure>\n\n\n\n<p>O Governo de Minas, por meio da Secretaria de Estado de Cultura e Turismo (Secult-MG), do Instituto Estadual do Patrim\u00f4nio Hist\u00f3rico e Art\u00edstico de Minas Gerais (Iepha-MG) e da Companhia de Desenvolvimento Econ\u00f4mico de Minas Gerais (Codemge), e a Prefeitura de Arax\u00e1, por meio da Funda\u00e7\u00e3o Cultural Calmon Barreto e da Secretaria de Desenvolvimento Econ\u00f4mico, Inova\u00e7\u00e3o e Turismo, celebram, neste s\u00e1bado (7\/12), o reconhecimento dos Modos de Fazer o Queijo Minas Artesanal como Patrim\u00f4nio Cultural Imaterial da Humanidade pela Unesco.<\/p>\n\n\n\n<p>O t\u00edtulo ser\u00e1 comemorado com um show de drones nos c\u00e9us de Arax\u00e1, projetando imagens de s\u00edmbolos da cultura mineira. O espet\u00e1culo ter\u00e1 in\u00edcio \u00e0s 20h30. Recomendamos aos ve\u00edculos de imprensa que cheguem com 30 minutos de anteced\u00eancia para posicionarem seus equipamentos. O secret\u00e1rio de Estado de Cultura e Turismo de Minas Gerais, Le\u00f4nidas de Oliveira, participar\u00e1 da festividade e estar\u00e1 dispon\u00edvel para atendimento \u00e0 imprensa.<\/p>\n\n\n\n<p>Data: 7\/12\/2024 (s\u00e1bado)<br>Hor\u00e1rio: 20h30<br>Local: Pra\u00e7a Governador Valadares, Centro, Arax\u00e1<\/p>\n","protected":false},"excerpt":{"rendered":"<p>O Governo de Minas, por meio da Secretaria de Estado de Cultura e Turismo (Secult-MG), do Instituto Estadual do Patrim\u00f4nio<\/p>\n","protected":false},"author":2,"featured_media":8042,"comment_status":"open","ping_status":"open","sticky":false,"template":"","format":"standard","meta":{"footnotes":""},"categories":[9,11,16],"tags":[],"class_list":["post-8041","post","type-post","status-publish","format-standard","has-post-thumbnail","hentry","category-araxa","category-destaques","category-gastronomia"],"_links":{"self":[{"href":"http:\/\/blogdoarmindomaia.com.br\/index.php?rest_route=\/wp\/v2\/posts\/8041","targetHints":{"allow":["GET"]}}],"collection":[{"href":"http:\/\/blogdoarmindomaia.com.br\/index.php?rest_route=\/wp\/v2\/posts"}],"about":[{"href":"http:\/\/blogdoarmindomaia.com.br\/index.php?rest_route=\/wp\/v2\/types\/post"}],"author":[{"embeddable":true,"href":"http:\/\/blogdoarmindomaia.com.br\/index.php?rest_route=\/wp\/v2\/users\/2"}],"replies":[{"embeddable":true,"href":"http:\/\/blogdoarmindomaia.com.br\/index.php?rest_route=%2Fwp%2Fv2%2Fcomments&post=8041"}],"version-history":[{"count":1,"href":"http:\/\/blogdoarmindomaia.com.br\/index.php?rest_route=\/wp\/v2\/posts\/8041\/revisions"}],"predecessor-version":[{"id":8043,"href":"http:\/\/blogdoarmindomaia.com.br\/index.php?rest_route=\/wp\/v2\/posts\/8041\/revisions\/8043"}],"wp:featuredmedia":[{"embeddable":true,"href":"http:\/\/blogdoarmindomaia.com.br\/index.php?rest_route=\/wp\/v2\/media\/8042"}],"wp:attachment":[{"href":"http:\/\/blogdoarmindomaia.com.br\/index.php?rest_route=%2Fwp%2Fv2%2Fmedia&parent=8041"}],"wp:term":[{"taxonomy":"category","embeddable":true,"href":"http:\/\/blogdoarmindomaia.com.br\/index.php?rest_route=%2Fwp%2Fv2%2Fcategories&post=8041"},{"taxonomy":"post_tag","embeddable":true,"href":"http:\/\/blogdoarmindomaia.com.br\/index.php?rest_route=%2Fwp%2Fv2%2Ftags&post=8041"}],"curies":[{"name":"wp","href":"https:\/\/api.w.org\/{rel}","templated":true}]}}