{"id":8049,"date":"2024-12-10T15:35:39","date_gmt":"2024-12-10T18:35:39","guid":{"rendered":"http:\/\/blogdoarmindomaia.com.br\/?p=8049"},"modified":"2024-12-10T15:35:42","modified_gmt":"2024-12-10T18:35:42","slug":"noite-especial-marca-o-lancamento-do-primeiro-livro-do-poeta-araxaense-cesar","status":"publish","type":"post","link":"http:\/\/blogdoarmindomaia.com.br\/?p=8049","title":{"rendered":"Noite especial marca o lan\u00e7amento do primeiro livro do poeta araxaense C\u00e9sar"},"content":{"rendered":"\n<figure class=\"wp-block-image size-large\"><img loading=\"lazy\" decoding=\"async\" width=\"682\" height=\"1024\" src=\"http:\/\/blogdoarmindomaia.com.br\/wp-content\/uploads\/2024\/12\/Noite-especial-marca-o-lancamento-do-primeiro-livro-do-poeta-araxaense-Cesar-pag-06-682x1024.jpg\" alt=\"\" class=\"wp-image-8050\" srcset=\"http:\/\/blogdoarmindomaia.com.br\/wp-content\/uploads\/2024\/12\/Noite-especial-marca-o-lancamento-do-primeiro-livro-do-poeta-araxaense-Cesar-pag-06-682x1024.jpg 682w, http:\/\/blogdoarmindomaia.com.br\/wp-content\/uploads\/2024\/12\/Noite-especial-marca-o-lancamento-do-primeiro-livro-do-poeta-araxaense-Cesar-pag-06-200x300.jpg 200w, http:\/\/blogdoarmindomaia.com.br\/wp-content\/uploads\/2024\/12\/Noite-especial-marca-o-lancamento-do-primeiro-livro-do-poeta-araxaense-Cesar-pag-06-768x1153.jpg 768w, http:\/\/blogdoarmindomaia.com.br\/wp-content\/uploads\/2024\/12\/Noite-especial-marca-o-lancamento-do-primeiro-livro-do-poeta-araxaense-Cesar-pag-06-1023x1536.jpg 1023w, http:\/\/blogdoarmindomaia.com.br\/wp-content\/uploads\/2024\/12\/Noite-especial-marca-o-lancamento-do-primeiro-livro-do-poeta-araxaense-Cesar-pag-06.jpg 1066w\" sizes=\"auto, (max-width: 682px) 100vw, 682px\" \/><\/figure>\n\n\n\n<p><em>O evento foi na Biblioteca Municipal Viriato Corr\u00eaa<\/em><\/p>\n\n\n\n<p>Um bate papo informal com o escritor e jornalista Luiz Humberto Fran\u00e7a marcou a abertura do lan\u00e7amento, no \u00faltimo dia 9. Durante a conversa, Cesar apresentou a obra para os presentes, falou sobre o processo de cria\u00e7\u00e3o e os detalhes da produ\u00e7\u00e3o do livro. \u201cA inspira\u00e7\u00e3o sempre vem de momentos de tranquilidade ou a partir de situa\u00e7\u00f5es especiais que me levam a escrever. Venho reunindo poesias h\u00e1 alguns anos e incentivado por parentes e amigos resolvi publicar\u201d, comenta C\u00e9sar. &nbsp;<\/p>\n\n\n\n<p>Falando aos presentes, a diretora da Biblioteca Municipal Viriato Corr\u00eaa, Maria Clara Fonseca, refor\u00e7ou que a unidade estar\u00e1 sempre aberta para apoiar todos escritores, em especial quem est\u00e1 iniciado na carreira liter\u00e1ria e precisa de apoio. Em seguida, a poesia que d\u00e1 t\u00edtulo ao livro, Senhores dos Ares, foi lida pela convidada Renata Resende, emocionando a todos. O presidente da Academia Araxaense de Letras, Hermes Hon\u00f3rio da Costa, finalizou a primeira parte dando as boas-vindas e sucesso ao novo escritor que vem fortalecer a literatura local.<\/p>\n\n\n\n<p>Na sess\u00e3o de aut\u00f3grafos C\u00e9sar, acompanhado de familiares, conversou e compartilhou o livro com parentes e amigos. Senhores dos Ares foi produzido pela editora Gestalt de Arax\u00e1, no formato 14 x 21, com 98 p\u00e1ginas e j\u00e1 est\u00e1 \u00e0 venda na Livraria Nobel. O lan\u00e7amento contou com apoio da Biblioteca Municipal Viriato Corr\u00eaa e Prefeitura Municipal de Arax\u00e1.<\/p>\n\n\n\n<p><strong>Sobre o autor<\/strong><\/p>\n\n\n\n<p>Natural de Arax\u00e1, onde reside, \u00e9 primog\u00eanito de uma grande fam\u00edlia com dez irm\u00e3os e \u00e9 pai de dois filhos.&nbsp; Para ajudar a fam\u00edlia, come\u00e7ou a trabalhar aos doze anos fazendo pequenos servi\u00e7os, como cuidar de jardins e entregando marmitas. Mais tarde, formado em t\u00e9cnico de contabilidade seguiu sua carreira, foi funcion\u00e1rio da CEMIG e atualmente \u00e9 corretor de im\u00f3veis da REMAX Nascentes.<\/p>\n","protected":false},"excerpt":{"rendered":"<p>O evento foi na Biblioteca Municipal Viriato Corr\u00eaa Um bate papo informal com o escritor e jornalista Luiz Humberto Fran\u00e7a<\/p>\n","protected":false},"author":2,"featured_media":8050,"comment_status":"open","ping_status":"open","sticky":false,"template":"","format":"standard","meta":{"footnotes":""},"categories":[9,5],"tags":[],"class_list":["post-8049","post","type-post","status-publish","format-standard","has-post-thumbnail","hentry","category-araxa","category-arte-e-cultura"],"_links":{"self":[{"href":"http:\/\/blogdoarmindomaia.com.br\/index.php?rest_route=\/wp\/v2\/posts\/8049","targetHints":{"allow":["GET"]}}],"collection":[{"href":"http:\/\/blogdoarmindomaia.com.br\/index.php?rest_route=\/wp\/v2\/posts"}],"about":[{"href":"http:\/\/blogdoarmindomaia.com.br\/index.php?rest_route=\/wp\/v2\/types\/post"}],"author":[{"embeddable":true,"href":"http:\/\/blogdoarmindomaia.com.br\/index.php?rest_route=\/wp\/v2\/users\/2"}],"replies":[{"embeddable":true,"href":"http:\/\/blogdoarmindomaia.com.br\/index.php?rest_route=%2Fwp%2Fv2%2Fcomments&post=8049"}],"version-history":[{"count":1,"href":"http:\/\/blogdoarmindomaia.com.br\/index.php?rest_route=\/wp\/v2\/posts\/8049\/revisions"}],"predecessor-version":[{"id":8051,"href":"http:\/\/blogdoarmindomaia.com.br\/index.php?rest_route=\/wp\/v2\/posts\/8049\/revisions\/8051"}],"wp:featuredmedia":[{"embeddable":true,"href":"http:\/\/blogdoarmindomaia.com.br\/index.php?rest_route=\/wp\/v2\/media\/8050"}],"wp:attachment":[{"href":"http:\/\/blogdoarmindomaia.com.br\/index.php?rest_route=%2Fwp%2Fv2%2Fmedia&parent=8049"}],"wp:term":[{"taxonomy":"category","embeddable":true,"href":"http:\/\/blogdoarmindomaia.com.br\/index.php?rest_route=%2Fwp%2Fv2%2Fcategories&post=8049"},{"taxonomy":"post_tag","embeddable":true,"href":"http:\/\/blogdoarmindomaia.com.br\/index.php?rest_route=%2Fwp%2Fv2%2Ftags&post=8049"}],"curies":[{"name":"wp","href":"https:\/\/api.w.org\/{rel}","templated":true}]}}