{"id":8052,"date":"2024-12-10T15:51:33","date_gmt":"2024-12-10T18:51:33","guid":{"rendered":"http:\/\/blogdoarmindomaia.com.br\/?p=8052"},"modified":"2024-12-10T15:51:44","modified_gmt":"2024-12-10T18:51:44","slug":"o-adeus-a-francisco-matias-o-tenente-araxaense-foi-pracinha-da-feb-na-segunda-guerra-mundial","status":"publish","type":"post","link":"http:\/\/blogdoarmindomaia.com.br\/?p=8052","title":{"rendered":"O adeus \u00e1 Francisco Matias: o Tenente araxaense foi pracinha da FEB na segunda guerra mundial\u00a0\u00a0"},"content":{"rendered":"\n<figure class=\"wp-block-image size-full\"><img loading=\"lazy\" decoding=\"async\" width=\"1024\" height=\"740\" src=\"http:\/\/blogdoarmindomaia.com.br\/wp-content\/uploads\/2024\/12\/O-adeus-a-Francisco-Matias-pag-10.jpeg\" alt=\"\" class=\"wp-image-8053\" srcset=\"http:\/\/blogdoarmindomaia.com.br\/wp-content\/uploads\/2024\/12\/O-adeus-a-Francisco-Matias-pag-10.jpeg 1024w, http:\/\/blogdoarmindomaia.com.br\/wp-content\/uploads\/2024\/12\/O-adeus-a-Francisco-Matias-pag-10-300x217.jpeg 300w, http:\/\/blogdoarmindomaia.com.br\/wp-content\/uploads\/2024\/12\/O-adeus-a-Francisco-Matias-pag-10-768x555.jpeg 768w\" sizes=\"auto, (max-width: 1024px) 100vw, 1024px\" \/><\/figure>\n\n\n\n<p>A Prefeitura de Arax\u00e1 decretou luto oficial de tr\u00eas dias, nos dias 9, 10 e 11 de dezembro de 2024, em sinal de pesar pelo falecimento de Francisco Matias de Oliveira, conhecido como \u201cPracinha\u201d. O decreto reconhece a import\u00e2ncia hist\u00f3rica e o legado deixado pelo ex-combatente da For\u00e7a Expedicion\u00e1ria Brasileira (FEB) durante a Segunda Guerra Mundial. Francisco, que faleceu no \u00faltimo s\u00e1bado (9), era uma figura admirada em Arax\u00e1. Al\u00e9m de sua participa\u00e7\u00e3o heroica na defesa da P\u00e1tria, ele serviu como exemplo de vida e dedica\u00e7\u00e3o \u00e0 coletividade. Deixa filhos, netos, bisnetos e tataranetos e ser\u00e1 sempre lembrado como um s\u00edmbolo de coragem e patriotismo. O luto oficial reflete o sentimento de consterna\u00e7\u00e3o da comunidade araxaense pela perda de um personagem marcante na hist\u00f3ria local e nacional. A mem\u00f3ria de Francisco Matias continuar\u00e1 viva como inspira\u00e7\u00e3o para as futuras gera\u00e7\u00f5es.<br><br>&#8211; Nome: Francisco Matias de Oliveira.<br>&#8211; Data de nascimento: 28\/11\/1921 (103 anos).<br>&#8211; Filhos: Padre S\u00e9rgio M\u00e1rcio de Oliveira, Maria de Lourdes Costa (in memoriam), Dermeval Barcelos de Oliveira, Francisco Matias Filho (in memoriam), Maria Lucila Oliveira Correia e Maria Cristina de Oliveira Barreto.<br>&#8211; 13 netos, 33 bisnetos e 6 tataranetos.<br>&#8211; Francisco Matias de Oliveira era 2\u00ba Tenente Reformado e fez parte do grupamento da For\u00e7a Expedicion\u00e1ria Brasileira (FEB). Ele era carinhosamente chamado de \u201cPracinha\u201d, apelido dado aos mais de 25 mil combatentes do Ex\u00e9rcito que cruzaram o Atl\u00e2ntico para defender e honrar a nossa P\u00e1tria na 2\u00aa Guerra Mundial.<br>&#8211; Outros oito araxaenses tamb\u00e9m fizeram parte da FEB e o 2\u00ba Tenente Reformado Francisco Matias de Oliveira era o \u00faltimo pracinha vivo. Em vida, recebeu in\u00fameras homenagens pelo ato de hero\u00edsmo, patriotismo e amor \u00e0 nossa Na\u00e7\u00e3o.<\/p>\n","protected":false},"excerpt":{"rendered":"<p>A Prefeitura de Arax\u00e1 decretou luto oficial de tr\u00eas dias, nos dias 9, 10 e 11 de dezembro de 2024,<\/p>\n","protected":false},"author":2,"featured_media":8053,"comment_status":"open","ping_status":"open","sticky":false,"template":"","format":"standard","meta":{"footnotes":""},"categories":[9,11],"tags":[],"class_list":["post-8052","post","type-post","status-publish","format-standard","has-post-thumbnail","hentry","category-araxa","category-destaques"],"_links":{"self":[{"href":"http:\/\/blogdoarmindomaia.com.br\/index.php?rest_route=\/wp\/v2\/posts\/8052","targetHints":{"allow":["GET"]}}],"collection":[{"href":"http:\/\/blogdoarmindomaia.com.br\/index.php?rest_route=\/wp\/v2\/posts"}],"about":[{"href":"http:\/\/blogdoarmindomaia.com.br\/index.php?rest_route=\/wp\/v2\/types\/post"}],"author":[{"embeddable":true,"href":"http:\/\/blogdoarmindomaia.com.br\/index.php?rest_route=\/wp\/v2\/users\/2"}],"replies":[{"embeddable":true,"href":"http:\/\/blogdoarmindomaia.com.br\/index.php?rest_route=%2Fwp%2Fv2%2Fcomments&post=8052"}],"version-history":[{"count":1,"href":"http:\/\/blogdoarmindomaia.com.br\/index.php?rest_route=\/wp\/v2\/posts\/8052\/revisions"}],"predecessor-version":[{"id":8054,"href":"http:\/\/blogdoarmindomaia.com.br\/index.php?rest_route=\/wp\/v2\/posts\/8052\/revisions\/8054"}],"wp:featuredmedia":[{"embeddable":true,"href":"http:\/\/blogdoarmindomaia.com.br\/index.php?rest_route=\/wp\/v2\/media\/8053"}],"wp:attachment":[{"href":"http:\/\/blogdoarmindomaia.com.br\/index.php?rest_route=%2Fwp%2Fv2%2Fmedia&parent=8052"}],"wp:term":[{"taxonomy":"category","embeddable":true,"href":"http:\/\/blogdoarmindomaia.com.br\/index.php?rest_route=%2Fwp%2Fv2%2Fcategories&post=8052"},{"taxonomy":"post_tag","embeddable":true,"href":"http:\/\/blogdoarmindomaia.com.br\/index.php?rest_route=%2Fwp%2Fv2%2Ftags&post=8052"}],"curies":[{"name":"wp","href":"https:\/\/api.w.org\/{rel}","templated":true}]}}