{"id":806,"date":"2022-05-10T22:37:59","date_gmt":"2022-05-11T01:37:59","guid":{"rendered":"http:\/\/blogdoarmindomaia.com.br\/?p=806"},"modified":"2022-05-10T22:38:01","modified_gmt":"2022-05-11T01:38:01","slug":"10-fliaraxa-comeca-amanha-com-programacao-on-line-e-presencial%ef%bf%bc","status":"publish","type":"post","link":"http:\/\/blogdoarmindomaia.com.br\/?p=806","title":{"rendered":"10.\u00b0 Fliarax\u00e1 come\u00e7a amanh\u00e3 com programa\u00e7\u00e3o on-line e presencial\ufffc"},"content":{"rendered":"\n<figure class=\"wp-block-image size-large is-style-default\"><img loading=\"lazy\" decoding=\"async\" width=\"678\" height=\"1024\" src=\"http:\/\/blogdoarmindomaia.com.br\/wp-content\/uploads\/2022\/05\/Fernando-Rabelo-Foto-de-Fernando-Rabelo-678x1024.jpeg\" alt=\"\" class=\"wp-image-808\" srcset=\"http:\/\/blogdoarmindomaia.com.br\/wp-content\/uploads\/2022\/05\/Fernando-Rabelo-Foto-de-Fernando-Rabelo-678x1024.jpeg 678w, http:\/\/blogdoarmindomaia.com.br\/wp-content\/uploads\/2022\/05\/Fernando-Rabelo-Foto-de-Fernando-Rabelo-199x300.jpeg 199w, http:\/\/blogdoarmindomaia.com.br\/wp-content\/uploads\/2022\/05\/Fernando-Rabelo-Foto-de-Fernando-Rabelo-768x1161.jpeg 768w, http:\/\/blogdoarmindomaia.com.br\/wp-content\/uploads\/2022\/05\/Fernando-Rabelo-Foto-de-Fernando-Rabelo.jpeg 847w\" sizes=\"auto, (max-width: 678px) 100vw, 678px\" \/><\/figure>\n\n\n\n<figure class=\"wp-block-image size-large is-style-default\"><img loading=\"lazy\" decoding=\"async\" width=\"1024\" height=\"682\" src=\"http:\/\/blogdoarmindomaia.com.br\/wp-content\/uploads\/2022\/05\/Espeta\u0301culo-Retalhos-de-Histo\u0301ria-do-Coletivo-Teatral-Deu-Na-Telha-foto-divulgac\u0327a\u0303o-1024x682.jpeg\" alt=\"\" class=\"wp-image-807\" srcset=\"http:\/\/blogdoarmindomaia.com.br\/wp-content\/uploads\/2022\/05\/Espeta\u0301culo-Retalhos-de-Histo\u0301ria-do-Coletivo-Teatral-Deu-Na-Telha-foto-divulgac\u0327a\u0303o-1024x682.jpeg 1024w, http:\/\/blogdoarmindomaia.com.br\/wp-content\/uploads\/2022\/05\/Espeta\u0301culo-Retalhos-de-Histo\u0301ria-do-Coletivo-Teatral-Deu-Na-Telha-foto-divulgac\u0327a\u0303o-300x200.jpeg 300w, http:\/\/blogdoarmindomaia.com.br\/wp-content\/uploads\/2022\/05\/Espeta\u0301culo-Retalhos-de-Histo\u0301ria-do-Coletivo-Teatral-Deu-Na-Telha-foto-divulgac\u0327a\u0303o-768x512.jpeg 768w, http:\/\/blogdoarmindomaia.com.br\/wp-content\/uploads\/2022\/05\/Espeta\u0301culo-Retalhos-de-Histo\u0301ria-do-Coletivo-Teatral-Deu-Na-Telha-foto-divulgac\u0327a\u0303o.jpeg 1280w\" sizes=\"auto, (max-width: 1024px) 100vw, 1024px\" \/><\/figure>\n\n\n\n<p>Amanh\u00e3, 11 de maio, come\u00e7a o 10.\u00b0 Festival Liter\u00e1rio de Arax\u00e1 \u2013 Fliarax\u00e1. Esta edi\u00e7\u00e3o conta tanto com programa\u00e7\u00e3o on-line quanto presencial, em diversos locais de Arax\u00e1, como o Teatro Municipal Maximiliano Rocha, o Grande Hotel e o Parque do Cristo. O Festival, que vai at\u00e9 o dia 15 de maio, domingo, coloca em debate quest\u00f5es raciais e relacionadas \u00e0 hist\u00f3ria da forma\u00e7\u00e3o do pa\u00eds, a partir do tema \u201cAboli\u00e7\u00e3o, Independ\u00eancia e Literatura\u201d.&nbsp;<\/p>\n\n\n\n<p>A abertura oficial presencial do evento acontecer\u00e1 \u00e0s 18h30, no Palco Itamar Vieira Junior &#8211; localizado no Grande Hotel no Barreiro, com a presen\u00e7a do idealizador do Festival, Afonso Borges, do escritor e curador desta edi\u00e7\u00e3o do Fliarax\u00e1, Tom Farias e do escritor Jeferson Ten\u00f3rio, vencedor do Pr\u00eamio Jabuti de 2021.&nbsp;<\/p>\n\n\n\n<p>A abertura on line do Fliarax\u00e1, com Danilo Miranda, acontecer\u00e1 \u00e0s 19 horas, com transmiss\u00e3o pelo canal do Youtube e&nbsp;pelo Facebook do Fliarax\u00e1. Em seguida, o destaque vai para o bate-papo virtual entre os escritores Jeferson Ten\u00f3rio e Tom Farias, \u00e0s 20h. Eles conversam sobre o tema \u201c\u00c0 flor da pele: racismo sob foco da literatura\u201d. J\u00e1 as atividades presenciais contam com programa\u00e7\u00e3o infantil, musical, oficina e slam.<\/p>\n\n\n\n<p>Confira, a seguir, a programa\u00e7\u00e3o completa do primeiro dia do evento:<\/p>\n\n\n\n<p>Quarta-feira, 11 de maio:<\/p>\n\n\n\n<p><strong>Programa<\/strong><strong>\u00e7\u00e3<\/strong><strong>o on-line:<\/strong><strong><\/strong><\/p>\n\n\n\n<p>19h \u2013 Abertura \u2013 Danilo Miranda e Afonso Borges<\/p>\n\n\n\n<p>20h \u2013 \u00c0 flor da pele: racismo sob foco da literatura \u2013 Jeferson Ten\u00f3rio e Tom Farias<\/p>\n\n\n\n<p><strong>Programa<\/strong><strong>\u00e7\u00e3<\/strong><strong>o presencial*:<\/strong><strong><\/strong><\/p>\n\n\n\n<p>9h \u2013 Espet\u00e1culo infantil \u201cRetalhos de hist\u00f3ria\u201d, do Coletivo Teatral Deu Na Telha \u2013 Palco Jeferson Ten\u00f3rio<\/p>\n\n\n\n<p>14h \u2013 Espet\u00e1culo infantil \u201cRetalhos de hist\u00f3ria\u201d, do Coletivo Teatral Deu Na Telha \u2013 Palco Jeferson Ten\u00f3rio<\/p>\n\n\n\n<p>Das 18h \u00e0s 21h \u2013 Oficina \u201cFyca Rika Favelinha\u201d \u2013 Palco Jeferson Ten\u00f3rio<\/p>\n\n\n\n<p>18h30 \u2013 Abertura Oficial do 10.\u00b0 Fliarax\u00e1 \u2013 Afonso Borges e Tom Farias \u2013 Palco Itamar Vieira Junior<\/p>\n\n\n\n<p>19h \u2013 Homenagem \u2013 \u201cAutora Homenageada Local\u201d Vilma Cunha Duarte \u2013 Homenagens, com leitura de poesias, aldravias e apresenta\u00e7\u00e3o musical \u2013 Palco Itamar Vieira Junior<\/p>\n\n\n\n<p>Das 19h \u00e0s 20h \u2013 \u201cSlam das Minas\u201d \u2013 Palco Carolina Maria de Jesus<\/p>\n\n\n\n<p>21h \u2013 Ana Carvalho \u2013 Palco Gastronomia (Palco do Festival Saberes e Sabores)<\/p>\n\n\n\n<p>22h \u2013 Mulheres 5.\u00ba Sol \u2013 Palco Gastronomia (Palco do Festival Saberes e Sabores)<\/p>\n\n\n\n<p>*A programa\u00e7\u00e3o presencial do 10.\u00b0 Fliarax\u00e1 acontece de forma descentralizada, em diversos lugares da cidade: Grande Hotel, Teatro Municipal Maximiliano Rocha, Parque do Cristo e Funda\u00e7\u00e3o Cultural Calmon Barreto.<\/p>\n\n\n\n<p>\u2013 Palco Maria Firmina dos Reis (Cine Theatro Tiradentes, localizado dentro do Grande Hotel Termas de Arax\u00e1)<\/p>\n\n\n\n<p>\u2013 Palco Itamar Vieira Junior (Arena Barreiro \u2013 montagem na \u00e1rea externa do Grande Hotel Termas de Arax\u00e1)<\/p>\n\n\n\n<p>\u2013 Palco Carolina Maria de Jesus (montagem na \u00e1rea externa do Teatro Municipal Maximiliano Rocha, no Centro de Arax\u00e1)<\/p>\n\n\n\n<p>\u2013 Palco Jeferson Ten\u00f3rio (localizado na \u00e1rea interna do Teatro Municipal Maximiliano Rocha, no Centro de Arax\u00e1)<\/p>\n\n\n\n<p>\u2013 Espa\u00e7o Entre-\u00c1rvores 1 (localizado na \u00e1rea externa do Grande Hotel Termas de Arax\u00e1, no Barreiro)<\/p>\n\n\n\n<p>\u2013 Espa\u00e7o Entre-\u00c1rvores 2 (localizado na \u00e1rea externa do Grande Hotel Termas de Arax\u00e1, no Barreiro)<\/p>\n\n\n\n<p>\u2013 Coreto no Barreiro (localizado na \u00e1rea externa do Grande Hotel Termas de Arax\u00e1, no Barreiro)<\/p>\n\n\n\n<p>\u2013 Espa\u00e7o Tom Farias (espa\u00e7o de aut\u00f3grafos localizado na \u00e1rea externa do Grande Hotel Termas de Arax\u00e1, no Barreiro)<\/p>\n\n\n\n<p>\u2013 Parque do Cristo (Avenida Washington Barcelos, n\u00famero 225, Arax\u00e1)<\/p>\n\n\n\n<ul class=\"wp-block-list\"><li>Palco Gastronomia (Palco do Festival Saberes e Sabores, localizado na \u00e1rea externa do Grande Hotel Termas de Arax\u00e1, no Barreiro)<\/li><\/ul>\n","protected":false},"excerpt":{"rendered":"<p>Amanh\u00e3, 11 de maio, come\u00e7a o 10.\u00b0 Festival Liter\u00e1rio de Arax\u00e1 \u2013 Fliarax\u00e1. Esta edi\u00e7\u00e3o conta tanto com programa\u00e7\u00e3o on-line<\/p>\n","protected":false},"author":2,"featured_media":807,"comment_status":"open","ping_status":"open","sticky":false,"template":"","format":"standard","meta":{"footnotes":""},"categories":[9,5],"tags":[],"class_list":["post-806","post","type-post","status-publish","format-standard","has-post-thumbnail","hentry","category-araxa","category-arte-e-cultura"],"_links":{"self":[{"href":"http:\/\/blogdoarmindomaia.com.br\/index.php?rest_route=\/wp\/v2\/posts\/806","targetHints":{"allow":["GET"]}}],"collection":[{"href":"http:\/\/blogdoarmindomaia.com.br\/index.php?rest_route=\/wp\/v2\/posts"}],"about":[{"href":"http:\/\/blogdoarmindomaia.com.br\/index.php?rest_route=\/wp\/v2\/types\/post"}],"author":[{"embeddable":true,"href":"http:\/\/blogdoarmindomaia.com.br\/index.php?rest_route=\/wp\/v2\/users\/2"}],"replies":[{"embeddable":true,"href":"http:\/\/blogdoarmindomaia.com.br\/index.php?rest_route=%2Fwp%2Fv2%2Fcomments&post=806"}],"version-history":[{"count":1,"href":"http:\/\/blogdoarmindomaia.com.br\/index.php?rest_route=\/wp\/v2\/posts\/806\/revisions"}],"predecessor-version":[{"id":809,"href":"http:\/\/blogdoarmindomaia.com.br\/index.php?rest_route=\/wp\/v2\/posts\/806\/revisions\/809"}],"wp:featuredmedia":[{"embeddable":true,"href":"http:\/\/blogdoarmindomaia.com.br\/index.php?rest_route=\/wp\/v2\/media\/807"}],"wp:attachment":[{"href":"http:\/\/blogdoarmindomaia.com.br\/index.php?rest_route=%2Fwp%2Fv2%2Fmedia&parent=806"}],"wp:term":[{"taxonomy":"category","embeddable":true,"href":"http:\/\/blogdoarmindomaia.com.br\/index.php?rest_route=%2Fwp%2Fv2%2Fcategories&post=806"},{"taxonomy":"post_tag","embeddable":true,"href":"http:\/\/blogdoarmindomaia.com.br\/index.php?rest_route=%2Fwp%2Fv2%2Ftags&post=806"}],"curies":[{"name":"wp","href":"https:\/\/api.w.org\/{rel}","templated":true}]}}