{"id":8078,"date":"2024-12-18T14:22:54","date_gmt":"2024-12-18T17:22:54","guid":{"rendered":"http:\/\/blogdoarmindomaia.com.br\/?p=8078"},"modified":"2024-12-18T14:22:56","modified_gmt":"2024-12-18T17:22:56","slug":"novo-reitor-do-uniaraxa-sera-empossado-em-fevereiro-de-2025","status":"publish","type":"post","link":"http:\/\/blogdoarmindomaia.com.br\/?p=8078","title":{"rendered":"Novo reitor do Uniarax\u00e1 ser\u00e1 empossado em fevereiro de 2025"},"content":{"rendered":"\n<figure class=\"wp-block-image size-large\"><img loading=\"lazy\" decoding=\"async\" width=\"1024\" height=\"963\" src=\"http:\/\/blogdoarmindomaia.com.br\/wp-content\/uploads\/2024\/12\/Novo-reitor-do-Uniaraxa-sera-empossado-em-fevereiro-de-2025-pag-09-1024x963.jpg\" alt=\"\" class=\"wp-image-8079\" srcset=\"http:\/\/blogdoarmindomaia.com.br\/wp-content\/uploads\/2024\/12\/Novo-reitor-do-Uniaraxa-sera-empossado-em-fevereiro-de-2025-pag-09-1024x963.jpg 1024w, http:\/\/blogdoarmindomaia.com.br\/wp-content\/uploads\/2024\/12\/Novo-reitor-do-Uniaraxa-sera-empossado-em-fevereiro-de-2025-pag-09-300x282.jpg 300w, http:\/\/blogdoarmindomaia.com.br\/wp-content\/uploads\/2024\/12\/Novo-reitor-do-Uniaraxa-sera-empossado-em-fevereiro-de-2025-pag-09-768x723.jpg 768w, http:\/\/blogdoarmindomaia.com.br\/wp-content\/uploads\/2024\/12\/Novo-reitor-do-Uniaraxa-sera-empossado-em-fevereiro-de-2025-pag-09.jpg 1421w\" sizes=\"auto, (max-width: 1024px) 100vw, 1024px\" \/><\/figure>\n\n\n\n<p>O Centro Universit\u00e1rio do Planalto de Arax\u00e1, elegeu o novo reitor para a gest\u00e3o 2025\/2029 no Uniarax\u00e1. O professor Dr. Fabr\u00edcio Borges Oliveira, atual presidente da Funda\u00e7\u00e3o Cultural de Arax\u00e1, foi eleito em outubro passado, e a partir de fevereiro do ano que vem ir\u00e1 ocupar o posto, que hoje tem como titular o professor Jos\u00e9 Oscar de Melo. Fabr\u00edcio Borges tamb\u00e9m \u00e9 o atual pr\u00f3-reitor de ensino do Uniarax\u00e1. A posse se dar\u00e1 no dia 03 de fevereiro de 2025, no Teatro CBMM, no Centro Cultural do Uniarax\u00e1, a partir das 18:30 horas. Em entrevista ao Jornal Intera\u00e7\u00e3o, o reitor eleito disse que, \u201c o que o processo de transi\u00e7\u00e3o ser\u00e1 uma continuidade da atual gest\u00e3o, com foco na lapida\u00e7\u00e3o dos caminhos j\u00e1 tra\u00e7ados, sem romper com o que foi constru\u00eddo at\u00e9 o momento\u201d. Entre os principais projetos da nova gest\u00e3o, est\u00e3o o aumento do portf\u00f3lio de cursos, a expans\u00e3o da atua\u00e7\u00e3o do Unianax\u00e1 para al\u00e9m de Arax\u00e1 e o fortalecimento da tradi\u00e7\u00e3o educacional da institui\u00e7\u00e3o. Um dos destaques \u00e9 a luta para trazer o curso de Medicina para Arax\u00e1, um processo que j\u00e1 duram dois anos e que, segundo Fabr\u00edcio, deve ser concretizado nos primeiros meses de 2025.\u00a0&#8220;A chegada do curso de Medicina em Arax\u00e1 vai virar uma chave, n\u00e3o s\u00f3 para a cidade, mas para toda a regi\u00e3o. Estamos muito pr\u00f3ximos de alcan\u00e7ar esse objetivo, que ter\u00e1 grande impacto na comunidade&#8221;, afirmou Fabr\u00edcio.<\/p>\n","protected":false},"excerpt":{"rendered":"<p>O Centro Universit\u00e1rio do Planalto de Arax\u00e1, elegeu o novo reitor para a gest\u00e3o 2025\/2029 no Uniarax\u00e1. O professor Dr.<\/p>\n","protected":false},"author":2,"featured_media":8079,"comment_status":"open","ping_status":"open","sticky":false,"template":"","format":"standard","meta":{"footnotes":""},"categories":[9,13],"tags":[],"class_list":["post-8078","post","type-post","status-publish","format-standard","has-post-thumbnail","hentry","category-araxa","category-educacao"],"_links":{"self":[{"href":"http:\/\/blogdoarmindomaia.com.br\/index.php?rest_route=\/wp\/v2\/posts\/8078","targetHints":{"allow":["GET"]}}],"collection":[{"href":"http:\/\/blogdoarmindomaia.com.br\/index.php?rest_route=\/wp\/v2\/posts"}],"about":[{"href":"http:\/\/blogdoarmindomaia.com.br\/index.php?rest_route=\/wp\/v2\/types\/post"}],"author":[{"embeddable":true,"href":"http:\/\/blogdoarmindomaia.com.br\/index.php?rest_route=\/wp\/v2\/users\/2"}],"replies":[{"embeddable":true,"href":"http:\/\/blogdoarmindomaia.com.br\/index.php?rest_route=%2Fwp%2Fv2%2Fcomments&post=8078"}],"version-history":[{"count":1,"href":"http:\/\/blogdoarmindomaia.com.br\/index.php?rest_route=\/wp\/v2\/posts\/8078\/revisions"}],"predecessor-version":[{"id":8080,"href":"http:\/\/blogdoarmindomaia.com.br\/index.php?rest_route=\/wp\/v2\/posts\/8078\/revisions\/8080"}],"wp:featuredmedia":[{"embeddable":true,"href":"http:\/\/blogdoarmindomaia.com.br\/index.php?rest_route=\/wp\/v2\/media\/8079"}],"wp:attachment":[{"href":"http:\/\/blogdoarmindomaia.com.br\/index.php?rest_route=%2Fwp%2Fv2%2Fmedia&parent=8078"}],"wp:term":[{"taxonomy":"category","embeddable":true,"href":"http:\/\/blogdoarmindomaia.com.br\/index.php?rest_route=%2Fwp%2Fv2%2Fcategories&post=8078"},{"taxonomy":"post_tag","embeddable":true,"href":"http:\/\/blogdoarmindomaia.com.br\/index.php?rest_route=%2Fwp%2Fv2%2Ftags&post=8078"}],"curies":[{"name":"wp","href":"https:\/\/api.w.org\/{rel}","templated":true}]}}