{"id":8090,"date":"2024-12-18T14:40:48","date_gmt":"2024-12-18T17:40:48","guid":{"rendered":"http:\/\/blogdoarmindomaia.com.br\/?p=8090"},"modified":"2024-12-18T14:40:51","modified_gmt":"2024-12-18T17:40:51","slug":"associacao-da-imprensa-araxaense-entrega-a-medalha-tulio-maneira-aos-destaques-de-2024","status":"publish","type":"post","link":"http:\/\/blogdoarmindomaia.com.br\/?p=8090","title":{"rendered":"Associa\u00e7\u00e3o da Imprensa Araxaense entrega a Medalha T\u00falio Maneira aos destaques de 2024"},"content":{"rendered":"\n<p><\/p>\n\n\n\n<figure class=\"wp-block-image size-large\"><img loading=\"lazy\" decoding=\"async\" width=\"771\" height=\"1024\" src=\"http:\/\/blogdoarmindomaia.com.br\/wp-content\/uploads\/2024\/12\/Caio-Carina-e-Armindo-771x1024.jpg\" alt=\"\" class=\"wp-image-8091\" srcset=\"http:\/\/blogdoarmindomaia.com.br\/wp-content\/uploads\/2024\/12\/Caio-Carina-e-Armindo-771x1024.jpg 771w, http:\/\/blogdoarmindomaia.com.br\/wp-content\/uploads\/2024\/12\/Caio-Carina-e-Armindo-226x300.jpg 226w, http:\/\/blogdoarmindomaia.com.br\/wp-content\/uploads\/2024\/12\/Caio-Carina-e-Armindo-768x1021.jpg 768w, http:\/\/blogdoarmindomaia.com.br\/wp-content\/uploads\/2024\/12\/Caio-Carina-e-Armindo-1156x1536.jpg 1156w, http:\/\/blogdoarmindomaia.com.br\/wp-content\/uploads\/2024\/12\/Caio-Carina-e-Armindo.jpg 1204w\" sizes=\"auto, (max-width: 771px) 100vw, 771px\" \/><\/figure>\n\n\n\n<figure class=\"wp-block-image size-full\"><img loading=\"lazy\" decoding=\"async\" width=\"1000\" height=\"752\" src=\"http:\/\/blogdoarmindomaia.com.br\/wp-content\/uploads\/2024\/12\/Associacao-da-Imprensa-Araxaense-entrega-a-Medalha-Tulio-Maneira-aos-destaques-de-2024-pag-03.jpg\" alt=\"\" class=\"wp-image-8092\" srcset=\"http:\/\/blogdoarmindomaia.com.br\/wp-content\/uploads\/2024\/12\/Associacao-da-Imprensa-Araxaense-entrega-a-Medalha-Tulio-Maneira-aos-destaques-de-2024-pag-03.jpg 1000w, http:\/\/blogdoarmindomaia.com.br\/wp-content\/uploads\/2024\/12\/Associacao-da-Imprensa-Araxaense-entrega-a-Medalha-Tulio-Maneira-aos-destaques-de-2024-pag-03-300x226.jpg 300w, http:\/\/blogdoarmindomaia.com.br\/wp-content\/uploads\/2024\/12\/Associacao-da-Imprensa-Araxaense-entrega-a-Medalha-Tulio-Maneira-aos-destaques-de-2024-pag-03-768x578.jpg 768w\" sizes=\"auto, (max-width: 1000px) 100vw, 1000px\" \/><\/figure>\n\n\n\n<p>Uma noite de festa para encerrar 2024 em alta. Assim foi considerada a entrega da Medalha T\u00falio Maneira aos profissionais de imprensa que se destacaram ao longo do ano. O evento promovido pela Associa\u00e7\u00e3o da Imprensa Araxaense (AIA) aconteceu na noite de segunda-feira, 16 de dezembro, no Brasa Casa R\u00fastica.&nbsp; O Pr\u00eamio T\u00falio Maneira foi institu\u00eddo em 2012 ap\u00f3s a funda\u00e7\u00e3o da AIA, em homenagem a um dos fundadores, T\u00falio Maneira, o Tulinho, como era chamado pelos amigos, que atuou por muitos anos em r\u00e1dio, assessoria de comunica\u00e7\u00e3o e outras \u00e1reas da imprensa. Todos os anos, na confraterniza\u00e7\u00e3o realizada pela AIA, personalidades da comunica\u00e7\u00e3o araxaense recebem o premio, como forma de homenagear e destacar o trabalho e a dedica\u00e7\u00e3o dos profissionais da comunica\u00e7\u00e3o. &nbsp;A entrega da honraria em 2024 foi feita aos comunicadores: Armindo Maia, Caio C\u00e9sar Aureliano e Carina Aurelina de Ara\u00fajo Rodrigues. Todos os pr\u00eamios foram entregues pelo presidente Walter J\u00fanior e pelos diretores da Associa\u00e7\u00e3o da Imprensa de Arax\u00e1. Tamb\u00e9m participaram da solenidade os familiares do saudoso Tulinho Maneira. Armindo Maia Neto come\u00e7ou a carreira em 1984 na R\u00e1dio Imbiara e no Jornal Correio de Arax\u00e1. Na sequ\u00eancia trabalhou nos Jornais Tempo, Das Gerais e O Planalto. Trabalhou por 19 anos como rep\u00f3rter, editor e apresentador do Globo Esporte, MGTV e MGRural na Rede Tri\u00e2ngulo, TV Jaguara, TV Uni\u00e3o, TV Ideal, TV Integra\u00e7\u00e3o, TV Ituiutaba, Patos de Minas, Uberl\u00e2ndia e Divin\u00f3polis. Atual tamb\u00e9m na Rede Globo de S\u00e3o Paulo e Belo Horizonte como rep\u00f3rter esportivo do Globo Esporte e Esporte Espetacular. Atuou como rep\u00f3rter no Jornal Arax\u00e1 e atualmente \u00e9 editor e rep\u00f3rter do Jornal Intera\u00e7\u00e3o. Atua tamb\u00e9m como \u00e2ncora no Programa Cidade Urgente da R\u00e1dio Cidade e tamb\u00e9m como editor no Blog do Armindo Maia.<\/p>\n\n\n\n<p>Caio C\u00e9sar Aureliano \u00e9 formado em jornalismo pela Universidade de Uberaba e como rep\u00f3rter teve passagens pelos jornais Portal Arax\u00e1, Jornal Arax\u00e1 e Di\u00e1rio de Arax\u00e1 e Di\u00e1rio Sintonia. Tamb\u00e9m fez parte da equipe de jornalismo do Jornal Intera\u00e7\u00e3o e atuou por cinco anos como assessor de comunica\u00e7\u00e3o da Prefeitura Municipal de Arax\u00e1. J\u00e1 assessorou a Ampara, Acora e a Associa\u00e7\u00e3o Esportiva D\u00ednamo. Atualmente \u00e9 rep\u00f3rter esportivo e de jornalismo da R\u00e1dio Imbiara 91,5 FM.<\/p>\n\n\n\n<p>Carina Ara\u00fajo \u00e9 formada h\u00e1 16 anos em jornalismo e publicidade pela Uniube com MBA em Comunica\u00e7\u00e3o e Marketing pela Funda\u00e7\u00e3o Get\u00falio Vargas. Atuou durante 14 anos na \u00e1rea de Comunica\u00e7\u00e3o Corporativa em grandes empresas multinacionais no setor de minera\u00e7\u00e3o como Bunge Fertilizantes e Vale Fertilizantes nas unidades de Arax\u00e1, Tapira e Catal\u00e3o. Em 2016 iniciou sua trajet\u00f3ria no Setor P\u00fablico atrav\u00e9s da Prefeitura de Arax\u00e1 e desde 2022 trabalha como coordenadora do Setor de Comunica\u00e7\u00e3o da Secretaria Municipal de Desenvolvimento Econ\u00f4mico de Arax\u00e1.<\/p>\n\n\n\n<p>Em nome da Associa\u00e7\u00e3o da Imprensa de Arax\u00e1 o presidente, radialista Walter J\u00fanior parabenizou todos os homenageados e destacou, \u201ca nossa classe da imprensa \u00e9 uma das institui\u00e7\u00f5es mais importantes que existem. N\u00f3s temos o poder de levar, trazer, mostrar e fazer acontecer fatos da nossa cidade, bem como em toda a nossa regi\u00e3o. Para mim, a outorga da Medalha Tulinho Maneira \u00e9 uma forma de referenciar e destacar o trabalho lindo que a imprensa realiza no dia a dia de nossa cidade. Portanto, parab\u00e9ns \u00e0 todos os homenageados e de igual forma \u00e0 todos os diretores e associados desta entidade t\u00e3o importante para a nossa cidade\u201d.<\/p>\n","protected":false},"excerpt":{"rendered":"<p>Uma noite de festa para encerrar 2024 em alta. Assim foi considerada a entrega da Medalha T\u00falio Maneira aos profissionais<\/p>\n","protected":false},"author":2,"featured_media":8092,"comment_status":"open","ping_status":"open","sticky":false,"template":"","format":"standard","meta":{"footnotes":""},"categories":[9,11],"tags":[],"class_list":["post-8090","post","type-post","status-publish","format-standard","has-post-thumbnail","hentry","category-araxa","category-destaques"],"_links":{"self":[{"href":"http:\/\/blogdoarmindomaia.com.br\/index.php?rest_route=\/wp\/v2\/posts\/8090","targetHints":{"allow":["GET"]}}],"collection":[{"href":"http:\/\/blogdoarmindomaia.com.br\/index.php?rest_route=\/wp\/v2\/posts"}],"about":[{"href":"http:\/\/blogdoarmindomaia.com.br\/index.php?rest_route=\/wp\/v2\/types\/post"}],"author":[{"embeddable":true,"href":"http:\/\/blogdoarmindomaia.com.br\/index.php?rest_route=\/wp\/v2\/users\/2"}],"replies":[{"embeddable":true,"href":"http:\/\/blogdoarmindomaia.com.br\/index.php?rest_route=%2Fwp%2Fv2%2Fcomments&post=8090"}],"version-history":[{"count":1,"href":"http:\/\/blogdoarmindomaia.com.br\/index.php?rest_route=\/wp\/v2\/posts\/8090\/revisions"}],"predecessor-version":[{"id":8093,"href":"http:\/\/blogdoarmindomaia.com.br\/index.php?rest_route=\/wp\/v2\/posts\/8090\/revisions\/8093"}],"wp:featuredmedia":[{"embeddable":true,"href":"http:\/\/blogdoarmindomaia.com.br\/index.php?rest_route=\/wp\/v2\/media\/8092"}],"wp:attachment":[{"href":"http:\/\/blogdoarmindomaia.com.br\/index.php?rest_route=%2Fwp%2Fv2%2Fmedia&parent=8090"}],"wp:term":[{"taxonomy":"category","embeddable":true,"href":"http:\/\/blogdoarmindomaia.com.br\/index.php?rest_route=%2Fwp%2Fv2%2Fcategories&post=8090"},{"taxonomy":"post_tag","embeddable":true,"href":"http:\/\/blogdoarmindomaia.com.br\/index.php?rest_route=%2Fwp%2Fv2%2Ftags&post=8090"}],"curies":[{"name":"wp","href":"https:\/\/api.w.org\/{rel}","templated":true}]}}