{"id":810,"date":"2022-05-12T23:23:57","date_gmt":"2022-05-13T02:23:57","guid":{"rendered":"http:\/\/blogdoarmindomaia.com.br\/?p=810"},"modified":"2022-05-12T23:23:59","modified_gmt":"2022-05-13T02:23:59","slug":"prefeitura-de-araxa-apresenta-proposta-de-melhoria-do-transito-no-setor-norte-durante-reuniao-com-moradores-e-comerciantes","status":"publish","type":"post","link":"http:\/\/blogdoarmindomaia.com.br\/?p=810","title":{"rendered":"Prefeitura de Arax\u00e1 apresenta proposta de melhoria do tr\u00e2nsito no Setor Norte durante reuni\u00e3o com moradores e comerciantes"},"content":{"rendered":"\n<figure class=\"wp-block-image size-large is-style-default\"><img loading=\"lazy\" decoding=\"async\" width=\"1024\" height=\"682\" src=\"http:\/\/blogdoarmindomaia.com.br\/wp-content\/uploads\/2022\/05\/Transito-Setor-norte-com-Moradores-5-1024x682.jpeg\" alt=\"\" class=\"wp-image-814\" srcset=\"http:\/\/blogdoarmindomaia.com.br\/wp-content\/uploads\/2022\/05\/Transito-Setor-norte-com-Moradores-5-1024x682.jpeg 1024w, http:\/\/blogdoarmindomaia.com.br\/wp-content\/uploads\/2022\/05\/Transito-Setor-norte-com-Moradores-5-300x200.jpeg 300w, http:\/\/blogdoarmindomaia.com.br\/wp-content\/uploads\/2022\/05\/Transito-Setor-norte-com-Moradores-5-768x512.jpeg 768w, http:\/\/blogdoarmindomaia.com.br\/wp-content\/uploads\/2022\/05\/Transito-Setor-norte-com-Moradores-5.jpeg 1280w\" sizes=\"auto, (max-width: 1024px) 100vw, 1024px\" \/><\/figure>\n\n\n\n<figure class=\"wp-block-image size-large is-style-default\"><img loading=\"lazy\" decoding=\"async\" width=\"1024\" height=\"682\" src=\"http:\/\/blogdoarmindomaia.com.br\/wp-content\/uploads\/2022\/05\/Transito-Setor-norte-com-Moradores-8-1024x682.jpeg\" alt=\"\" class=\"wp-image-813\" srcset=\"http:\/\/blogdoarmindomaia.com.br\/wp-content\/uploads\/2022\/05\/Transito-Setor-norte-com-Moradores-8-1024x682.jpeg 1024w, http:\/\/blogdoarmindomaia.com.br\/wp-content\/uploads\/2022\/05\/Transito-Setor-norte-com-Moradores-8-300x200.jpeg 300w, http:\/\/blogdoarmindomaia.com.br\/wp-content\/uploads\/2022\/05\/Transito-Setor-norte-com-Moradores-8-768x512.jpeg 768w, http:\/\/blogdoarmindomaia.com.br\/wp-content\/uploads\/2022\/05\/Transito-Setor-norte-com-Moradores-8.jpeg 1280w\" sizes=\"auto, (max-width: 1024px) 100vw, 1024px\" \/><\/figure>\n\n\n\n<figure class=\"wp-block-image size-large is-style-default\"><img loading=\"lazy\" decoding=\"async\" width=\"1024\" height=\"682\" src=\"http:\/\/blogdoarmindomaia.com.br\/wp-content\/uploads\/2022\/05\/Transito-Setor-norte-com-Moradores-4-1024x682.jpeg\" alt=\"\" class=\"wp-image-812\" srcset=\"http:\/\/blogdoarmindomaia.com.br\/wp-content\/uploads\/2022\/05\/Transito-Setor-norte-com-Moradores-4-1024x682.jpeg 1024w, http:\/\/blogdoarmindomaia.com.br\/wp-content\/uploads\/2022\/05\/Transito-Setor-norte-com-Moradores-4-300x200.jpeg 300w, http:\/\/blogdoarmindomaia.com.br\/wp-content\/uploads\/2022\/05\/Transito-Setor-norte-com-Moradores-4-768x512.jpeg 768w, http:\/\/blogdoarmindomaia.com.br\/wp-content\/uploads\/2022\/05\/Transito-Setor-norte-com-Moradores-4.jpeg 1280w\" sizes=\"auto, (max-width: 1024px) 100vw, 1024px\" \/><\/figure>\n\n\n\n<figure class=\"wp-block-image size-large is-style-default\"><img loading=\"lazy\" decoding=\"async\" width=\"1024\" height=\"682\" src=\"http:\/\/blogdoarmindomaia.com.br\/wp-content\/uploads\/2022\/05\/Transito-Setor-norte-com-Moradores-10-1024x682.jpeg\" alt=\"\" class=\"wp-image-811\" srcset=\"http:\/\/blogdoarmindomaia.com.br\/wp-content\/uploads\/2022\/05\/Transito-Setor-norte-com-Moradores-10-1024x682.jpeg 1024w, http:\/\/blogdoarmindomaia.com.br\/wp-content\/uploads\/2022\/05\/Transito-Setor-norte-com-Moradores-10-300x200.jpeg 300w, http:\/\/blogdoarmindomaia.com.br\/wp-content\/uploads\/2022\/05\/Transito-Setor-norte-com-Moradores-10-768x512.jpeg 768w, http:\/\/blogdoarmindomaia.com.br\/wp-content\/uploads\/2022\/05\/Transito-Setor-norte-com-Moradores-10.jpeg 1280w\" sizes=\"auto, (max-width: 1024px) 100vw, 1024px\" \/><\/figure>\n\n\n\n<p>O prefeito Robson Magela participou, nesta quinta-feira, (12), de uma reuni\u00e3o com moradores e comerciantes do bairro Urciano Lemos, organizada pelo vereador Jo\u00e3o Veras, para apresentar propostas de melhorias do tr\u00e2nsito no Setor Norte. O encontro foi realizado na associa\u00e7\u00e3o do bairro e contou tamb\u00e9m com a participa\u00e7\u00e3o dos secret\u00e1rios Daniel Rosa (Seguran\u00e7a P\u00fablica), \u00c2ngelo Fran\u00e7a (Obras P\u00fablicas e Mobilidade Urbana) e Ricardo Alexandre da Silva (Kak\u00e1 &#8211; Servi\u00e7os Urbanos).<\/p>\n\n\n\n<p>Os participantes conheceram um projeto pr\u00e9vio solicitado pela prefeitura junto a uma assessoria especializada para melhorias entre os cruzamentos das avenidas Dr. Pedro de Paula Lemos, Washington Barcelos, Danilo Cunha e ruas adjacentes, com o objetivo de melhorar o tr\u00e1fego, principalmente nos hor\u00e1rios de pico.<\/p>\n\n\n\n<p>Os moradores e comerciantes destacaram a import\u00e2ncia do encontro para que a popula\u00e7\u00e3o possa participar das a\u00e7\u00f5es da administra\u00e7\u00e3o. Na oportunidade, tamb\u00e9m apresentaram demandas. \u201c\u00c9 extremamente importante e necess\u00e1rio. Pois todos tiveram a oportunidade de expor o que realmente vivenciam no bairro. Na maioria das vezes, quem est\u00e1 em outra regi\u00e3o possui uma vis\u00e3o diferente\u201d, comentou a moradora Luciana Maria de Oliveira Natario.<\/p>\n\n\n\n<p>A comunidade ainda lembrou da \u00e1rea comercial do bairro e de sua import\u00e2ncia para a regi\u00e3o, sugerindo altera\u00e7\u00f5es como mais \u00e1reas para estacionamento e implanta\u00e7\u00e3o de travessias elevadas no lugar das rotat\u00f3rias da avenida Washington Barcelos, com o objetivo de dar mais seguran\u00e7a na travessia de pedestres.<\/p>\n\n\n\n<p>O prefeito Robson Magela ressaltou a oportunidade de dar voz \u00e0 popula\u00e7\u00e3o. \u201cN\u00f3s temos que realizar as mudan\u00e7as necess\u00e1rias juntos. \u00c9 escutar os moradores e comerciantes, que s\u00e3o os que mais sofrem diariamente com o impacto do tr\u00e2nsito. Obras demandam muito preparo e tempo, mas, com certeza, v\u00e3o trazer in\u00fameros benef\u00edcios aos moradores da regi\u00e3o. Os moradores e comerciantes concordaram com as mudan\u00e7as apresentadas e a prefeitura vai realiz\u00e1-las\u201d, disse.<\/p>\n","protected":false},"excerpt":{"rendered":"<p>O prefeito Robson Magela participou, nesta quinta-feira, (12), de uma reuni\u00e3o com moradores e comerciantes do bairro Urciano Lemos, organizada<\/p>\n","protected":false},"author":2,"featured_media":812,"comment_status":"open","ping_status":"open","sticky":false,"template":"","format":"standard","meta":{"footnotes":""},"categories":[9,11],"tags":[],"class_list":["post-810","post","type-post","status-publish","format-standard","has-post-thumbnail","hentry","category-araxa","category-destaques"],"_links":{"self":[{"href":"http:\/\/blogdoarmindomaia.com.br\/index.php?rest_route=\/wp\/v2\/posts\/810","targetHints":{"allow":["GET"]}}],"collection":[{"href":"http:\/\/blogdoarmindomaia.com.br\/index.php?rest_route=\/wp\/v2\/posts"}],"about":[{"href":"http:\/\/blogdoarmindomaia.com.br\/index.php?rest_route=\/wp\/v2\/types\/post"}],"author":[{"embeddable":true,"href":"http:\/\/blogdoarmindomaia.com.br\/index.php?rest_route=\/wp\/v2\/users\/2"}],"replies":[{"embeddable":true,"href":"http:\/\/blogdoarmindomaia.com.br\/index.php?rest_route=%2Fwp%2Fv2%2Fcomments&post=810"}],"version-history":[{"count":1,"href":"http:\/\/blogdoarmindomaia.com.br\/index.php?rest_route=\/wp\/v2\/posts\/810\/revisions"}],"predecessor-version":[{"id":815,"href":"http:\/\/blogdoarmindomaia.com.br\/index.php?rest_route=\/wp\/v2\/posts\/810\/revisions\/815"}],"wp:featuredmedia":[{"embeddable":true,"href":"http:\/\/blogdoarmindomaia.com.br\/index.php?rest_route=\/wp\/v2\/media\/812"}],"wp:attachment":[{"href":"http:\/\/blogdoarmindomaia.com.br\/index.php?rest_route=%2Fwp%2Fv2%2Fmedia&parent=810"}],"wp:term":[{"taxonomy":"category","embeddable":true,"href":"http:\/\/blogdoarmindomaia.com.br\/index.php?rest_route=%2Fwp%2Fv2%2Fcategories&post=810"},{"taxonomy":"post_tag","embeddable":true,"href":"http:\/\/blogdoarmindomaia.com.br\/index.php?rest_route=%2Fwp%2Fv2%2Ftags&post=810"}],"curies":[{"name":"wp","href":"https:\/\/api.w.org\/{rel}","templated":true}]}}