{"id":8111,"date":"2024-12-27T11:00:38","date_gmt":"2024-12-27T14:00:38","guid":{"rendered":"http:\/\/blogdoarmindomaia.com.br\/?p=8111"},"modified":"2024-12-27T11:00:41","modified_gmt":"2024-12-27T14:00:41","slug":"eleitos-de-araxa-tomam-posse-no-ano-novo","status":"publish","type":"post","link":"http:\/\/blogdoarmindomaia.com.br\/?p=8111","title":{"rendered":"Eleitos de Arax\u00e1 tomam posse no ano novo"},"content":{"rendered":"\n<figure class=\"wp-block-image size-full\"><img loading=\"lazy\" decoding=\"async\" width=\"597\" height=\"302\" src=\"http:\/\/blogdoarmindomaia.com.br\/wp-content\/uploads\/2024\/12\/Eleitos-de-Araxa-tomam-posse-no-ano-novo-pagh-09.png\" alt=\"\" class=\"wp-image-8112\" srcset=\"http:\/\/blogdoarmindomaia.com.br\/wp-content\/uploads\/2024\/12\/Eleitos-de-Araxa-tomam-posse-no-ano-novo-pagh-09.png 597w, http:\/\/blogdoarmindomaia.com.br\/wp-content\/uploads\/2024\/12\/Eleitos-de-Araxa-tomam-posse-no-ano-novo-pagh-09-300x152.png 300w\" sizes=\"auto, (max-width: 597px) 100vw, 597px\" \/><\/figure>\n\n\n\n<p>O dia primeiro de janeiro de 2025, n\u00e3o marcar\u00e1 apernas o in\u00edcio do novo ano. Em Arax\u00e1, ser\u00e1 tamb\u00e9m data da posse dos pol\u00edticos municipais eleitos para a gest\u00e3o 2025\/2028 \u2013 na C\u00e2mara Municipal e na Prefeitura. O evento ter\u00e1s como palco o Teatro CBMM, no Centro Cultural do Uniarax\u00e1 e vai acontecer no dia 1\u00ba de janeiro, a partir das 18 horas.<\/p>\n\n\n\n<p>A cerim\u00f4nia oficial coordenada pela C\u00e2mara Municipal de Arax\u00e1 vai chancelar a posse oficial do prefeito reeleito do vice (Bosco Jr.) e dos 15 vereadores eleitos e reeleitos, no pleito eleitoral municipal passado (<em>Alexandre Irm\u00e3os Paula<\/em><em><br>Chic\u00e3o Jesus Te Ama<br>Fernanda Castelha<br>C\u00e9sar Romero &#8211; Garrado<br>Investigador Rodrigo<br>Jairinho Borges<br>Jo\u00e3o Paulo da Filomena<br>Jo\u00e3o Veras<br>Kak\u00e1 da Mercearia<br><\/em><em>Marciony Sucesso<\/em><em><br>Maristela Dutra<br>Professor Jales<br>Raphael Rios<br>Roberto do Sindicato<br>Rodrigo do Comercial Aeroporto<\/em> ).<\/p>\n\n\n\n<p>Na mesma solenidade, ap\u00f3s a posse, vai acontecer a elei\u00e7\u00e3o para a escolha da nova mesa diretora da C\u00e2mara Municipal. O Processo ser\u00e1 coordenado pelo vereador Raphael Rios, o eleito mais votado para o Legislativo araxaense.<\/p>\n\n\n\n<p>At\u00e9 o fechamento desta edi\u00e7\u00e3o, tr\u00eas vereadores concorriam ao cargo de presidente da Casa de Leis de Arax\u00e1: Raphael Rios, Roberto do Sindicato e Jairinho Borges.&nbsp;&nbsp; &nbsp;<\/p>\n","protected":false},"excerpt":{"rendered":"<p>O dia primeiro de janeiro de 2025, n\u00e3o marcar\u00e1 apernas o in\u00edcio do novo ano. Em Arax\u00e1, ser\u00e1 tamb\u00e9m data<\/p>\n","protected":false},"author":2,"featured_media":8112,"comment_status":"open","ping_status":"open","sticky":false,"template":"","format":"standard","meta":{"footnotes":""},"categories":[9,11],"tags":[],"class_list":["post-8111","post","type-post","status-publish","format-standard","has-post-thumbnail","hentry","category-araxa","category-destaques"],"_links":{"self":[{"href":"http:\/\/blogdoarmindomaia.com.br\/index.php?rest_route=\/wp\/v2\/posts\/8111","targetHints":{"allow":["GET"]}}],"collection":[{"href":"http:\/\/blogdoarmindomaia.com.br\/index.php?rest_route=\/wp\/v2\/posts"}],"about":[{"href":"http:\/\/blogdoarmindomaia.com.br\/index.php?rest_route=\/wp\/v2\/types\/post"}],"author":[{"embeddable":true,"href":"http:\/\/blogdoarmindomaia.com.br\/index.php?rest_route=\/wp\/v2\/users\/2"}],"replies":[{"embeddable":true,"href":"http:\/\/blogdoarmindomaia.com.br\/index.php?rest_route=%2Fwp%2Fv2%2Fcomments&post=8111"}],"version-history":[{"count":1,"href":"http:\/\/blogdoarmindomaia.com.br\/index.php?rest_route=\/wp\/v2\/posts\/8111\/revisions"}],"predecessor-version":[{"id":8113,"href":"http:\/\/blogdoarmindomaia.com.br\/index.php?rest_route=\/wp\/v2\/posts\/8111\/revisions\/8113"}],"wp:featuredmedia":[{"embeddable":true,"href":"http:\/\/blogdoarmindomaia.com.br\/index.php?rest_route=\/wp\/v2\/media\/8112"}],"wp:attachment":[{"href":"http:\/\/blogdoarmindomaia.com.br\/index.php?rest_route=%2Fwp%2Fv2%2Fmedia&parent=8111"}],"wp:term":[{"taxonomy":"category","embeddable":true,"href":"http:\/\/blogdoarmindomaia.com.br\/index.php?rest_route=%2Fwp%2Fv2%2Fcategories&post=8111"},{"taxonomy":"post_tag","embeddable":true,"href":"http:\/\/blogdoarmindomaia.com.br\/index.php?rest_route=%2Fwp%2Fv2%2Ftags&post=8111"}],"curies":[{"name":"wp","href":"https:\/\/api.w.org\/{rel}","templated":true}]}}